{"id":68,"date":"2017-11-23T11:17:55","date_gmt":"2017-11-23T10:17:55","guid":{"rendered":"https:\/\/www.medela-vital.de\/blog\/?p=68"},"modified":"2021-03-07T17:15:53","modified_gmt":"2021-03-07T16:15:53","slug":"mit-vitalpilzen-erfolgreich-hautprobleme-bekaempfen","status":"publish","type":"post","link":"https:\/\/www.medela-vital.de\/blog\/mit-vitalpilzen-erfolgreich-hautprobleme-bekaempfen\/","title":{"rendered":"Mit Vitalpilzen erfolgreich Hautprobleme bek\u00e4mpfen!"},"content":{"rendered":"<p>&nbsp;<\/p>\n<p><img loading=\"lazy\" decoding=\"async\" class=\"aligncenter wp-image-69 size-medium\" src=\"https:\/\/www.medela-vital.de\/blog\/wp-content\/uploads\/2017\/11\/acne-1606765_1920-300x200.jpg\" alt=\"unreine Haut\" width=\"300\" height=\"200\" srcset=\"https:\/\/www.medela-vital.de\/blog\/wp-content\/uploads\/2017\/11\/acne-1606765_1920-300x200.jpg 300w, https:\/\/www.medela-vital.de\/blog\/wp-content\/uploads\/2017\/11\/acne-1606765_1920-768x512.jpg 768w, https:\/\/www.medela-vital.de\/blog\/wp-content\/uploads\/2017\/11\/acne-1606765_1920-1024x683.jpg 1024w, https:\/\/www.medela-vital.de\/blog\/wp-content\/uploads\/2017\/11\/acne-1606765_1920.jpg 1920w\" sizes=\"auto, (max-width: 300px) 100vw, 300px\" \/><\/p>\n<h2 style=\"text-align: center;\"><span style=\"color: #800000;\"><em><strong>&#8222;Die Haut ist der Spiegel der Seele!&#8220;<\/strong><\/em><\/span><\/h2>\n<p style=\"text-align: center;\">Unser gr\u00f6\u00dftes Organ ist unsere Haut.<\/p>\n<p style=\"text-align: center;\">Sie sch\u00fctzt uns vor Umwelteinfl\u00fcssen, reguliert die K\u00f6rperw\u00e4rme und ist f\u00fcr Empfindungen von Ber\u00fchrungen zust\u00e4ndig.<\/p>\n<p style=\"text-align: center;\">Hormonumstellungen, Stress, falsche Ern\u00e4hrung und Unvertr\u00e4glichkeiten, sind nur einige Faktoren,<\/p>\n<p style=\"text-align: center;\">weshalb auch immer mehr Erwachsene unter Akne leiden.<\/p>\n<p><!--more--><\/p>\n<p style=\"text-align: center;\">Man sollte auf jeden Fall einen Hautspezialisten aufsuchen, um die Ursachen abzukl\u00e4ren und Krankheiten auszuschlie\u00dfen.<\/p>\n<p style=\"text-align: center;\">Da Vitalpilze keine Nebenwirkungen haben und regulierend auf den gesamten K\u00f6rper wirken,<\/p>\n<p style=\"text-align: center;\">kann man die Vitalpilze sowohl vorbeugend, als auch bei Bedarf einnehmen,<\/p>\n<p style=\"text-align: center;\">Ein gesundes Immunsystem, ein Hormonsystem, welches im Gleichgewicht ist und eine gesunde Darmflora<\/p>\n<p style=\"text-align: center;\">sind das Geheimnis gesunder Haut.<\/p>\n<p>&nbsp;<\/p>\n<p style=\"text-align: center;\">Oft und gerne wird der <a href=\"https:\/\/www.medela-vital.de\/reishi\/\"><strong>Reishi<\/strong><\/a> bei Hautproblemen empfohlen, da er entz\u00fcndungshemmend wirken soll und<\/p>\n<p style=\"text-align: center;\">die Regeneration von Zellen f\u00f6rdern soll.<\/p>\n<p style=\"text-align: center;\">Au\u00dferdem gelten der <a href=\"https:\/\/www.medela-vital.de\/agaricus\/\"><strong>Agaricus<\/strong><\/a>, <a href=\"https:\/\/www.medela-vital.de\/auricularia\/\"><strong>Auricularia<\/strong><\/a> und der <a href=\"https:\/\/www.medela-vital.de\/hericium\/\"><strong>Hericium<\/strong><\/a> als Helfer f\u00fcr eine gesunde Haut.<\/p>\n<p style=\"text-align: center;\">Der <a href=\"https:\/\/www.medela-vital.de\/polyporus\/\"><strong>Polyporus<\/strong><\/a> Vitalpilz ist f\u00fcr gesundes Haar und eine gesunde Haut sehr zu empfehlen!<\/p>\n<p style=\"text-align: center;\">Der Pilz <a href=\"https:\/\/www.medela-vital.de\/pleurotus\/\"><strong>Pleurotus <\/strong><\/a>st\u00e4rkt die Darmflora zus\u00e4tzlich, indem er das Wachstum der von der Darmschleim\u00adhaut ben\u00f6tigten probiotischen Bakterien unterst\u00fctzt.<\/p>\n<h2 style=\"text-align: center;\"><\/h2>\n<p>&nbsp;<\/p>\n","protected":false},"excerpt":{"rendered":"<p>&nbsp; &#8222;Die Haut ist der Spiegel der Seele!&#8220; Unser gr\u00f6\u00dftes Organ ist unsere Haut. Sie sch\u00fctzt uns vor Umwelteinfl\u00fcssen, reguliert die K\u00f6rperw\u00e4rme und ist f\u00fcr Empfindungen von Ber\u00fchrungen zust\u00e4ndig. Hormonumstellungen, Stress, falsche Ern\u00e4hrung und Unvertr\u00e4glichkeiten, sind nur einige Faktoren, weshalb auch immer mehr Erwachsene unter Akne leiden.<\/p>\n","protected":false},"author":2,"featured_media":0,"comment_status":"closed","ping_status":"open","sticky":false,"template":"","format":"standard","meta":{"footnotes":""},"categories":[1],"tags":[],"class_list":["post-68","post","type-post","status-publish","format-standard","hentry","category-allgemein"],"yoast_head":"<!-- This site is optimized with the Yoast SEO plugin v27.5 - https:\/\/yoast.com\/product\/yoast-seo-wordpress\/ -->\n<title>Mit Vitalpilzen erfolgreich Hautprobleme bek\u00e4mpfen! - medela-vital<\/title>\n<meta name=\"description\" content=\"Mit unseren Vitalpilzen k\u00f6nnen Sie l\u00e4stige Akne und Hautunreinheiten loswerden und das Hautbild nachhaltig und von innen heraus verbessern\" \/>\n<meta name=\"robots\" content=\"index, follow, max-snippet:-1, max-image-preview:large, max-video-preview:-1\" \/>\n<link rel=\"canonical\" href=\"https:\/\/www.medela-vital.de\/blog\/mit-vitalpilzen-erfolgreich-hautprobleme-bekaempfen\/\" \/>\n<meta property=\"og:locale\" content=\"de_DE\" \/>\n<meta property=\"og:type\" content=\"article\" \/>\n<meta property=\"og:title\" content=\"Mit Vitalpilzen erfolgreich Hautprobleme bek\u00e4mpfen! - medela-vital\" \/>\n<meta property=\"og:description\" content=\"Mit unseren Vitalpilzen k\u00f6nnen Sie l\u00e4stige Akne und Hautunreinheiten loswerden und das Hautbild nachhaltig und von innen heraus verbessern\" \/>\n<meta property=\"og:url\" content=\"https:\/\/www.medela-vital.de\/blog\/mit-vitalpilzen-erfolgreich-hautprobleme-bekaempfen\/\" \/>\n<meta property=\"og:site_name\" content=\"medela-vital\" \/>\n<meta property=\"article:publisher\" content=\"https:\/\/de-de.facebook.com\/medelavital\/\" \/>\n<meta property=\"article:published_time\" content=\"2017-11-23T10:17:55+00:00\" \/>\n<meta property=\"article:modified_time\" content=\"2021-03-07T16:15:53+00:00\" \/>\n<meta property=\"og:image\" content=\"https:\/\/www.medela-vital.de\/blog\/wp-content\/uploads\/2017\/11\/acne-1606765_1920-300x200.jpg\" \/>\n<meta name=\"author\" content=\"Nadine Geier\" \/>\n<meta name=\"twitter:card\" content=\"summary_large_image\" \/>\n<meta name=\"twitter:label1\" content=\"Verfasst von\" \/>\n\t<meta name=\"twitter:data1\" content=\"Nadine Geier\" \/>\n\t<meta name=\"twitter:label2\" content=\"Gesch\u00e4tzte Lesezeit\" \/>\n\t<meta name=\"twitter:data2\" content=\"1\u00a0Minute\" \/>\n<script type=\"application\/ld+json\" class=\"yoast-schema-graph\">{\"@context\":\"https:\\\/\\\/schema.org\",\"@graph\":[{\"@type\":\"Article\",\"@id\":\"https:\\\/\\\/www.medela-vital.de\\\/blog\\\/mit-vitalpilzen-erfolgreich-hautprobleme-bekaempfen\\\/#article\",\"isPartOf\":{\"@id\":\"https:\\\/\\\/www.medela-vital.de\\\/blog\\\/mit-vitalpilzen-erfolgreich-hautprobleme-bekaempfen\\\/\"},\"author\":{\"name\":\"Nadine Geier\",\"@id\":\"https:\\\/\\\/www.medela-vital.de\\\/blog\\\/#\\\/schema\\\/person\\\/16abb051cea55a07709767e8a0117e9d\"},\"headline\":\"Mit Vitalpilzen erfolgreich Hautprobleme bek\u00e4mpfen!\",\"datePublished\":\"2017-11-23T10:17:55+00:00\",\"dateModified\":\"2021-03-07T16:15:53+00:00\",\"mainEntityOfPage\":{\"@id\":\"https:\\\/\\\/www.medela-vital.de\\\/blog\\\/mit-vitalpilzen-erfolgreich-hautprobleme-bekaempfen\\\/\"},\"wordCount\":202,\"publisher\":{\"@id\":\"https:\\\/\\\/www.medela-vital.de\\\/blog\\\/#organization\"},\"image\":{\"@id\":\"https:\\\/\\\/www.medela-vital.de\\\/blog\\\/mit-vitalpilzen-erfolgreich-hautprobleme-bekaempfen\\\/#primaryimage\"},\"thumbnailUrl\":\"https:\\\/\\\/www.medela-vital.de\\\/blog\\\/wp-content\\\/uploads\\\/2017\\\/11\\\/acne-1606765_1920-300x200.jpg\",\"inLanguage\":\"de\"},{\"@type\":\"WebPage\",\"@id\":\"https:\\\/\\\/www.medela-vital.de\\\/blog\\\/mit-vitalpilzen-erfolgreich-hautprobleme-bekaempfen\\\/\",\"url\":\"https:\\\/\\\/www.medela-vital.de\\\/blog\\\/mit-vitalpilzen-erfolgreich-hautprobleme-bekaempfen\\\/\",\"name\":\"Mit Vitalpilzen erfolgreich Hautprobleme bek\u00e4mpfen! - medela-vital\",\"isPartOf\":{\"@id\":\"https:\\\/\\\/www.medela-vital.de\\\/blog\\\/#website\"},\"primaryImageOfPage\":{\"@id\":\"https:\\\/\\\/www.medela-vital.de\\\/blog\\\/mit-vitalpilzen-erfolgreich-hautprobleme-bekaempfen\\\/#primaryimage\"},\"image\":{\"@id\":\"https:\\\/\\\/www.medela-vital.de\\\/blog\\\/mit-vitalpilzen-erfolgreich-hautprobleme-bekaempfen\\\/#primaryimage\"},\"thumbnailUrl\":\"https:\\\/\\\/www.medela-vital.de\\\/blog\\\/wp-content\\\/uploads\\\/2017\\\/11\\\/acne-1606765_1920-300x200.jpg\",\"datePublished\":\"2017-11-23T10:17:55+00:00\",\"dateModified\":\"2021-03-07T16:15:53+00:00\",\"description\":\"Mit unseren Vitalpilzen k\u00f6nnen Sie l\u00e4stige Akne und Hautunreinheiten loswerden und das Hautbild nachhaltig und von innen heraus verbessern\",\"breadcrumb\":{\"@id\":\"https:\\\/\\\/www.medela-vital.de\\\/blog\\\/mit-vitalpilzen-erfolgreich-hautprobleme-bekaempfen\\\/#breadcrumb\"},\"inLanguage\":\"de\",\"potentialAction\":[{\"@type\":\"ReadAction\",\"target\":[\"https:\\\/\\\/www.medela-vital.de\\\/blog\\\/mit-vitalpilzen-erfolgreich-hautprobleme-bekaempfen\\\/\"]}]},{\"@type\":\"ImageObject\",\"inLanguage\":\"de\",\"@id\":\"https:\\\/\\\/www.medela-vital.de\\\/blog\\\/mit-vitalpilzen-erfolgreich-hautprobleme-bekaempfen\\\/#primaryimage\",\"url\":\"https:\\\/\\\/www.medela-vital.de\\\/blog\\\/wp-content\\\/uploads\\\/2017\\\/11\\\/acne-1606765_1920.jpg\",\"contentUrl\":\"https:\\\/\\\/www.medela-vital.de\\\/blog\\\/wp-content\\\/uploads\\\/2017\\\/11\\\/acne-1606765_1920.jpg\",\"width\":1920,\"height\":1280},{\"@type\":\"BreadcrumbList\",\"@id\":\"https:\\\/\\\/www.medela-vital.de\\\/blog\\\/mit-vitalpilzen-erfolgreich-hautprobleme-bekaempfen\\\/#breadcrumb\",\"itemListElement\":[{\"@type\":\"ListItem\",\"position\":1,\"name\":\"Startseite\",\"item\":\"https:\\\/\\\/www.medela-vital.de\\\/blog\\\/\"},{\"@type\":\"ListItem\",\"position\":2,\"name\":\"Mit Vitalpilzen erfolgreich Hautprobleme bek\u00e4mpfen!\"}]},{\"@type\":\"WebSite\",\"@id\":\"https:\\\/\\\/www.medela-vital.de\\\/blog\\\/#website\",\"url\":\"https:\\\/\\\/www.medela-vital.de\\\/blog\\\/\",\"name\":\"medela-vital\",\"description\":\"Unser neuer Vitalpilze-Blog\",\"publisher\":{\"@id\":\"https:\\\/\\\/www.medela-vital.de\\\/blog\\\/#organization\"},\"potentialAction\":[{\"@type\":\"SearchAction\",\"target\":{\"@type\":\"EntryPoint\",\"urlTemplate\":\"https:\\\/\\\/www.medela-vital.de\\\/blog\\\/?s={search_term_string}\"},\"query-input\":{\"@type\":\"PropertyValueSpecification\",\"valueRequired\":true,\"valueName\":\"search_term_string\"}}],\"inLanguage\":\"de\"},{\"@type\":\"Organization\",\"@id\":\"https:\\\/\\\/www.medela-vital.de\\\/blog\\\/#organization\",\"name\":\"Medela-vital\",\"url\":\"https:\\\/\\\/www.medela-vital.de\\\/blog\\\/\",\"logo\":{\"@type\":\"ImageObject\",\"inLanguage\":\"de\",\"@id\":\"https:\\\/\\\/www.medela-vital.de\\\/blog\\\/#\\\/schema\\\/logo\\\/image\\\/\",\"url\":\"https:\\\/\\\/www.medela-vital.de\\\/blog\\\/wp-content\\\/uploads\\\/2017\\\/12\\\/logo-medela-vital_logo.png\",\"contentUrl\":\"https:\\\/\\\/www.medela-vital.de\\\/blog\\\/wp-content\\\/uploads\\\/2017\\\/12\\\/logo-medela-vital_logo.png\",\"width\":739,\"height\":273,\"caption\":\"Medela-vital\"},\"image\":{\"@id\":\"https:\\\/\\\/www.medela-vital.de\\\/blog\\\/#\\\/schema\\\/logo\\\/image\\\/\"},\"sameAs\":[\"https:\\\/\\\/de-de.facebook.com\\\/medelavital\\\/\"]},{\"@type\":\"Person\",\"@id\":\"https:\\\/\\\/www.medela-vital.de\\\/blog\\\/#\\\/schema\\\/person\\\/16abb051cea55a07709767e8a0117e9d\",\"name\":\"Nadine Geier\",\"image\":{\"@type\":\"ImageObject\",\"inLanguage\":\"de\",\"@id\":\"https:\\\/\\\/secure.gravatar.com\\\/avatar\\\/92f1221f9fe110245bd315644e646de046d9246fade9f84be1b709ca4aacf355?s=96&d=mm&r=g\",\"url\":\"https:\\\/\\\/secure.gravatar.com\\\/avatar\\\/92f1221f9fe110245bd315644e646de046d9246fade9f84be1b709ca4aacf355?s=96&d=mm&r=g\",\"contentUrl\":\"https:\\\/\\\/secure.gravatar.com\\\/avatar\\\/92f1221f9fe110245bd315644e646de046d9246fade9f84be1b709ca4aacf355?s=96&d=mm&r=g\",\"caption\":\"Nadine Geier\"},\"sameAs\":[\"http:\\\/\\\/www.medela-vital.de\"]}]}<\/script>\n<!-- \/ Yoast SEO plugin. -->","yoast_head_json":{"title":"Mit Vitalpilzen erfolgreich Hautprobleme bek\u00e4mpfen! - medela-vital","description":"Mit unseren Vitalpilzen k\u00f6nnen Sie l\u00e4stige Akne und Hautunreinheiten loswerden und das Hautbild nachhaltig und von innen heraus verbessern","robots":{"index":"index","follow":"follow","max-snippet":"max-snippet:-1","max-image-preview":"max-image-preview:large","max-video-preview":"max-video-preview:-1"},"canonical":"https:\/\/www.medela-vital.de\/blog\/mit-vitalpilzen-erfolgreich-hautprobleme-bekaempfen\/","og_locale":"de_DE","og_type":"article","og_title":"Mit Vitalpilzen erfolgreich Hautprobleme bek\u00e4mpfen! - medela-vital","og_description":"Mit unseren Vitalpilzen k\u00f6nnen Sie l\u00e4stige Akne und Hautunreinheiten loswerden und das Hautbild nachhaltig und von innen heraus verbessern","og_url":"https:\/\/www.medela-vital.de\/blog\/mit-vitalpilzen-erfolgreich-hautprobleme-bekaempfen\/","og_site_name":"medela-vital","article_publisher":"https:\/\/de-de.facebook.com\/medelavital\/","article_published_time":"2017-11-23T10:17:55+00:00","article_modified_time":"2021-03-07T16:15:53+00:00","og_image":[{"url":"https:\/\/www.medela-vital.de\/blog\/wp-content\/uploads\/2017\/11\/acne-1606765_1920-300x200.jpg","type":"","width":"","height":""}],"author":"Nadine Geier","twitter_card":"summary_large_image","twitter_misc":{"Verfasst von":"Nadine Geier","Gesch\u00e4tzte Lesezeit":"1\u00a0Minute"},"schema":{"@context":"https:\/\/schema.org","@graph":[{"@type":"Article","@id":"https:\/\/www.medela-vital.de\/blog\/mit-vitalpilzen-erfolgreich-hautprobleme-bekaempfen\/#article","isPartOf":{"@id":"https:\/\/www.medela-vital.de\/blog\/mit-vitalpilzen-erfolgreich-hautprobleme-bekaempfen\/"},"author":{"name":"Nadine Geier","@id":"https:\/\/www.medela-vital.de\/blog\/#\/schema\/person\/16abb051cea55a07709767e8a0117e9d"},"headline":"Mit Vitalpilzen erfolgreich Hautprobleme bek\u00e4mpfen!","datePublished":"2017-11-23T10:17:55+00:00","dateModified":"2021-03-07T16:15:53+00:00","mainEntityOfPage":{"@id":"https:\/\/www.medela-vital.de\/blog\/mit-vitalpilzen-erfolgreich-hautprobleme-bekaempfen\/"},"wordCount":202,"publisher":{"@id":"https:\/\/www.medela-vital.de\/blog\/#organization"},"image":{"@id":"https:\/\/www.medela-vital.de\/blog\/mit-vitalpilzen-erfolgreich-hautprobleme-bekaempfen\/#primaryimage"},"thumbnailUrl":"https:\/\/www.medela-vital.de\/blog\/wp-content\/uploads\/2017\/11\/acne-1606765_1920-300x200.jpg","inLanguage":"de"},{"@type":"WebPage","@id":"https:\/\/www.medela-vital.de\/blog\/mit-vitalpilzen-erfolgreich-hautprobleme-bekaempfen\/","url":"https:\/\/www.medela-vital.de\/blog\/mit-vitalpilzen-erfolgreich-hautprobleme-bekaempfen\/","name":"Mit Vitalpilzen erfolgreich Hautprobleme bek\u00e4mpfen! - medela-vital","isPartOf":{"@id":"https:\/\/www.medela-vital.de\/blog\/#website"},"primaryImageOfPage":{"@id":"https:\/\/www.medela-vital.de\/blog\/mit-vitalpilzen-erfolgreich-hautprobleme-bekaempfen\/#primaryimage"},"image":{"@id":"https:\/\/www.medela-vital.de\/blog\/mit-vitalpilzen-erfolgreich-hautprobleme-bekaempfen\/#primaryimage"},"thumbnailUrl":"https:\/\/www.medela-vital.de\/blog\/wp-content\/uploads\/2017\/11\/acne-1606765_1920-300x200.jpg","datePublished":"2017-11-23T10:17:55+00:00","dateModified":"2021-03-07T16:15:53+00:00","description":"Mit unseren Vitalpilzen k\u00f6nnen Sie l\u00e4stige Akne und Hautunreinheiten loswerden und das Hautbild nachhaltig und von innen heraus verbessern","breadcrumb":{"@id":"https:\/\/www.medela-vital.de\/blog\/mit-vitalpilzen-erfolgreich-hautprobleme-bekaempfen\/#breadcrumb"},"inLanguage":"de","potentialAction":[{"@type":"ReadAction","target":["https:\/\/www.medela-vital.de\/blog\/mit-vitalpilzen-erfolgreich-hautprobleme-bekaempfen\/"]}]},{"@type":"ImageObject","inLanguage":"de","@id":"https:\/\/www.medela-vital.de\/blog\/mit-vitalpilzen-erfolgreich-hautprobleme-bekaempfen\/#primaryimage","url":"https:\/\/www.medela-vital.de\/blog\/wp-content\/uploads\/2017\/11\/acne-1606765_1920.jpg","contentUrl":"https:\/\/www.medela-vital.de\/blog\/wp-content\/uploads\/2017\/11\/acne-1606765_1920.jpg","width":1920,"height":1280},{"@type":"BreadcrumbList","@id":"https:\/\/www.medela-vital.de\/blog\/mit-vitalpilzen-erfolgreich-hautprobleme-bekaempfen\/#breadcrumb","itemListElement":[{"@type":"ListItem","position":1,"name":"Startseite","item":"https:\/\/www.medela-vital.de\/blog\/"},{"@type":"ListItem","position":2,"name":"Mit Vitalpilzen erfolgreich Hautprobleme bek\u00e4mpfen!"}]},{"@type":"WebSite","@id":"https:\/\/www.medela-vital.de\/blog\/#website","url":"https:\/\/www.medela-vital.de\/blog\/","name":"medela-vital","description":"Unser neuer Vitalpilze-Blog","publisher":{"@id":"https:\/\/www.medela-vital.de\/blog\/#organization"},"potentialAction":[{"@type":"SearchAction","target":{"@type":"EntryPoint","urlTemplate":"https:\/\/www.medela-vital.de\/blog\/?s={search_term_string}"},"query-input":{"@type":"PropertyValueSpecification","valueRequired":true,"valueName":"search_term_string"}}],"inLanguage":"de"},{"@type":"Organization","@id":"https:\/\/www.medela-vital.de\/blog\/#organization","name":"Medela-vital","url":"https:\/\/www.medela-vital.de\/blog\/","logo":{"@type":"ImageObject","inLanguage":"de","@id":"https:\/\/www.medela-vital.de\/blog\/#\/schema\/logo\/image\/","url":"https:\/\/www.medela-vital.de\/blog\/wp-content\/uploads\/2017\/12\/logo-medela-vital_logo.png","contentUrl":"https:\/\/www.medela-vital.de\/blog\/wp-content\/uploads\/2017\/12\/logo-medela-vital_logo.png","width":739,"height":273,"caption":"Medela-vital"},"image":{"@id":"https:\/\/www.medela-vital.de\/blog\/#\/schema\/logo\/image\/"},"sameAs":["https:\/\/de-de.facebook.com\/medelavital\/"]},{"@type":"Person","@id":"https:\/\/www.medela-vital.de\/blog\/#\/schema\/person\/16abb051cea55a07709767e8a0117e9d","name":"Nadine Geier","image":{"@type":"ImageObject","inLanguage":"de","@id":"https:\/\/secure.gravatar.com\/avatar\/92f1221f9fe110245bd315644e646de046d9246fade9f84be1b709ca4aacf355?s=96&d=mm&r=g","url":"https:\/\/secure.gravatar.com\/avatar\/92f1221f9fe110245bd315644e646de046d9246fade9f84be1b709ca4aacf355?s=96&d=mm&r=g","contentUrl":"https:\/\/secure.gravatar.com\/avatar\/92f1221f9fe110245bd315644e646de046d9246fade9f84be1b709ca4aacf355?s=96&d=mm&r=g","caption":"Nadine Geier"},"sameAs":["http:\/\/www.medela-vital.de"]}]}},"_links":{"self":[{"href":"https:\/\/www.medela-vital.de\/blog\/wp-json\/wp\/v2\/posts\/68","targetHints":{"allow":["GET"]}}],"collection":[{"href":"https:\/\/www.medela-vital.de\/blog\/wp-json\/wp\/v2\/posts"}],"about":[{"href":"https:\/\/www.medela-vital.de\/blog\/wp-json\/wp\/v2\/types\/post"}],"author":[{"embeddable":true,"href":"https:\/\/www.medela-vital.de\/blog\/wp-json\/wp\/v2\/users\/2"}],"replies":[{"embeddable":true,"href":"https:\/\/www.medela-vital.de\/blog\/wp-json\/wp\/v2\/comments?post=68"}],"version-history":[{"count":7,"href":"https:\/\/www.medela-vital.de\/blog\/wp-json\/wp\/v2\/posts\/68\/revisions"}],"predecessor-version":[{"id":106,"href":"https:\/\/www.medela-vital.de\/blog\/wp-json\/wp\/v2\/posts\/68\/revisions\/106"}],"wp:attachment":[{"href":"https:\/\/www.medela-vital.de\/blog\/wp-json\/wp\/v2\/media?parent=68"}],"wp:term":[{"taxonomy":"category","embeddable":true,"href":"https:\/\/www.medela-vital.de\/blog\/wp-json\/wp\/v2\/categories?post=68"},{"taxonomy":"post_tag","embeddable":true,"href":"https:\/\/www.medela-vital.de\/blog\/wp-json\/wp\/v2\/tags?post=68"}],"curies":[{"name":"wp","href":"https:\/\/api.w.org\/{rel}","templated":true}]}}