{"id":574,"date":"2026-04-29T09:00:05","date_gmt":"2026-04-29T07:00:05","guid":{"rendered":"https:\/\/www.medela-vital.de\/blog\/?p=574"},"modified":"2026-04-29T09:00:45","modified_gmt":"2026-04-29T07:00:45","slug":"bio-hericium-der-neue-trend-vitalpilz","status":"publish","type":"post","link":"https:\/\/www.medela-vital.de\/blog\/bio-hericium-der-neue-trend-vitalpilz\/","title":{"rendered":"Hericium erinaceus Trend: Warum der Vitalpilz immer beliebter wird"},"content":{"rendered":"<div class=\"wp-block-image\">\n<figure class=\"aligncenter size-full is-resized\"><img loading=\"lazy\" decoding=\"async\" width=\"600\" height=\"400\" src=\"https:\/\/www.medela-vital.de\/blog\/wp-content\/uploads\/2026\/04\/Design-ohne-Titel.png\" alt=\"Hericium erinaceus Trend\" class=\"wp-image-576\" style=\"width:255px;height:auto\" srcset=\"https:\/\/www.medela-vital.de\/blog\/wp-content\/uploads\/2026\/04\/Design-ohne-Titel.png 600w, https:\/\/www.medela-vital.de\/blog\/wp-content\/uploads\/2026\/04\/Design-ohne-Titel-300x200.png 300w\" sizes=\"auto, (max-width: 600px) 100vw, 600px\" \/><\/figure>\n<\/div>\n\n\n<p>Es ist aktuell kaum zu \u00fcbersehen: Immer mehr Menschen entdecken den Bio Hericium Vitalpilz f\u00fcr ihre t\u00e4glichen Routinen. Doch was steckt hinter dem wachsenden Interesse \u2013 und warum wird gerade dieser Pilz so h\u00e4ufig thematisiert?<\/p>\n\n\n\n<hr class=\"wp-block-separator has-alpha-channel-opacity\"\/>\n\n\n\n<!--more-->\n\n\n\n<h2 class=\"wp-block-heading\">\ud83c\udf3f Hericium erinaceus Trend: Tradition trifft moderne Routinen<\/h2>\n\n\n\n<p>Der <strong>Hericium erinaceus Trend<\/strong> kommt nicht aus dem Nichts. Tats\u00e4chlich wird der Pilz schon seit langer Zeit traditionell gesch\u00e4tzt \u2013 neu ist vor allem, wie er heute in den Alltag eingebunden wird. W\u00e4hrend fr\u00fcher eher die klassische Verwendung im Vordergrund stand, r\u00fcckt heute ein ganz anderer Aspekt in den Fokus: die Integration in moderne Routinen. Viele Menschen setzen bewusst auf kleine, einfache Gewohnheiten, die sich gut in den Tag einf\u00fcgen \u2013 genau hier passt Hericium erinaceus hinein. Ob als Teil einer Morgenroutine oder als fester Bestandteil eines strukturierten Tagesablaufs: Der Pilz wird heute weniger isoliert betrachtet, sondern vielmehr als Baustein eines bewussteren Lebensstils.<\/p>\n\n\n\n<p>Was sich ver\u00e4ndert hat, ist der Kontext:<br>Heute wird er gezielt in moderne Lebensweisen integriert \u2013 etwa in strukturierte Tagesabl\u00e4ufe und bewusste Routinen.<\/p>\n\n\n\n<hr class=\"wp-block-separator has-alpha-channel-opacity\"\/>\n\n\n\n<h2 class=\"wp-block-heading\">\ud83d\udcf1 Was hat Social Media damit zu tun?<\/h2>\n\n\n\n<p>Ein gro\u00dfer Treiber hinter diesem neuen Interesse ist Social Media.<\/p>\n\n\n\n<p>Auf Plattformen wie Instagram oder TikTok taucht der Pilz regelm\u00e4\u00dfig auf \u2013 oft im Zusammenhang mit:<\/p>\n\n\n\n<ul class=\"wp-block-list\">\n<li>Morgenroutinen<\/li>\n\n\n\n<li>Fokus-orientierten Gewohnheiten<\/li>\n\n\n\n<li>minimalistischen Lifestyle-Konzepten<\/li>\n<\/ul>\n\n\n\n<p>Dadurch gewinnt das Thema schnell an Reichweite.<\/p>\n\n\n\n<hr class=\"wp-block-separator has-alpha-channel-opacity\"\/>\n\n\n\n<h2 class=\"wp-block-heading\">\ud83e\udde0 Hericium erinaceus Trend und der Fokus auf mentale Themen<\/h2>\n\n\n\n<p>Der <strong>Hericium erinaceus Trend<\/strong> passt auch deshalb so gut in die aktuelle Zeit, weil mentale Themen st\u00e4rker in den Fokus r\u00fccken.<\/p>\n\n\n\n<p>Viele Menschen besch\u00e4ftigen sich heute intensiver mit:<\/p>\n\n\n\n<ul class=\"wp-block-list\">\n<li>Struktur im Alltag<\/li>\n\n\n\n<li>Konzentration<\/li>\n\n\n\n<li>bewussterem Umgang mit digitalen Reizen<\/li>\n<\/ul>\n\n\n\n<p>Der Pilz wird h\u00e4ufig genau in diesem Umfeld erw\u00e4hnt \u2013 ohne dass dabei feste Aussagen getroffen werden m\u00fcssen.<\/p>\n\n\n\n<hr class=\"wp-block-separator has-alpha-channel-opacity\"\/>\n\n\n\n<h2 class=\"wp-block-heading\">\u2615 Hericium erinaceus Trend: Neue Routinen mit Kaffee<\/h2>\n\n\n\n<p>Ein besonders sichtbarer Teil dieses Trends ist die Verbindung mit bestehenden Gewohnheiten \u2013 vor allem Kaffee.<\/p>\n\n\n\n<p>Immer mehr Menschen setzen auf Alternativen oder Erg\u00e4nzungen zu klassischem Kaffee.<br>Hier kommen Produkte ins Spiel wie <strong>koffeinfreier Kaffee mit Bio Hericium<\/strong>, der bei uns im Shop <a href=\"https:\/\/www.medela-vital.de\/bio-hericium-kaffee-silencio-koffeinfrei.html\">HIER<\/a> erh\u00e4ltlich ist:<\/p>\n\n\n\n<ul class=\"wp-block-list\">\n<li>leicht in bestehende Routinen integrierbar<\/li>\n\n\n\n<li>verbindet Gewohnheit mit neuen Impulsen<\/li>\n\n\n\n<li>passt gut zu einem bewussten Lifestyle<\/li>\n<\/ul>\n\n\n\n<p>So wird der Einstieg besonders einfach.<\/p>\n\n\n\n<hr class=\"wp-block-separator has-alpha-channel-opacity\"\/>\n\n\n\n<h2 class=\"wp-block-heading\">\u2696\ufe0f Warum dieser Trend gerade jetzt entsteht<\/h2>\n\n\n\n<p>Das ist kein Zufall, sondern das Ergebnis mehrerer Entwicklungen:<\/p>\n\n\n\n<ul class=\"wp-block-list\">\n<li>zunehmendes Interesse an Routinen<\/li>\n\n\n\n<li>bewusste Lebensweise<\/li>\n\n\n\n<li>Social-Media-Dynamik<\/li>\n\n\n\n<li>neue Produktformen<\/li>\n<\/ul>\n\n\n\n<p>Diese Faktoren verst\u00e4rken sich gegenseitig.<\/p>\n\n\n\n<hr class=\"wp-block-separator has-alpha-channel-opacity\"\/>\n\n\n\n<h2 class=\"wp-block-heading\">\u26a0\ufe0f Hinweis<\/h2>\n\n\n\n<p>Dieser Artikel dient der allgemeinen Information.<br>Hericium erinaceus ist ein Lebensmittel bzw. Nahrungserg\u00e4nzungsmittel und kein Ersatz f\u00fcr eine ausgewogene Ern\u00e4hrung oder medizinische Beratung.<\/p>\n\n\n\n<p>Aus \u00d6sterreich k\u00f6nnt ihr <a href=\"http:\/\/www.bio-vitalpilze.at\">HIER<\/a> bestellen!<\/p>\n","protected":false},"excerpt":{"rendered":"<p>Es ist aktuell kaum zu \u00fcbersehen: Immer mehr Menschen entdecken den Bio Hericium Vitalpilz f\u00fcr ihre t\u00e4glichen Routinen. Doch was steckt hinter dem wachsenden Interesse \u2013 und warum wird gerade dieser Pilz so h\u00e4ufig thematisiert?<\/p>\n","protected":false},"author":2,"featured_media":0,"comment_status":"closed","ping_status":"open","sticky":false,"template":"","format":"standard","meta":{"footnotes":""},"categories":[1],"tags":[],"class_list":["post-574","post","type-post","status-publish","format-standard","hentry","category-allgemein"],"yoast_head":"<!-- This site is optimized with the Yoast SEO plugin v27.5 - https:\/\/yoast.com\/product\/yoast-seo-wordpress\/ -->\n<title>Bio Hericium erinaceus - Warum er jetzt so im Trend ist - medela-vital<\/title>\n<meta name=\"description\" content=\"Hericium erinaceus Trend: Warum der Vitalpilz aktuell so gefragt ist und wie er sich einfach in moderne Routinen integrieren l\u00e4sst.\" \/>\n<meta name=\"robots\" content=\"index, follow, max-snippet:-1, max-image-preview:large, max-video-preview:-1\" \/>\n<link rel=\"canonical\" href=\"https:\/\/www.medela-vital.de\/blog\/bio-hericium-der-neue-trend-vitalpilz\/\" \/>\n<meta property=\"og:locale\" content=\"de_DE\" \/>\n<meta property=\"og:type\" content=\"article\" \/>\n<meta property=\"og:title\" content=\"Bio Hericium erinaceus - Warum er jetzt so im Trend ist - medela-vital\" \/>\n<meta property=\"og:description\" content=\"Hericium erinaceus Trend: Warum der Vitalpilz aktuell so gefragt ist und wie er sich einfach in moderne Routinen integrieren l\u00e4sst.\" \/>\n<meta property=\"og:url\" content=\"https:\/\/www.medela-vital.de\/blog\/bio-hericium-der-neue-trend-vitalpilz\/\" \/>\n<meta property=\"og:site_name\" content=\"medela-vital\" \/>\n<meta property=\"article:publisher\" content=\"https:\/\/de-de.facebook.com\/medelavital\/\" \/>\n<meta property=\"article:published_time\" content=\"2026-04-29T07:00:05+00:00\" \/>\n<meta property=\"article:modified_time\" content=\"2026-04-29T07:00:45+00:00\" \/>\n<meta property=\"og:image\" content=\"https:\/\/www.medela-vital.de\/blog\/wp-content\/uploads\/2026\/04\/Design-ohne-Titel.png\" \/>\n\t<meta property=\"og:image:width\" content=\"600\" \/>\n\t<meta property=\"og:image:height\" content=\"400\" \/>\n\t<meta property=\"og:image:type\" content=\"image\/png\" \/>\n<meta name=\"author\" content=\"Nadine Geier\" \/>\n<meta name=\"twitter:card\" content=\"summary_large_image\" \/>\n<meta name=\"twitter:label1\" content=\"Verfasst von\" \/>\n\t<meta name=\"twitter:data1\" content=\"Nadine Geier\" \/>\n\t<meta name=\"twitter:label2\" content=\"Gesch\u00e4tzte Lesezeit\" \/>\n\t<meta name=\"twitter:data2\" content=\"3\u00a0Minuten\" \/>\n<script type=\"application\/ld+json\" class=\"yoast-schema-graph\">{\"@context\":\"https:\\\/\\\/schema.org\",\"@graph\":[{\"@type\":\"Article\",\"@id\":\"https:\\\/\\\/www.medela-vital.de\\\/blog\\\/bio-hericium-der-neue-trend-vitalpilz\\\/#article\",\"isPartOf\":{\"@id\":\"https:\\\/\\\/www.medela-vital.de\\\/blog\\\/bio-hericium-der-neue-trend-vitalpilz\\\/\"},\"author\":{\"name\":\"Nadine Geier\",\"@id\":\"https:\\\/\\\/www.medela-vital.de\\\/blog\\\/#\\\/schema\\\/person\\\/16abb051cea55a07709767e8a0117e9d\"},\"headline\":\"Hericium erinaceus Trend: Warum der Vitalpilz immer beliebter wird\",\"datePublished\":\"2026-04-29T07:00:05+00:00\",\"dateModified\":\"2026-04-29T07:00:45+00:00\",\"mainEntityOfPage\":{\"@id\":\"https:\\\/\\\/www.medela-vital.de\\\/blog\\\/bio-hericium-der-neue-trend-vitalpilz\\\/\"},\"wordCount\":439,\"publisher\":{\"@id\":\"https:\\\/\\\/www.medela-vital.de\\\/blog\\\/#organization\"},\"image\":{\"@id\":\"https:\\\/\\\/www.medela-vital.de\\\/blog\\\/bio-hericium-der-neue-trend-vitalpilz\\\/#primaryimage\"},\"thumbnailUrl\":\"https:\\\/\\\/www.medela-vital.de\\\/blog\\\/wp-content\\\/uploads\\\/2026\\\/04\\\/Design-ohne-Titel.png\",\"inLanguage\":\"de\"},{\"@type\":\"WebPage\",\"@id\":\"https:\\\/\\\/www.medela-vital.de\\\/blog\\\/bio-hericium-der-neue-trend-vitalpilz\\\/\",\"url\":\"https:\\\/\\\/www.medela-vital.de\\\/blog\\\/bio-hericium-der-neue-trend-vitalpilz\\\/\",\"name\":\"Bio Hericium erinaceus - Warum er jetzt so im Trend ist - medela-vital\",\"isPartOf\":{\"@id\":\"https:\\\/\\\/www.medela-vital.de\\\/blog\\\/#website\"},\"primaryImageOfPage\":{\"@id\":\"https:\\\/\\\/www.medela-vital.de\\\/blog\\\/bio-hericium-der-neue-trend-vitalpilz\\\/#primaryimage\"},\"image\":{\"@id\":\"https:\\\/\\\/www.medela-vital.de\\\/blog\\\/bio-hericium-der-neue-trend-vitalpilz\\\/#primaryimage\"},\"thumbnailUrl\":\"https:\\\/\\\/www.medela-vital.de\\\/blog\\\/wp-content\\\/uploads\\\/2026\\\/04\\\/Design-ohne-Titel.png\",\"datePublished\":\"2026-04-29T07:00:05+00:00\",\"dateModified\":\"2026-04-29T07:00:45+00:00\",\"description\":\"Hericium erinaceus Trend: Warum der Vitalpilz aktuell so gefragt ist und wie er sich einfach in moderne Routinen integrieren l\u00e4sst.\",\"breadcrumb\":{\"@id\":\"https:\\\/\\\/www.medela-vital.de\\\/blog\\\/bio-hericium-der-neue-trend-vitalpilz\\\/#breadcrumb\"},\"inLanguage\":\"de\",\"potentialAction\":[{\"@type\":\"ReadAction\",\"target\":[\"https:\\\/\\\/www.medela-vital.de\\\/blog\\\/bio-hericium-der-neue-trend-vitalpilz\\\/\"]}]},{\"@type\":\"ImageObject\",\"inLanguage\":\"de\",\"@id\":\"https:\\\/\\\/www.medela-vital.de\\\/blog\\\/bio-hericium-der-neue-trend-vitalpilz\\\/#primaryimage\",\"url\":\"https:\\\/\\\/www.medela-vital.de\\\/blog\\\/wp-content\\\/uploads\\\/2026\\\/04\\\/Design-ohne-Titel.png\",\"contentUrl\":\"https:\\\/\\\/www.medela-vital.de\\\/blog\\\/wp-content\\\/uploads\\\/2026\\\/04\\\/Design-ohne-Titel.png\",\"width\":600,\"height\":400},{\"@type\":\"BreadcrumbList\",\"@id\":\"https:\\\/\\\/www.medela-vital.de\\\/blog\\\/bio-hericium-der-neue-trend-vitalpilz\\\/#breadcrumb\",\"itemListElement\":[{\"@type\":\"ListItem\",\"position\":1,\"name\":\"Startseite\",\"item\":\"https:\\\/\\\/www.medela-vital.de\\\/blog\\\/\"},{\"@type\":\"ListItem\",\"position\":2,\"name\":\"Hericium erinaceus Trend: Warum der Vitalpilz immer beliebter wird\"}]},{\"@type\":\"WebSite\",\"@id\":\"https:\\\/\\\/www.medela-vital.de\\\/blog\\\/#website\",\"url\":\"https:\\\/\\\/www.medela-vital.de\\\/blog\\\/\",\"name\":\"medela-vital\",\"description\":\"Unser neuer Vitalpilze-Blog\",\"publisher\":{\"@id\":\"https:\\\/\\\/www.medela-vital.de\\\/blog\\\/#organization\"},\"potentialAction\":[{\"@type\":\"SearchAction\",\"target\":{\"@type\":\"EntryPoint\",\"urlTemplate\":\"https:\\\/\\\/www.medela-vital.de\\\/blog\\\/?s={search_term_string}\"},\"query-input\":{\"@type\":\"PropertyValueSpecification\",\"valueRequired\":true,\"valueName\":\"search_term_string\"}}],\"inLanguage\":\"de\"},{\"@type\":\"Organization\",\"@id\":\"https:\\\/\\\/www.medela-vital.de\\\/blog\\\/#organization\",\"name\":\"Medela-vital\",\"url\":\"https:\\\/\\\/www.medela-vital.de\\\/blog\\\/\",\"logo\":{\"@type\":\"ImageObject\",\"inLanguage\":\"de\",\"@id\":\"https:\\\/\\\/www.medela-vital.de\\\/blog\\\/#\\\/schema\\\/logo\\\/image\\\/\",\"url\":\"https:\\\/\\\/www.medela-vital.de\\\/blog\\\/wp-content\\\/uploads\\\/2017\\\/12\\\/logo-medela-vital_logo.png\",\"contentUrl\":\"https:\\\/\\\/www.medela-vital.de\\\/blog\\\/wp-content\\\/uploads\\\/2017\\\/12\\\/logo-medela-vital_logo.png\",\"width\":739,\"height\":273,\"caption\":\"Medela-vital\"},\"image\":{\"@id\":\"https:\\\/\\\/www.medela-vital.de\\\/blog\\\/#\\\/schema\\\/logo\\\/image\\\/\"},\"sameAs\":[\"https:\\\/\\\/de-de.facebook.com\\\/medelavital\\\/\"]},{\"@type\":\"Person\",\"@id\":\"https:\\\/\\\/www.medela-vital.de\\\/blog\\\/#\\\/schema\\\/person\\\/16abb051cea55a07709767e8a0117e9d\",\"name\":\"Nadine Geier\",\"image\":{\"@type\":\"ImageObject\",\"inLanguage\":\"de\",\"@id\":\"https:\\\/\\\/secure.gravatar.com\\\/avatar\\\/92f1221f9fe110245bd315644e646de046d9246fade9f84be1b709ca4aacf355?s=96&d=mm&r=g\",\"url\":\"https:\\\/\\\/secure.gravatar.com\\\/avatar\\\/92f1221f9fe110245bd315644e646de046d9246fade9f84be1b709ca4aacf355?s=96&d=mm&r=g\",\"contentUrl\":\"https:\\\/\\\/secure.gravatar.com\\\/avatar\\\/92f1221f9fe110245bd315644e646de046d9246fade9f84be1b709ca4aacf355?s=96&d=mm&r=g\",\"caption\":\"Nadine Geier\"},\"sameAs\":[\"http:\\\/\\\/www.medela-vital.de\"]}]}<\/script>\n<!-- \/ Yoast SEO plugin. -->","yoast_head_json":{"title":"Bio Hericium erinaceus - Warum er jetzt so im Trend ist - medela-vital","description":"Hericium erinaceus Trend: Warum der Vitalpilz aktuell so gefragt ist und wie er sich einfach in moderne Routinen integrieren l\u00e4sst.","robots":{"index":"index","follow":"follow","max-snippet":"max-snippet:-1","max-image-preview":"max-image-preview:large","max-video-preview":"max-video-preview:-1"},"canonical":"https:\/\/www.medela-vital.de\/blog\/bio-hericium-der-neue-trend-vitalpilz\/","og_locale":"de_DE","og_type":"article","og_title":"Bio Hericium erinaceus - Warum er jetzt so im Trend ist - medela-vital","og_description":"Hericium erinaceus Trend: Warum der Vitalpilz aktuell so gefragt ist und wie er sich einfach in moderne Routinen integrieren l\u00e4sst.","og_url":"https:\/\/www.medela-vital.de\/blog\/bio-hericium-der-neue-trend-vitalpilz\/","og_site_name":"medela-vital","article_publisher":"https:\/\/de-de.facebook.com\/medelavital\/","article_published_time":"2026-04-29T07:00:05+00:00","article_modified_time":"2026-04-29T07:00:45+00:00","og_image":[{"width":600,"height":400,"url":"https:\/\/www.medela-vital.de\/blog\/wp-content\/uploads\/2026\/04\/Design-ohne-Titel.png","type":"image\/png"}],"author":"Nadine Geier","twitter_card":"summary_large_image","twitter_misc":{"Verfasst von":"Nadine Geier","Gesch\u00e4tzte Lesezeit":"3\u00a0Minuten"},"schema":{"@context":"https:\/\/schema.org","@graph":[{"@type":"Article","@id":"https:\/\/www.medela-vital.de\/blog\/bio-hericium-der-neue-trend-vitalpilz\/#article","isPartOf":{"@id":"https:\/\/www.medela-vital.de\/blog\/bio-hericium-der-neue-trend-vitalpilz\/"},"author":{"name":"Nadine Geier","@id":"https:\/\/www.medela-vital.de\/blog\/#\/schema\/person\/16abb051cea55a07709767e8a0117e9d"},"headline":"Hericium erinaceus Trend: Warum der Vitalpilz immer beliebter wird","datePublished":"2026-04-29T07:00:05+00:00","dateModified":"2026-04-29T07:00:45+00:00","mainEntityOfPage":{"@id":"https:\/\/www.medela-vital.de\/blog\/bio-hericium-der-neue-trend-vitalpilz\/"},"wordCount":439,"publisher":{"@id":"https:\/\/www.medela-vital.de\/blog\/#organization"},"image":{"@id":"https:\/\/www.medela-vital.de\/blog\/bio-hericium-der-neue-trend-vitalpilz\/#primaryimage"},"thumbnailUrl":"https:\/\/www.medela-vital.de\/blog\/wp-content\/uploads\/2026\/04\/Design-ohne-Titel.png","inLanguage":"de"},{"@type":"WebPage","@id":"https:\/\/www.medela-vital.de\/blog\/bio-hericium-der-neue-trend-vitalpilz\/","url":"https:\/\/www.medela-vital.de\/blog\/bio-hericium-der-neue-trend-vitalpilz\/","name":"Bio Hericium erinaceus - Warum er jetzt so im Trend ist - medela-vital","isPartOf":{"@id":"https:\/\/www.medela-vital.de\/blog\/#website"},"primaryImageOfPage":{"@id":"https:\/\/www.medela-vital.de\/blog\/bio-hericium-der-neue-trend-vitalpilz\/#primaryimage"},"image":{"@id":"https:\/\/www.medela-vital.de\/blog\/bio-hericium-der-neue-trend-vitalpilz\/#primaryimage"},"thumbnailUrl":"https:\/\/www.medela-vital.de\/blog\/wp-content\/uploads\/2026\/04\/Design-ohne-Titel.png","datePublished":"2026-04-29T07:00:05+00:00","dateModified":"2026-04-29T07:00:45+00:00","description":"Hericium erinaceus Trend: Warum der Vitalpilz aktuell so gefragt ist und wie er sich einfach in moderne Routinen integrieren l\u00e4sst.","breadcrumb":{"@id":"https:\/\/www.medela-vital.de\/blog\/bio-hericium-der-neue-trend-vitalpilz\/#breadcrumb"},"inLanguage":"de","potentialAction":[{"@type":"ReadAction","target":["https:\/\/www.medela-vital.de\/blog\/bio-hericium-der-neue-trend-vitalpilz\/"]}]},{"@type":"ImageObject","inLanguage":"de","@id":"https:\/\/www.medela-vital.de\/blog\/bio-hericium-der-neue-trend-vitalpilz\/#primaryimage","url":"https:\/\/www.medela-vital.de\/blog\/wp-content\/uploads\/2026\/04\/Design-ohne-Titel.png","contentUrl":"https:\/\/www.medela-vital.de\/blog\/wp-content\/uploads\/2026\/04\/Design-ohne-Titel.png","width":600,"height":400},{"@type":"BreadcrumbList","@id":"https:\/\/www.medela-vital.de\/blog\/bio-hericium-der-neue-trend-vitalpilz\/#breadcrumb","itemListElement":[{"@type":"ListItem","position":1,"name":"Startseite","item":"https:\/\/www.medela-vital.de\/blog\/"},{"@type":"ListItem","position":2,"name":"Hericium erinaceus Trend: Warum der Vitalpilz immer beliebter wird"}]},{"@type":"WebSite","@id":"https:\/\/www.medela-vital.de\/blog\/#website","url":"https:\/\/www.medela-vital.de\/blog\/","name":"medela-vital","description":"Unser neuer Vitalpilze-Blog","publisher":{"@id":"https:\/\/www.medela-vital.de\/blog\/#organization"},"potentialAction":[{"@type":"SearchAction","target":{"@type":"EntryPoint","urlTemplate":"https:\/\/www.medela-vital.de\/blog\/?s={search_term_string}"},"query-input":{"@type":"PropertyValueSpecification","valueRequired":true,"valueName":"search_term_string"}}],"inLanguage":"de"},{"@type":"Organization","@id":"https:\/\/www.medela-vital.de\/blog\/#organization","name":"Medela-vital","url":"https:\/\/www.medela-vital.de\/blog\/","logo":{"@type":"ImageObject","inLanguage":"de","@id":"https:\/\/www.medela-vital.de\/blog\/#\/schema\/logo\/image\/","url":"https:\/\/www.medela-vital.de\/blog\/wp-content\/uploads\/2017\/12\/logo-medela-vital_logo.png","contentUrl":"https:\/\/www.medela-vital.de\/blog\/wp-content\/uploads\/2017\/12\/logo-medela-vital_logo.png","width":739,"height":273,"caption":"Medela-vital"},"image":{"@id":"https:\/\/www.medela-vital.de\/blog\/#\/schema\/logo\/image\/"},"sameAs":["https:\/\/de-de.facebook.com\/medelavital\/"]},{"@type":"Person","@id":"https:\/\/www.medela-vital.de\/blog\/#\/schema\/person\/16abb051cea55a07709767e8a0117e9d","name":"Nadine Geier","image":{"@type":"ImageObject","inLanguage":"de","@id":"https:\/\/secure.gravatar.com\/avatar\/92f1221f9fe110245bd315644e646de046d9246fade9f84be1b709ca4aacf355?s=96&d=mm&r=g","url":"https:\/\/secure.gravatar.com\/avatar\/92f1221f9fe110245bd315644e646de046d9246fade9f84be1b709ca4aacf355?s=96&d=mm&r=g","contentUrl":"https:\/\/secure.gravatar.com\/avatar\/92f1221f9fe110245bd315644e646de046d9246fade9f84be1b709ca4aacf355?s=96&d=mm&r=g","caption":"Nadine Geier"},"sameAs":["http:\/\/www.medela-vital.de"]}]}},"_links":{"self":[{"href":"https:\/\/www.medela-vital.de\/blog\/wp-json\/wp\/v2\/posts\/574","targetHints":{"allow":["GET"]}}],"collection":[{"href":"https:\/\/www.medela-vital.de\/blog\/wp-json\/wp\/v2\/posts"}],"about":[{"href":"https:\/\/www.medela-vital.de\/blog\/wp-json\/wp\/v2\/types\/post"}],"author":[{"embeddable":true,"href":"https:\/\/www.medela-vital.de\/blog\/wp-json\/wp\/v2\/users\/2"}],"replies":[{"embeddable":true,"href":"https:\/\/www.medela-vital.de\/blog\/wp-json\/wp\/v2\/comments?post=574"}],"version-history":[{"count":2,"href":"https:\/\/www.medela-vital.de\/blog\/wp-json\/wp\/v2\/posts\/574\/revisions"}],"predecessor-version":[{"id":578,"href":"https:\/\/www.medela-vital.de\/blog\/wp-json\/wp\/v2\/posts\/574\/revisions\/578"}],"wp:attachment":[{"href":"https:\/\/www.medela-vital.de\/blog\/wp-json\/wp\/v2\/media?parent=574"}],"wp:term":[{"taxonomy":"category","embeddable":true,"href":"https:\/\/www.medela-vital.de\/blog\/wp-json\/wp\/v2\/categories?post=574"},{"taxonomy":"post_tag","embeddable":true,"href":"https:\/\/www.medela-vital.de\/blog\/wp-json\/wp\/v2\/tags?post=574"}],"curies":[{"name":"wp","href":"https:\/\/api.w.org\/{rel}","templated":true}]}}