{"id":554,"date":"2025-06-08T11:27:41","date_gmt":"2025-06-08T09:27:41","guid":{"rendered":"https:\/\/www.medela-vital.de\/blog\/?p=554"},"modified":"2025-06-08T11:29:14","modified_gmt":"2025-06-08T09:29:14","slug":"vitalpilze-im-sommer","status":"publish","type":"post","link":"https:\/\/www.medela-vital.de\/blog\/vitalpilze-im-sommer\/","title":{"rendered":"Minimalistisch &amp; nat\u00fcrlich reisen: Vitalpilze als fester Bestandteil deiner Sommer-Routine"},"content":{"rendered":"<div class=\"wp-block-image\">\n<figure class=\"aligncenter size-full is-resized\"><img loading=\"lazy\" decoding=\"async\" width=\"940\" height=\"788\" src=\"https:\/\/www.medela-vital.de\/blog\/wp-content\/uploads\/2025\/06\/Bio-18.png\" alt=\"Bio Vitalpilze im Sommer\" class=\"wp-image-555\" style=\"width:324px;height:auto\" srcset=\"https:\/\/www.medela-vital.de\/blog\/wp-content\/uploads\/2025\/06\/Bio-18.png 940w, https:\/\/www.medela-vital.de\/blog\/wp-content\/uploads\/2025\/06\/Bio-18-300x251.png 300w, https:\/\/www.medela-vital.de\/blog\/wp-content\/uploads\/2025\/06\/Bio-18-768x644.png 768w\" sizes=\"auto, (max-width: 940px) 100vw, 940px\" \/><\/figure>\n<\/div>\n\n\n<p><\/p>\n\n\n\n<p>Der Sommer ist da \u2013 mit Sonne, Leichtigkeit und dem Wunsch, den Alltag ein St\u00fcck weit hinter sich zu lassen. Viele von uns packen jetzt bewusst leichter: nur das N\u00f6tigste im Gep\u00e4ck, daf\u00fcr umso mehr Zeit f\u00fcr das, was wirklich z\u00e4hlt. Doch auch auf Reisen m\u00f6chten wir kleine Rituale nicht missen \u2013 Gewohnheiten, die uns ein gutes Gef\u00fchl geben. Genau hier kommen Vitalpilze ins Spiel. Vitalpilze im Sommer &#8211; ein Muss f\u00fcr alle Liebhaber der nat\u00fcrlichen Nahrungserg\u00e4nzung.<\/p>\n\n\n\n<!--more-->\n\n\n\n<h3 class=\"wp-block-heading\"><strong>Nat\u00fcrlich. Praktisch. Immer dabei.<\/strong> &#8211; Vitalpilze im Sommer<\/h3>\n\n\n\n<p>Vitalpilze lassen sich wunderbar in einen minimalistischen Reisealltag integrieren. Ob als Kapsel, loses Pulver oder in Form von Reishi-Tee oder -Kaffee: Sie nehmen kaum Platz weg, brauchen keine K\u00fchlung und lassen sich schnell und unkompliziert anwenden \u2013 perfekt f\u00fcr unterwegs, im Van, im Hotelzimmer oder am Strand.<\/p>\n\n\n\n<h3 class=\"wp-block-heading\"><strong>Deine Sommerbegleiter im \u00dcberblick:<\/strong><\/h3>\n\n\n\n<ul class=\"wp-block-list\">\n<li><a href=\"https:\/\/www.medela-vital.de\/bio-reishi-pulver-ling-zhi-pulver-100g.html\"><strong>Reishi<\/strong> <\/a>\u2013 beliebt als Tee oder Kaffee-Alternative. Perfekt f\u00fcr ruhige Morgenstunden oder entspannte Abende auf dem Balkon oder im Zelt.<\/li>\n\n\n\n<li><a href=\"https:\/\/www.medela-vital.de\/cordyceps-pulver.html\"><strong>Cordyceps<\/strong> <\/a>\u2013 als Pulver oder Kapsel leicht mitzuf\u00fchren. Besonders praktisch f\u00fcr aktive Tage oder lange Spazierg\u00e4nge.<\/li>\n\n\n\n<li><strong><a href=\"https:\/\/www.medela-vital.de\/bio-hericium-pulver.html\">Hericium (Igelstachelbart)<\/a><\/strong> \u2013 nat\u00fcrlich, vielseitig und angenehm in der Anwendung. Ideal f\u00fcr alle, die auch im Urlaub ihre Routine pflegen m\u00f6chten.<\/li>\n\n\n\n<li><strong><a href=\"https:\/\/www.medela-vital.de\/bio-maitake-pulver.html\">Maitake<\/a><\/strong> \u2013 enth\u00e4lt unter anderem nat\u00fcrliches Vitamin D, was ihn auch im Sommer zu einem spannenden Begleiter macht.<\/li>\n<\/ul>\n\n\n\n<h3 class=\"wp-block-heading\"><strong>Weniger ist mehr \u2013 auch unterwegs<\/strong><\/h3>\n\n\n\n<p>Du brauchst keine aufwendige Ausstattung oder viel Platz: Ein kleines Glas Kapseln oder ein Beutel Pulver reicht aus, um deine gewohnten Produkte auch im Urlaub nutzen zu k\u00f6nnen. F\u00fcr viele ist es genau diese Verl\u00e4sslichkeit, die Vitalpilze zu einem festen Bestandteil ihres Sommer-Alltags macht \u2013 bewusst, einfach, nat\u00fcrlich. Egal ob zu Hause oder unterwegs \u2013 Vitalpilze sind unkomplizierte Begleiter, die deine Sommer-Routine auf nat\u00fcrliche Weise bereichern. Mit ihren praktischen Darreichungsformen passen sie perfekt in jeden Alltag und machen es leicht, bewusste Momente in deine warme Jahreszeit zu integrieren. Entdecke jetzt deine Favoriten und genie\u00dfe den Sommer mit einem kleinen St\u00fcck Natur in deinem Gep\u00e4ck.<\/p>\n\n\n\n<p>Aus \u00d6sterreich k\u00f6nnt ihr <a href=\"http:\/\/www.bio-vitalpilze.at\">HIER<\/a> bestellen.<\/p>\n","protected":false},"excerpt":{"rendered":"<p>Der Sommer ist da \u2013 mit Sonne, Leichtigkeit und dem Wunsch, den Alltag ein St\u00fcck weit hinter sich zu lassen. Viele von uns packen jetzt bewusst leichter: nur das N\u00f6tigste im Gep\u00e4ck, daf\u00fcr umso mehr Zeit f\u00fcr das, was wirklich z\u00e4hlt. Doch auch auf Reisen m\u00f6chten wir kleine Rituale nicht missen \u2013 Gewohnheiten, die uns &hellip; <a href=\"https:\/\/www.medela-vital.de\/blog\/vitalpilze-im-sommer\/\">Weiterlesen<\/a><\/p>\n","protected":false},"author":2,"featured_media":555,"comment_status":"closed","ping_status":"open","sticky":false,"template":"","format":"standard","meta":{"footnotes":""},"categories":[1],"tags":[],"class_list":["post-554","post","type-post","status-publish","format-standard","has-post-thumbnail","hentry","category-allgemein"],"yoast_head":"<!-- This site is optimized with the Yoast SEO plugin v27.4 - https:\/\/yoast.com\/product\/yoast-seo-wordpress\/ -->\n<title>Vitalpilze im Sommer<\/title>\n<meta name=\"description\" content=\"Vitalpilze im Sommer: Entdecke praktische Bio-Vitalpilze f\u00fcr unterwegs \u2013 als Kapsel, Pulver oder Reishi-Tee.\" \/>\n<meta name=\"robots\" content=\"index, follow, max-snippet:-1, max-image-preview:large, max-video-preview:-1\" \/>\n<link rel=\"canonical\" href=\"https:\/\/www.medela-vital.de\/blog\/vitalpilze-im-sommer\/\" \/>\n<meta property=\"og:locale\" content=\"de_DE\" \/>\n<meta property=\"og:type\" content=\"article\" \/>\n<meta property=\"og:title\" content=\"Vitalpilze im Sommer\" \/>\n<meta property=\"og:description\" content=\"Vitalpilze im Sommer: Entdecke praktische Bio-Vitalpilze f\u00fcr unterwegs \u2013 als Kapsel, Pulver oder Reishi-Tee.\" \/>\n<meta property=\"og:url\" content=\"https:\/\/www.medela-vital.de\/blog\/vitalpilze-im-sommer\/\" \/>\n<meta property=\"og:site_name\" content=\"medela-vital\" \/>\n<meta property=\"article:publisher\" content=\"https:\/\/de-de.facebook.com\/medelavital\/\" \/>\n<meta property=\"article:published_time\" content=\"2025-06-08T09:27:41+00:00\" \/>\n<meta property=\"article:modified_time\" content=\"2025-06-08T09:29:14+00:00\" \/>\n<meta property=\"og:image\" content=\"https:\/\/www.medela-vital.de\/blog\/wp-content\/uploads\/2025\/06\/Bio-18.png\" \/>\n\t<meta property=\"og:image:width\" content=\"940\" \/>\n\t<meta property=\"og:image:height\" content=\"788\" \/>\n\t<meta property=\"og:image:type\" content=\"image\/png\" \/>\n<meta name=\"author\" content=\"Nadine Geier\" \/>\n<meta name=\"twitter:card\" content=\"summary_large_image\" \/>\n<meta name=\"twitter:label1\" content=\"Verfasst von\" \/>\n\t<meta name=\"twitter:data1\" content=\"Nadine Geier\" \/>\n\t<meta name=\"twitter:label2\" content=\"Gesch\u00e4tzte Lesezeit\" \/>\n\t<meta name=\"twitter:data2\" content=\"3\u00a0Minuten\" \/>\n<script type=\"application\/ld+json\" class=\"yoast-schema-graph\">{\"@context\":\"https:\\\/\\\/schema.org\",\"@graph\":[{\"@type\":\"Article\",\"@id\":\"https:\\\/\\\/www.medela-vital.de\\\/blog\\\/vitalpilze-im-sommer\\\/#article\",\"isPartOf\":{\"@id\":\"https:\\\/\\\/www.medela-vital.de\\\/blog\\\/vitalpilze-im-sommer\\\/\"},\"author\":{\"name\":\"Nadine Geier\",\"@id\":\"https:\\\/\\\/www.medela-vital.de\\\/blog\\\/#\\\/schema\\\/person\\\/16abb051cea55a07709767e8a0117e9d\"},\"headline\":\"Minimalistisch &amp; nat\u00fcrlich reisen: Vitalpilze als fester Bestandteil deiner Sommer-Routine\",\"datePublished\":\"2025-06-08T09:27:41+00:00\",\"dateModified\":\"2025-06-08T09:29:14+00:00\",\"mainEntityOfPage\":{\"@id\":\"https:\\\/\\\/www.medela-vital.de\\\/blog\\\/vitalpilze-im-sommer\\\/\"},\"wordCount\":360,\"publisher\":{\"@id\":\"https:\\\/\\\/www.medela-vital.de\\\/blog\\\/#organization\"},\"image\":{\"@id\":\"https:\\\/\\\/www.medela-vital.de\\\/blog\\\/vitalpilze-im-sommer\\\/#primaryimage\"},\"thumbnailUrl\":\"https:\\\/\\\/www.medela-vital.de\\\/blog\\\/wp-content\\\/uploads\\\/2025\\\/06\\\/Bio-18.png\",\"inLanguage\":\"de\"},{\"@type\":\"WebPage\",\"@id\":\"https:\\\/\\\/www.medela-vital.de\\\/blog\\\/vitalpilze-im-sommer\\\/\",\"url\":\"https:\\\/\\\/www.medela-vital.de\\\/blog\\\/vitalpilze-im-sommer\\\/\",\"name\":\"Vitalpilze im Sommer\",\"isPartOf\":{\"@id\":\"https:\\\/\\\/www.medela-vital.de\\\/blog\\\/#website\"},\"primaryImageOfPage\":{\"@id\":\"https:\\\/\\\/www.medela-vital.de\\\/blog\\\/vitalpilze-im-sommer\\\/#primaryimage\"},\"image\":{\"@id\":\"https:\\\/\\\/www.medela-vital.de\\\/blog\\\/vitalpilze-im-sommer\\\/#primaryimage\"},\"thumbnailUrl\":\"https:\\\/\\\/www.medela-vital.de\\\/blog\\\/wp-content\\\/uploads\\\/2025\\\/06\\\/Bio-18.png\",\"datePublished\":\"2025-06-08T09:27:41+00:00\",\"dateModified\":\"2025-06-08T09:29:14+00:00\",\"description\":\"Vitalpilze im Sommer: Entdecke praktische Bio-Vitalpilze f\u00fcr unterwegs \u2013 als Kapsel, Pulver oder Reishi-Tee.\",\"breadcrumb\":{\"@id\":\"https:\\\/\\\/www.medela-vital.de\\\/blog\\\/vitalpilze-im-sommer\\\/#breadcrumb\"},\"inLanguage\":\"de\",\"potentialAction\":[{\"@type\":\"ReadAction\",\"target\":[\"https:\\\/\\\/www.medela-vital.de\\\/blog\\\/vitalpilze-im-sommer\\\/\"]}]},{\"@type\":\"ImageObject\",\"inLanguage\":\"de\",\"@id\":\"https:\\\/\\\/www.medela-vital.de\\\/blog\\\/vitalpilze-im-sommer\\\/#primaryimage\",\"url\":\"https:\\\/\\\/www.medela-vital.de\\\/blog\\\/wp-content\\\/uploads\\\/2025\\\/06\\\/Bio-18.png\",\"contentUrl\":\"https:\\\/\\\/www.medela-vital.de\\\/blog\\\/wp-content\\\/uploads\\\/2025\\\/06\\\/Bio-18.png\",\"width\":940,\"height\":788,\"caption\":\"Bio Vitalpilze im Sommer\"},{\"@type\":\"BreadcrumbList\",\"@id\":\"https:\\\/\\\/www.medela-vital.de\\\/blog\\\/vitalpilze-im-sommer\\\/#breadcrumb\",\"itemListElement\":[{\"@type\":\"ListItem\",\"position\":1,\"name\":\"Startseite\",\"item\":\"https:\\\/\\\/www.medela-vital.de\\\/blog\\\/\"},{\"@type\":\"ListItem\",\"position\":2,\"name\":\"Minimalistisch &amp; nat\u00fcrlich reisen: Vitalpilze als fester Bestandteil deiner Sommer-Routine\"}]},{\"@type\":\"WebSite\",\"@id\":\"https:\\\/\\\/www.medela-vital.de\\\/blog\\\/#website\",\"url\":\"https:\\\/\\\/www.medela-vital.de\\\/blog\\\/\",\"name\":\"medela-vital\",\"description\":\"Unser neuer Vitalpilze-Blog\",\"publisher\":{\"@id\":\"https:\\\/\\\/www.medela-vital.de\\\/blog\\\/#organization\"},\"potentialAction\":[{\"@type\":\"SearchAction\",\"target\":{\"@type\":\"EntryPoint\",\"urlTemplate\":\"https:\\\/\\\/www.medela-vital.de\\\/blog\\\/?s={search_term_string}\"},\"query-input\":{\"@type\":\"PropertyValueSpecification\",\"valueRequired\":true,\"valueName\":\"search_term_string\"}}],\"inLanguage\":\"de\"},{\"@type\":\"Organization\",\"@id\":\"https:\\\/\\\/www.medela-vital.de\\\/blog\\\/#organization\",\"name\":\"Medela-vital\",\"url\":\"https:\\\/\\\/www.medela-vital.de\\\/blog\\\/\",\"logo\":{\"@type\":\"ImageObject\",\"inLanguage\":\"de\",\"@id\":\"https:\\\/\\\/www.medela-vital.de\\\/blog\\\/#\\\/schema\\\/logo\\\/image\\\/\",\"url\":\"https:\\\/\\\/www.medela-vital.de\\\/blog\\\/wp-content\\\/uploads\\\/2017\\\/12\\\/logo-medela-vital_logo.png\",\"contentUrl\":\"https:\\\/\\\/www.medela-vital.de\\\/blog\\\/wp-content\\\/uploads\\\/2017\\\/12\\\/logo-medela-vital_logo.png\",\"width\":739,\"height\":273,\"caption\":\"Medela-vital\"},\"image\":{\"@id\":\"https:\\\/\\\/www.medela-vital.de\\\/blog\\\/#\\\/schema\\\/logo\\\/image\\\/\"},\"sameAs\":[\"https:\\\/\\\/de-de.facebook.com\\\/medelavital\\\/\"]},{\"@type\":\"Person\",\"@id\":\"https:\\\/\\\/www.medela-vital.de\\\/blog\\\/#\\\/schema\\\/person\\\/16abb051cea55a07709767e8a0117e9d\",\"name\":\"Nadine Geier\",\"image\":{\"@type\":\"ImageObject\",\"inLanguage\":\"de\",\"@id\":\"https:\\\/\\\/secure.gravatar.com\\\/avatar\\\/92f1221f9fe110245bd315644e646de046d9246fade9f84be1b709ca4aacf355?s=96&d=mm&r=g\",\"url\":\"https:\\\/\\\/secure.gravatar.com\\\/avatar\\\/92f1221f9fe110245bd315644e646de046d9246fade9f84be1b709ca4aacf355?s=96&d=mm&r=g\",\"contentUrl\":\"https:\\\/\\\/secure.gravatar.com\\\/avatar\\\/92f1221f9fe110245bd315644e646de046d9246fade9f84be1b709ca4aacf355?s=96&d=mm&r=g\",\"caption\":\"Nadine Geier\"},\"sameAs\":[\"http:\\\/\\\/www.medela-vital.de\"]}]}<\/script>\n<!-- \/ Yoast SEO plugin. -->","yoast_head_json":{"title":"Vitalpilze im Sommer","description":"Vitalpilze im Sommer: Entdecke praktische Bio-Vitalpilze f\u00fcr unterwegs \u2013 als Kapsel, Pulver oder Reishi-Tee.","robots":{"index":"index","follow":"follow","max-snippet":"max-snippet:-1","max-image-preview":"max-image-preview:large","max-video-preview":"max-video-preview:-1"},"canonical":"https:\/\/www.medela-vital.de\/blog\/vitalpilze-im-sommer\/","og_locale":"de_DE","og_type":"article","og_title":"Vitalpilze im Sommer","og_description":"Vitalpilze im Sommer: Entdecke praktische Bio-Vitalpilze f\u00fcr unterwegs \u2013 als Kapsel, Pulver oder Reishi-Tee.","og_url":"https:\/\/www.medela-vital.de\/blog\/vitalpilze-im-sommer\/","og_site_name":"medela-vital","article_publisher":"https:\/\/de-de.facebook.com\/medelavital\/","article_published_time":"2025-06-08T09:27:41+00:00","article_modified_time":"2025-06-08T09:29:14+00:00","og_image":[{"width":940,"height":788,"url":"https:\/\/www.medela-vital.de\/blog\/wp-content\/uploads\/2025\/06\/Bio-18.png","type":"image\/png"}],"author":"Nadine Geier","twitter_card":"summary_large_image","twitter_misc":{"Verfasst von":"Nadine Geier","Gesch\u00e4tzte Lesezeit":"3\u00a0Minuten"},"schema":{"@context":"https:\/\/schema.org","@graph":[{"@type":"Article","@id":"https:\/\/www.medela-vital.de\/blog\/vitalpilze-im-sommer\/#article","isPartOf":{"@id":"https:\/\/www.medela-vital.de\/blog\/vitalpilze-im-sommer\/"},"author":{"name":"Nadine Geier","@id":"https:\/\/www.medela-vital.de\/blog\/#\/schema\/person\/16abb051cea55a07709767e8a0117e9d"},"headline":"Minimalistisch &amp; nat\u00fcrlich reisen: Vitalpilze als fester Bestandteil deiner Sommer-Routine","datePublished":"2025-06-08T09:27:41+00:00","dateModified":"2025-06-08T09:29:14+00:00","mainEntityOfPage":{"@id":"https:\/\/www.medela-vital.de\/blog\/vitalpilze-im-sommer\/"},"wordCount":360,"publisher":{"@id":"https:\/\/www.medela-vital.de\/blog\/#organization"},"image":{"@id":"https:\/\/www.medela-vital.de\/blog\/vitalpilze-im-sommer\/#primaryimage"},"thumbnailUrl":"https:\/\/www.medela-vital.de\/blog\/wp-content\/uploads\/2025\/06\/Bio-18.png","inLanguage":"de"},{"@type":"WebPage","@id":"https:\/\/www.medela-vital.de\/blog\/vitalpilze-im-sommer\/","url":"https:\/\/www.medela-vital.de\/blog\/vitalpilze-im-sommer\/","name":"Vitalpilze im Sommer","isPartOf":{"@id":"https:\/\/www.medela-vital.de\/blog\/#website"},"primaryImageOfPage":{"@id":"https:\/\/www.medela-vital.de\/blog\/vitalpilze-im-sommer\/#primaryimage"},"image":{"@id":"https:\/\/www.medela-vital.de\/blog\/vitalpilze-im-sommer\/#primaryimage"},"thumbnailUrl":"https:\/\/www.medela-vital.de\/blog\/wp-content\/uploads\/2025\/06\/Bio-18.png","datePublished":"2025-06-08T09:27:41+00:00","dateModified":"2025-06-08T09:29:14+00:00","description":"Vitalpilze im Sommer: Entdecke praktische Bio-Vitalpilze f\u00fcr unterwegs \u2013 als Kapsel, Pulver oder Reishi-Tee.","breadcrumb":{"@id":"https:\/\/www.medela-vital.de\/blog\/vitalpilze-im-sommer\/#breadcrumb"},"inLanguage":"de","potentialAction":[{"@type":"ReadAction","target":["https:\/\/www.medela-vital.de\/blog\/vitalpilze-im-sommer\/"]}]},{"@type":"ImageObject","inLanguage":"de","@id":"https:\/\/www.medela-vital.de\/blog\/vitalpilze-im-sommer\/#primaryimage","url":"https:\/\/www.medela-vital.de\/blog\/wp-content\/uploads\/2025\/06\/Bio-18.png","contentUrl":"https:\/\/www.medela-vital.de\/blog\/wp-content\/uploads\/2025\/06\/Bio-18.png","width":940,"height":788,"caption":"Bio Vitalpilze im Sommer"},{"@type":"BreadcrumbList","@id":"https:\/\/www.medela-vital.de\/blog\/vitalpilze-im-sommer\/#breadcrumb","itemListElement":[{"@type":"ListItem","position":1,"name":"Startseite","item":"https:\/\/www.medela-vital.de\/blog\/"},{"@type":"ListItem","position":2,"name":"Minimalistisch &amp; nat\u00fcrlich reisen: Vitalpilze als fester Bestandteil deiner Sommer-Routine"}]},{"@type":"WebSite","@id":"https:\/\/www.medela-vital.de\/blog\/#website","url":"https:\/\/www.medela-vital.de\/blog\/","name":"medela-vital","description":"Unser neuer Vitalpilze-Blog","publisher":{"@id":"https:\/\/www.medela-vital.de\/blog\/#organization"},"potentialAction":[{"@type":"SearchAction","target":{"@type":"EntryPoint","urlTemplate":"https:\/\/www.medela-vital.de\/blog\/?s={search_term_string}"},"query-input":{"@type":"PropertyValueSpecification","valueRequired":true,"valueName":"search_term_string"}}],"inLanguage":"de"},{"@type":"Organization","@id":"https:\/\/www.medela-vital.de\/blog\/#organization","name":"Medela-vital","url":"https:\/\/www.medela-vital.de\/blog\/","logo":{"@type":"ImageObject","inLanguage":"de","@id":"https:\/\/www.medela-vital.de\/blog\/#\/schema\/logo\/image\/","url":"https:\/\/www.medela-vital.de\/blog\/wp-content\/uploads\/2017\/12\/logo-medela-vital_logo.png","contentUrl":"https:\/\/www.medela-vital.de\/blog\/wp-content\/uploads\/2017\/12\/logo-medela-vital_logo.png","width":739,"height":273,"caption":"Medela-vital"},"image":{"@id":"https:\/\/www.medela-vital.de\/blog\/#\/schema\/logo\/image\/"},"sameAs":["https:\/\/de-de.facebook.com\/medelavital\/"]},{"@type":"Person","@id":"https:\/\/www.medela-vital.de\/blog\/#\/schema\/person\/16abb051cea55a07709767e8a0117e9d","name":"Nadine Geier","image":{"@type":"ImageObject","inLanguage":"de","@id":"https:\/\/secure.gravatar.com\/avatar\/92f1221f9fe110245bd315644e646de046d9246fade9f84be1b709ca4aacf355?s=96&d=mm&r=g","url":"https:\/\/secure.gravatar.com\/avatar\/92f1221f9fe110245bd315644e646de046d9246fade9f84be1b709ca4aacf355?s=96&d=mm&r=g","contentUrl":"https:\/\/secure.gravatar.com\/avatar\/92f1221f9fe110245bd315644e646de046d9246fade9f84be1b709ca4aacf355?s=96&d=mm&r=g","caption":"Nadine Geier"},"sameAs":["http:\/\/www.medela-vital.de"]}]}},"_links":{"self":[{"href":"https:\/\/www.medela-vital.de\/blog\/wp-json\/wp\/v2\/posts\/554","targetHints":{"allow":["GET"]}}],"collection":[{"href":"https:\/\/www.medela-vital.de\/blog\/wp-json\/wp\/v2\/posts"}],"about":[{"href":"https:\/\/www.medela-vital.de\/blog\/wp-json\/wp\/v2\/types\/post"}],"author":[{"embeddable":true,"href":"https:\/\/www.medela-vital.de\/blog\/wp-json\/wp\/v2\/users\/2"}],"replies":[{"embeddable":true,"href":"https:\/\/www.medela-vital.de\/blog\/wp-json\/wp\/v2\/comments?post=554"}],"version-history":[{"count":3,"href":"https:\/\/www.medela-vital.de\/blog\/wp-json\/wp\/v2\/posts\/554\/revisions"}],"predecessor-version":[{"id":559,"href":"https:\/\/www.medela-vital.de\/blog\/wp-json\/wp\/v2\/posts\/554\/revisions\/559"}],"wp:featuredmedia":[{"embeddable":true,"href":"https:\/\/www.medela-vital.de\/blog\/wp-json\/wp\/v2\/media\/555"}],"wp:attachment":[{"href":"https:\/\/www.medela-vital.de\/blog\/wp-json\/wp\/v2\/media?parent=554"}],"wp:term":[{"taxonomy":"category","embeddable":true,"href":"https:\/\/www.medela-vital.de\/blog\/wp-json\/wp\/v2\/categories?post=554"},{"taxonomy":"post_tag","embeddable":true,"href":"https:\/\/www.medela-vital.de\/blog\/wp-json\/wp\/v2\/tags?post=554"}],"curies":[{"name":"wp","href":"https:\/\/api.w.org\/{rel}","templated":true}]}}