{"id":548,"date":"2025-04-24T10:57:33","date_gmt":"2025-04-24T08:57:33","guid":{"rendered":"https:\/\/www.medela-vital.de\/blog\/?p=548"},"modified":"2025-04-24T10:58:57","modified_gmt":"2025-04-24T08:58:57","slug":"pilzkaffee","status":"publish","type":"post","link":"https:\/\/www.medela-vital.de\/blog\/pilzkaffee\/","title":{"rendered":"Pilzkaffee am Morgen vertreibt Kummer und Sorgen?"},"content":{"rendered":"<div class=\"wp-block-image\">\n<figure class=\"aligncenter size-full is-resized\"><img loading=\"lazy\" decoding=\"async\" width=\"640\" height=\"427\" src=\"https:\/\/www.medela-vital.de\/blog\/wp-content\/uploads\/2024\/01\/coffee-171653_640-1.jpg\" alt=\"Pilzkaffee mit Reishi und Hericium\" class=\"wp-image-492\" style=\"width:376px;height:auto\" srcset=\"https:\/\/www.medela-vital.de\/blog\/wp-content\/uploads\/2024\/01\/coffee-171653_640-1.jpg 640w, https:\/\/www.medela-vital.de\/blog\/wp-content\/uploads\/2024\/01\/coffee-171653_640-1-300x200.jpg 300w\" sizes=\"auto, (max-width: 640px) 100vw, 640px\" \/><\/figure>\n<\/div>\n\n\n<h2 class=\"wp-block-heading\">Warum Kaffee mit Bio-Vitalpilzen wie Reishi &amp; Hericium immer beliebter wird<\/h2>\n\n\n\n<p><strong>Pilzkaffee mit Reishi und Hericium<\/strong> wird immer beliebter als nat\u00fcrliche Kaffee-Alternative. Statt sich auf klassischen Kaffee zu verlassen, entscheiden sich immer mehr Menschen f\u00fcr diese innovative Mischung aus hochwertigem <strong>Bio-Kaffee<\/strong> und den nat\u00fcrlichen Vorteilen von <strong>Reishi<\/strong> und <strong>Hericium<\/strong>. Dieser besondere Kaffee ist perfekt f\u00fcr alle, die nicht nur den Geschmack, sondern auch die Kraft der Vitalpilze in ihren Alltag integrieren m\u00f6chten. <\/p>\n\n\n\n<p>In diesem Beitrag erf\u00e4hrst du, was es mit dem neuen Trendgetr\u00e4nk auf sich hat, welche Vitalpilze darin stecken \u2013 und warum unser <strong>Bio-Reishi-Kaffee<\/strong> und <strong>koffeinfreier Hericium-Kaffee<\/strong> eine besondere Rolle spielen.<\/p>\n\n\n\n<!--more-->\n\n\n\n<h3 class=\"wp-block-heading\">\ud83c\udf44 Was ist Pilzkaffee?<\/h3>\n\n\n\n<p>Pilzkaffee ist kein Ersatz f\u00fcr Kaffee, sondern eine Weiterentwicklung: Ein klassischer R\u00f6stkaffee, der mit hochwertigen Vitalpilzpulvern angereichert wird. Bei uns kommt dabei ausschlie\u00dflich <strong>Bio-Reishi<\/strong> oder <strong>Bio-Hericium<\/strong> zum Einsatz \u2013 je nach Sorte.<\/p>\n\n\n\n<p>Der Geschmack bleibt voll und aromatisch \u2013 mit einer dezenten, erdigen oder nussigen Note je nach Pilzart. So verbindet Pilzkaffee das Beste aus zwei Welten: den Genuss eines frisch gebr\u00fchten Kaffees und die nat\u00fcrliche Kraft ausgew\u00e4hlter Vitalpilze.<\/p>\n\n\n\n<hr class=\"wp-block-separator has-alpha-channel-opacity\"\/>\n\n\n\n<h3 class=\"wp-block-heading\">\ud83c\udf31 Unsere Vitalpilz-Kaffeesorten im \u00dcberblick<\/h3>\n\n\n\n<h4 class=\"wp-block-heading\">\u2705 <strong>Bio-Reishi-Kaffee \u2013 in mehreren Sorten erh\u00e4ltlich<\/strong><\/h4>\n\n\n\n<p>Ob mild, kr\u00e4ftig oder mit besonderen R\u00f6stprofilen \u2013 unser <strong>Bio-Filterkaffee mit Reishi<\/strong> ist in verschiedenen Geschmacksrichtungen erh\u00e4ltlich.<br>Jede Sorte enth\u00e4lt sorgf\u00e4ltig eingearbeitetes <strong>Bio-Reishi-Pilzpulver<\/strong> \u2013 perfekt f\u00fcr Kaffeeliebhaber, die etwas Besonderes suchen.<\/p>\n\n\n\n<ul class=\"wp-block-list\">\n<li>Ideal f\u00fcr den Morgen oder zwischendurch<\/li>\n\n\n\n<li>Voller Geschmack, mit einer dezenten Reishi-Note<\/li>\n\n\n\n<li>Zum Aufbr\u00fchen in der French Press, Filtermaschine oder Pour-Over<\/li>\n<\/ul>\n\n\n\n<h4 class=\"wp-block-heading\">\u2705 <strong>Koffeinfreier Bio-Kaffee mit Hericium<\/strong><\/h4>\n\n\n\n<p>F\u00fcr alle, die koffeinbewusst genie\u00dfen m\u00f6chten, bieten wir einen <strong>koffeinfreien Bio-Kaffee mit Bio Hericium<\/strong> (L\u00f6wenm\u00e4hne) \u2013 ebenfalls zum Br\u00fchen.<br>Der Geschmack ist mild und angenehm nussig \u2013 perfekt f\u00fcr den Nachmittag oder Abend.<\/p>\n\n\n\n<ul class=\"wp-block-list\">\n<li>Unser Silencio Kaffee, kombiniert mit Bio-Hericium<\/li>\n\n\n\n<li>Koffeinfrei &amp; bek\u00f6mmlich<\/li>\n\n\n\n<li>Besonders gut mit Hafer- oder Mandelmilch<\/li>\n<\/ul>\n\n\n\n<hr class=\"wp-block-separator has-alpha-channel-opacity\"\/>\n\n\n\n<h3 class=\"wp-block-heading\">\u2615 Zubereitung \u2013 wie normaler Filterkaffee<\/h3>\n\n\n\n<p>Pilzkaffee mit Bio Reishi und Bio Hericium sind <strong>kein Instantkaffee<\/strong>, sondern eignen sich f\u00fcr alle g\u00e4ngigen Br\u00fchmethoden:<\/p>\n\n\n\n<ul class=\"wp-block-list\">\n<li>Handfilter (Pour Over)<\/li>\n\n\n\n<li>French Press<\/li>\n\n\n\n<li>Filterkaffeemaschine<\/li>\n\n\n\n<li>Chemex oder Aeropress<\/li>\n<\/ul>\n\n\n\n<p><strong>Dosierungstipp:<\/strong><br>Pro Tasse empfehlen wir ca. 8\u201310\u202fg Kaffeepulver. Je nach gew\u00fcnschter St\u00e4rke kannst du nat\u00fcrlich variieren.<\/p>\n\n\n\n<hr class=\"wp-block-separator has-alpha-channel-opacity\"\/>\n\n\n\n<h3 class=\"wp-block-heading\">\ud83c\udf0d Nat\u00fcrlichkeit &amp; Achtsamkeit in der Tasse<\/h3>\n\n\n\n<p>Unsere Bio-Kaffees mit Reishi oder Hericium stehen f\u00fcr bewussten Kaffeegenuss, der \u00fcber das Allt\u00e4gliche hinausgeht. Sie verbinden hochwertige R\u00f6stkunst mit der Kraft der Vitalpilze \u2013 nachhaltig, vegan und ohne k\u00fcnstliche Zus\u00e4tze.<\/p>\n\n\n\n<p>F\u00fcr viele ist der Pilzkaffee nicht nur ein Getr\u00e4nk, sondern ein kleiner Moment des Innehaltens. Und genau daf\u00fcr sind unsere Sorten gemacht.<\/p>\n\n\n\n<hr class=\"wp-block-separator has-alpha-channel-opacity\"\/>\n\n\n\n<h2 class=\"wp-block-heading\">\ud83d\udecd\ufe0f Jetzt entdecken:<\/h2>\n\n\n\n<p>In unserem Shop findest du alle Vitalpilz-Kaffees zum Aufbr\u00fchen \u2013 als ganze Bohne oder gemahlen:<br>\u27a1\ufe0f <a href=\"https:\/\/www.medela-vital.de\/reishi-kaffee\/\">Zu unseren Bio-Kaffees (verschiedene Sorten)<\/a><br>\u27a1\ufe0f <a href=\"http:\/\/www.bio-vitalpilze.at\">F\u00fcr unsere Kunden aus \u00d6sterreich<\/a><\/p>\n\n\n\n<p><\/p>\n","protected":false},"excerpt":{"rendered":"<p>Warum Kaffee mit Bio-Vitalpilzen wie Reishi &amp; Hericium immer beliebter wird Pilzkaffee mit Reishi und Hericium wird immer beliebter als nat\u00fcrliche Kaffee-Alternative. Statt sich auf klassischen Kaffee zu verlassen, entscheiden sich immer mehr Menschen f\u00fcr diese innovative Mischung aus hochwertigem Bio-Kaffee und den nat\u00fcrlichen Vorteilen von Reishi und Hericium. Dieser besondere Kaffee ist perfekt f\u00fcr &hellip; <a href=\"https:\/\/www.medela-vital.de\/blog\/pilzkaffee\/\">Weiterlesen<\/a><\/p>\n","protected":false},"author":2,"featured_media":549,"comment_status":"closed","ping_status":"open","sticky":false,"template":"","format":"standard","meta":{"footnotes":""},"categories":[1],"tags":[],"class_list":["post-548","post","type-post","status-publish","format-standard","has-post-thumbnail","hentry","category-allgemein"],"yoast_head":"<!-- This site is optimized with the Yoast SEO plugin v27.4 - https:\/\/yoast.com\/product\/yoast-seo-wordpress\/ -->\n<title>Pilzkaffee mit Reishi &amp; Hericium: Die nat\u00fcrliche Kaffee-Alternative<\/title>\n<meta name=\"description\" content=\"Entdecke Pilzkaffee mit Bio-Reishi und koffeinfreiem Bio-Hericium. Voller Geschmack, 100% Bio-Qualit\u00e4t und ideal zum Br\u00fchen\" \/>\n<meta name=\"robots\" content=\"index, follow, max-snippet:-1, max-image-preview:large, max-video-preview:-1\" \/>\n<link rel=\"canonical\" href=\"https:\/\/www.medela-vital.de\/blog\/pilzkaffee\/\" \/>\n<meta property=\"og:locale\" content=\"de_DE\" \/>\n<meta property=\"og:type\" content=\"article\" \/>\n<meta property=\"og:title\" content=\"Pilzkaffee mit Reishi &amp; Hericium: Die nat\u00fcrliche Kaffee-Alternative\" \/>\n<meta property=\"og:description\" content=\"Entdecke Pilzkaffee mit Bio-Reishi und koffeinfreiem Bio-Hericium. Voller Geschmack, 100% Bio-Qualit\u00e4t und ideal zum Br\u00fchen\" \/>\n<meta property=\"og:url\" content=\"https:\/\/www.medela-vital.de\/blog\/pilzkaffee\/\" \/>\n<meta property=\"og:site_name\" content=\"medela-vital\" \/>\n<meta property=\"article:publisher\" content=\"https:\/\/de-de.facebook.com\/medelavital\/\" \/>\n<meta property=\"article:published_time\" content=\"2025-04-24T08:57:33+00:00\" \/>\n<meta property=\"article:modified_time\" content=\"2025-04-24T08:58:57+00:00\" \/>\n<meta property=\"og:image\" content=\"https:\/\/www.medela-vital.de\/blog\/wp-content\/uploads\/2025\/04\/kkk.png\" \/>\n\t<meta property=\"og:image:width\" content=\"1200\" \/>\n\t<meta property=\"og:image:height\" content=\"600\" \/>\n\t<meta property=\"og:image:type\" content=\"image\/png\" \/>\n<meta name=\"author\" content=\"Nadine Geier\" \/>\n<meta name=\"twitter:card\" content=\"summary_large_image\" \/>\n<meta name=\"twitter:label1\" content=\"Verfasst von\" \/>\n\t<meta name=\"twitter:data1\" content=\"Nadine Geier\" \/>\n\t<meta name=\"twitter:label2\" content=\"Gesch\u00e4tzte Lesezeit\" \/>\n\t<meta name=\"twitter:data2\" content=\"3\u00a0Minuten\" \/>\n<script type=\"application\/ld+json\" class=\"yoast-schema-graph\">{\"@context\":\"https:\\\/\\\/schema.org\",\"@graph\":[{\"@type\":\"Article\",\"@id\":\"https:\\\/\\\/www.medela-vital.de\\\/blog\\\/pilzkaffee\\\/#article\",\"isPartOf\":{\"@id\":\"https:\\\/\\\/www.medela-vital.de\\\/blog\\\/pilzkaffee\\\/\"},\"author\":{\"name\":\"Nadine Geier\",\"@id\":\"https:\\\/\\\/www.medela-vital.de\\\/blog\\\/#\\\/schema\\\/person\\\/16abb051cea55a07709767e8a0117e9d\"},\"headline\":\"Pilzkaffee am Morgen vertreibt Kummer und Sorgen?\",\"datePublished\":\"2025-04-24T08:57:33+00:00\",\"dateModified\":\"2025-04-24T08:58:57+00:00\",\"mainEntityOfPage\":{\"@id\":\"https:\\\/\\\/www.medela-vital.de\\\/blog\\\/pilzkaffee\\\/\"},\"wordCount\":464,\"publisher\":{\"@id\":\"https:\\\/\\\/www.medela-vital.de\\\/blog\\\/#organization\"},\"image\":{\"@id\":\"https:\\\/\\\/www.medela-vital.de\\\/blog\\\/pilzkaffee\\\/#primaryimage\"},\"thumbnailUrl\":\"https:\\\/\\\/www.medela-vital.de\\\/blog\\\/wp-content\\\/uploads\\\/2025\\\/04\\\/kkk.png\",\"inLanguage\":\"de\"},{\"@type\":\"WebPage\",\"@id\":\"https:\\\/\\\/www.medela-vital.de\\\/blog\\\/pilzkaffee\\\/\",\"url\":\"https:\\\/\\\/www.medela-vital.de\\\/blog\\\/pilzkaffee\\\/\",\"name\":\"Pilzkaffee mit Reishi & Hericium: Die nat\u00fcrliche Kaffee-Alternative\",\"isPartOf\":{\"@id\":\"https:\\\/\\\/www.medela-vital.de\\\/blog\\\/#website\"},\"primaryImageOfPage\":{\"@id\":\"https:\\\/\\\/www.medela-vital.de\\\/blog\\\/pilzkaffee\\\/#primaryimage\"},\"image\":{\"@id\":\"https:\\\/\\\/www.medela-vital.de\\\/blog\\\/pilzkaffee\\\/#primaryimage\"},\"thumbnailUrl\":\"https:\\\/\\\/www.medela-vital.de\\\/blog\\\/wp-content\\\/uploads\\\/2025\\\/04\\\/kkk.png\",\"datePublished\":\"2025-04-24T08:57:33+00:00\",\"dateModified\":\"2025-04-24T08:58:57+00:00\",\"description\":\"Entdecke Pilzkaffee mit Bio-Reishi und koffeinfreiem Bio-Hericium. Voller Geschmack, 100% Bio-Qualit\u00e4t und ideal zum Br\u00fchen\",\"breadcrumb\":{\"@id\":\"https:\\\/\\\/www.medela-vital.de\\\/blog\\\/pilzkaffee\\\/#breadcrumb\"},\"inLanguage\":\"de\",\"potentialAction\":[{\"@type\":\"ReadAction\",\"target\":[\"https:\\\/\\\/www.medela-vital.de\\\/blog\\\/pilzkaffee\\\/\"]}]},{\"@type\":\"ImageObject\",\"inLanguage\":\"de\",\"@id\":\"https:\\\/\\\/www.medela-vital.de\\\/blog\\\/pilzkaffee\\\/#primaryimage\",\"url\":\"https:\\\/\\\/www.medela-vital.de\\\/blog\\\/wp-content\\\/uploads\\\/2025\\\/04\\\/kkk.png\",\"contentUrl\":\"https:\\\/\\\/www.medela-vital.de\\\/blog\\\/wp-content\\\/uploads\\\/2025\\\/04\\\/kkk.png\",\"width\":1200,\"height\":600,\"caption\":\"Pilzkaffee mit Reishi und Hericium\"},{\"@type\":\"BreadcrumbList\",\"@id\":\"https:\\\/\\\/www.medela-vital.de\\\/blog\\\/pilzkaffee\\\/#breadcrumb\",\"itemListElement\":[{\"@type\":\"ListItem\",\"position\":1,\"name\":\"Startseite\",\"item\":\"https:\\\/\\\/www.medela-vital.de\\\/blog\\\/\"},{\"@type\":\"ListItem\",\"position\":2,\"name\":\"Pilzkaffee am Morgen vertreibt Kummer und Sorgen?\"}]},{\"@type\":\"WebSite\",\"@id\":\"https:\\\/\\\/www.medela-vital.de\\\/blog\\\/#website\",\"url\":\"https:\\\/\\\/www.medela-vital.de\\\/blog\\\/\",\"name\":\"medela-vital\",\"description\":\"Unser neuer Vitalpilze-Blog\",\"publisher\":{\"@id\":\"https:\\\/\\\/www.medela-vital.de\\\/blog\\\/#organization\"},\"potentialAction\":[{\"@type\":\"SearchAction\",\"target\":{\"@type\":\"EntryPoint\",\"urlTemplate\":\"https:\\\/\\\/www.medela-vital.de\\\/blog\\\/?s={search_term_string}\"},\"query-input\":{\"@type\":\"PropertyValueSpecification\",\"valueRequired\":true,\"valueName\":\"search_term_string\"}}],\"inLanguage\":\"de\"},{\"@type\":\"Organization\",\"@id\":\"https:\\\/\\\/www.medela-vital.de\\\/blog\\\/#organization\",\"name\":\"Medela-vital\",\"url\":\"https:\\\/\\\/www.medela-vital.de\\\/blog\\\/\",\"logo\":{\"@type\":\"ImageObject\",\"inLanguage\":\"de\",\"@id\":\"https:\\\/\\\/www.medela-vital.de\\\/blog\\\/#\\\/schema\\\/logo\\\/image\\\/\",\"url\":\"https:\\\/\\\/www.medela-vital.de\\\/blog\\\/wp-content\\\/uploads\\\/2017\\\/12\\\/logo-medela-vital_logo.png\",\"contentUrl\":\"https:\\\/\\\/www.medela-vital.de\\\/blog\\\/wp-content\\\/uploads\\\/2017\\\/12\\\/logo-medela-vital_logo.png\",\"width\":739,\"height\":273,\"caption\":\"Medela-vital\"},\"image\":{\"@id\":\"https:\\\/\\\/www.medela-vital.de\\\/blog\\\/#\\\/schema\\\/logo\\\/image\\\/\"},\"sameAs\":[\"https:\\\/\\\/de-de.facebook.com\\\/medelavital\\\/\"]},{\"@type\":\"Person\",\"@id\":\"https:\\\/\\\/www.medela-vital.de\\\/blog\\\/#\\\/schema\\\/person\\\/16abb051cea55a07709767e8a0117e9d\",\"name\":\"Nadine Geier\",\"image\":{\"@type\":\"ImageObject\",\"inLanguage\":\"de\",\"@id\":\"https:\\\/\\\/secure.gravatar.com\\\/avatar\\\/92f1221f9fe110245bd315644e646de046d9246fade9f84be1b709ca4aacf355?s=96&d=mm&r=g\",\"url\":\"https:\\\/\\\/secure.gravatar.com\\\/avatar\\\/92f1221f9fe110245bd315644e646de046d9246fade9f84be1b709ca4aacf355?s=96&d=mm&r=g\",\"contentUrl\":\"https:\\\/\\\/secure.gravatar.com\\\/avatar\\\/92f1221f9fe110245bd315644e646de046d9246fade9f84be1b709ca4aacf355?s=96&d=mm&r=g\",\"caption\":\"Nadine Geier\"},\"sameAs\":[\"http:\\\/\\\/www.medela-vital.de\"]}]}<\/script>\n<!-- \/ Yoast SEO plugin. -->","yoast_head_json":{"title":"Pilzkaffee mit Reishi & Hericium: Die nat\u00fcrliche Kaffee-Alternative","description":"Entdecke Pilzkaffee mit Bio-Reishi und koffeinfreiem Bio-Hericium. Voller Geschmack, 100% Bio-Qualit\u00e4t und ideal zum Br\u00fchen","robots":{"index":"index","follow":"follow","max-snippet":"max-snippet:-1","max-image-preview":"max-image-preview:large","max-video-preview":"max-video-preview:-1"},"canonical":"https:\/\/www.medela-vital.de\/blog\/pilzkaffee\/","og_locale":"de_DE","og_type":"article","og_title":"Pilzkaffee mit Reishi & Hericium: Die nat\u00fcrliche Kaffee-Alternative","og_description":"Entdecke Pilzkaffee mit Bio-Reishi und koffeinfreiem Bio-Hericium. Voller Geschmack, 100% Bio-Qualit\u00e4t und ideal zum Br\u00fchen","og_url":"https:\/\/www.medela-vital.de\/blog\/pilzkaffee\/","og_site_name":"medela-vital","article_publisher":"https:\/\/de-de.facebook.com\/medelavital\/","article_published_time":"2025-04-24T08:57:33+00:00","article_modified_time":"2025-04-24T08:58:57+00:00","og_image":[{"width":1200,"height":600,"url":"https:\/\/www.medela-vital.de\/blog\/wp-content\/uploads\/2025\/04\/kkk.png","type":"image\/png"}],"author":"Nadine Geier","twitter_card":"summary_large_image","twitter_misc":{"Verfasst von":"Nadine Geier","Gesch\u00e4tzte Lesezeit":"3\u00a0Minuten"},"schema":{"@context":"https:\/\/schema.org","@graph":[{"@type":"Article","@id":"https:\/\/www.medela-vital.de\/blog\/pilzkaffee\/#article","isPartOf":{"@id":"https:\/\/www.medela-vital.de\/blog\/pilzkaffee\/"},"author":{"name":"Nadine Geier","@id":"https:\/\/www.medela-vital.de\/blog\/#\/schema\/person\/16abb051cea55a07709767e8a0117e9d"},"headline":"Pilzkaffee am Morgen vertreibt Kummer und Sorgen?","datePublished":"2025-04-24T08:57:33+00:00","dateModified":"2025-04-24T08:58:57+00:00","mainEntityOfPage":{"@id":"https:\/\/www.medela-vital.de\/blog\/pilzkaffee\/"},"wordCount":464,"publisher":{"@id":"https:\/\/www.medela-vital.de\/blog\/#organization"},"image":{"@id":"https:\/\/www.medela-vital.de\/blog\/pilzkaffee\/#primaryimage"},"thumbnailUrl":"https:\/\/www.medela-vital.de\/blog\/wp-content\/uploads\/2025\/04\/kkk.png","inLanguage":"de"},{"@type":"WebPage","@id":"https:\/\/www.medela-vital.de\/blog\/pilzkaffee\/","url":"https:\/\/www.medela-vital.de\/blog\/pilzkaffee\/","name":"Pilzkaffee mit Reishi & Hericium: Die nat\u00fcrliche Kaffee-Alternative","isPartOf":{"@id":"https:\/\/www.medela-vital.de\/blog\/#website"},"primaryImageOfPage":{"@id":"https:\/\/www.medela-vital.de\/blog\/pilzkaffee\/#primaryimage"},"image":{"@id":"https:\/\/www.medela-vital.de\/blog\/pilzkaffee\/#primaryimage"},"thumbnailUrl":"https:\/\/www.medela-vital.de\/blog\/wp-content\/uploads\/2025\/04\/kkk.png","datePublished":"2025-04-24T08:57:33+00:00","dateModified":"2025-04-24T08:58:57+00:00","description":"Entdecke Pilzkaffee mit Bio-Reishi und koffeinfreiem Bio-Hericium. Voller Geschmack, 100% Bio-Qualit\u00e4t und ideal zum Br\u00fchen","breadcrumb":{"@id":"https:\/\/www.medela-vital.de\/blog\/pilzkaffee\/#breadcrumb"},"inLanguage":"de","potentialAction":[{"@type":"ReadAction","target":["https:\/\/www.medela-vital.de\/blog\/pilzkaffee\/"]}]},{"@type":"ImageObject","inLanguage":"de","@id":"https:\/\/www.medela-vital.de\/blog\/pilzkaffee\/#primaryimage","url":"https:\/\/www.medela-vital.de\/blog\/wp-content\/uploads\/2025\/04\/kkk.png","contentUrl":"https:\/\/www.medela-vital.de\/blog\/wp-content\/uploads\/2025\/04\/kkk.png","width":1200,"height":600,"caption":"Pilzkaffee mit Reishi und Hericium"},{"@type":"BreadcrumbList","@id":"https:\/\/www.medela-vital.de\/blog\/pilzkaffee\/#breadcrumb","itemListElement":[{"@type":"ListItem","position":1,"name":"Startseite","item":"https:\/\/www.medela-vital.de\/blog\/"},{"@type":"ListItem","position":2,"name":"Pilzkaffee am Morgen vertreibt Kummer und Sorgen?"}]},{"@type":"WebSite","@id":"https:\/\/www.medela-vital.de\/blog\/#website","url":"https:\/\/www.medela-vital.de\/blog\/","name":"medela-vital","description":"Unser neuer Vitalpilze-Blog","publisher":{"@id":"https:\/\/www.medela-vital.de\/blog\/#organization"},"potentialAction":[{"@type":"SearchAction","target":{"@type":"EntryPoint","urlTemplate":"https:\/\/www.medela-vital.de\/blog\/?s={search_term_string}"},"query-input":{"@type":"PropertyValueSpecification","valueRequired":true,"valueName":"search_term_string"}}],"inLanguage":"de"},{"@type":"Organization","@id":"https:\/\/www.medela-vital.de\/blog\/#organization","name":"Medela-vital","url":"https:\/\/www.medela-vital.de\/blog\/","logo":{"@type":"ImageObject","inLanguage":"de","@id":"https:\/\/www.medela-vital.de\/blog\/#\/schema\/logo\/image\/","url":"https:\/\/www.medela-vital.de\/blog\/wp-content\/uploads\/2017\/12\/logo-medela-vital_logo.png","contentUrl":"https:\/\/www.medela-vital.de\/blog\/wp-content\/uploads\/2017\/12\/logo-medela-vital_logo.png","width":739,"height":273,"caption":"Medela-vital"},"image":{"@id":"https:\/\/www.medela-vital.de\/blog\/#\/schema\/logo\/image\/"},"sameAs":["https:\/\/de-de.facebook.com\/medelavital\/"]},{"@type":"Person","@id":"https:\/\/www.medela-vital.de\/blog\/#\/schema\/person\/16abb051cea55a07709767e8a0117e9d","name":"Nadine Geier","image":{"@type":"ImageObject","inLanguage":"de","@id":"https:\/\/secure.gravatar.com\/avatar\/92f1221f9fe110245bd315644e646de046d9246fade9f84be1b709ca4aacf355?s=96&d=mm&r=g","url":"https:\/\/secure.gravatar.com\/avatar\/92f1221f9fe110245bd315644e646de046d9246fade9f84be1b709ca4aacf355?s=96&d=mm&r=g","contentUrl":"https:\/\/secure.gravatar.com\/avatar\/92f1221f9fe110245bd315644e646de046d9246fade9f84be1b709ca4aacf355?s=96&d=mm&r=g","caption":"Nadine Geier"},"sameAs":["http:\/\/www.medela-vital.de"]}]}},"_links":{"self":[{"href":"https:\/\/www.medela-vital.de\/blog\/wp-json\/wp\/v2\/posts\/548","targetHints":{"allow":["GET"]}}],"collection":[{"href":"https:\/\/www.medela-vital.de\/blog\/wp-json\/wp\/v2\/posts"}],"about":[{"href":"https:\/\/www.medela-vital.de\/blog\/wp-json\/wp\/v2\/types\/post"}],"author":[{"embeddable":true,"href":"https:\/\/www.medela-vital.de\/blog\/wp-json\/wp\/v2\/users\/2"}],"replies":[{"embeddable":true,"href":"https:\/\/www.medela-vital.de\/blog\/wp-json\/wp\/v2\/comments?post=548"}],"version-history":[{"count":2,"href":"https:\/\/www.medela-vital.de\/blog\/wp-json\/wp\/v2\/posts\/548\/revisions"}],"predecessor-version":[{"id":552,"href":"https:\/\/www.medela-vital.de\/blog\/wp-json\/wp\/v2\/posts\/548\/revisions\/552"}],"wp:featuredmedia":[{"embeddable":true,"href":"https:\/\/www.medela-vital.de\/blog\/wp-json\/wp\/v2\/media\/549"}],"wp:attachment":[{"href":"https:\/\/www.medela-vital.de\/blog\/wp-json\/wp\/v2\/media?parent=548"}],"wp:term":[{"taxonomy":"category","embeddable":true,"href":"https:\/\/www.medela-vital.de\/blog\/wp-json\/wp\/v2\/categories?post=548"},{"taxonomy":"post_tag","embeddable":true,"href":"https:\/\/www.medela-vital.de\/blog\/wp-json\/wp\/v2\/tags?post=548"}],"curies":[{"name":"wp","href":"https:\/\/api.w.org\/{rel}","templated":true}]}}