{"id":461,"date":"2023-09-18T15:40:45","date_gmt":"2023-09-18T13:40:45","guid":{"rendered":"https:\/\/www.medela-vital.de\/blog\/?p=461"},"modified":"2023-09-18T15:41:29","modified_gmt":"2023-09-18T13:41:29","slug":"der-gruene-doppelschlag-bio-chlorella-und-bio-spirulina-als-nahrungsergaenzung","status":"publish","type":"post","link":"https:\/\/www.medela-vital.de\/blog\/der-gruene-doppelschlag-bio-chlorella-und-bio-spirulina-als-nahrungsergaenzung\/","title":{"rendered":"Der gr\u00fcne Doppelschlag: Bio Chlorella und Bio Spirulina als Nahrungserg\u00e4nzung"},"content":{"rendered":"\n<p>M\u00f6chtest du mehr Gr\u00fcn in deiner Ern\u00e4hrung? Wir haben da etwas f\u00fcr dich! Bio Chlorella und Bio Spirulina sind zwei Superalgen, die wie eine gr\u00fcne Wunderwaffe f\u00fcr deine Gesundheit wirken k\u00f6nnen. Keine Angst, es geht hier nicht um langweilige Di\u00e4ten oder Geschmackstests \u2013 es ist Zeit, dich in die Welt der Algen zu st\u00fcrzen! Denn <a href=\"https:\/\/www.medela-vital.de\/vitalprodukte\/\">Chlorella und Spirulina<\/a> sind zwei Superalgen!<\/p>\n\n\n<div class=\"wp-block-image\">\n<figure class=\"aligncenter size-full is-resized\"><img loading=\"lazy\" decoding=\"async\" src=\"https:\/\/www.medela-vital.de\/blog\/wp-content\/uploads\/2023\/09\/spirulina-powder-8254087_640.jpg\" alt=\"Chlorella und Spirulina zwei Superalgen\" class=\"wp-image-462\" style=\"width:334px;height:223px\" width=\"334\" height=\"223\" srcset=\"https:\/\/www.medela-vital.de\/blog\/wp-content\/uploads\/2023\/09\/spirulina-powder-8254087_640.jpg 640w, https:\/\/www.medela-vital.de\/blog\/wp-content\/uploads\/2023\/09\/spirulina-powder-8254087_640-300x200.jpg 300w\" sizes=\"auto, (max-width: 334px) 100vw, 334px\" \/><\/figure>\n<\/div>\n\n\n<!--more-->\n\n\n\n<h2 class=\"wp-block-heading\">Gr\u00fcne Kraftpakete<\/h2>\n\n\n\n<p>Bio Chlorella und Bio Spirulina sind wahre Kraftpakete der Natur. Diese winzigen gr\u00fcnen Algen sind reich an essentiellen N\u00e4hrstoffen und k\u00f6nnen eine breite Palette von gesundheitlichen Vorteilen bieten. Egal, ob du auf der Suche nach mehr Energie, einer gest\u00e4rkten Immunabwehr oder einfach einer besseren Ern\u00e4hrung bist \u2013 diese Algen k\u00f6nnten genau das sein, was du brauchst.<\/p>\n\n\n\n<h2 class=\"wp-block-heading\">Energie f\u00fcr den Tag<\/h2>\n\n\n\n<p>Vergiss Kaffee oder Energy-Drinks. Bio Chlorella und Bio Spirulina k\u00f6nnen deinem K\u00f6rper auf nat\u00fcrliche Weise einen Schub verleihen. Dank ihrer hohen N\u00e4hrstoffdichte, einschlie\u00dflich Protein und Eisen, k\u00f6nnen sie helfen, Erm\u00fcdung und M\u00fcdigkeit zu reduzieren. Also, auf Wiedersehen, Nachmittagstiefs!<\/p>\n\n\n\n<h2 class=\"wp-block-heading\">Ein starkes Immunsystem und Detox f\u00fcr den K\u00f6rper<\/h2>\n\n\n\n<p>Dein Immunsystem ist sozusagen dein pers\u00f6nlicher Verteidigungstrupp gegen Krankheiten. Und diese Algen k\u00f6nnen ihm dabei helfen, gest\u00e4rkt zu bleiben. Bio Chlorella und Bio Spirulina enthalten Antioxidantien und Vitamine, die die Immunabwehr unterst\u00fctzen k\u00f6nnen. Wer will schon st\u00e4ndig Erk\u00e4ltungen? Unser K\u00f6rper kann manchmal eine ordentliche Reinigung gebrauchen, besonders wenn wir uns nicht immer ideal ern\u00e4hren. Chlorella ist bekannt f\u00fcr seine F\u00e4higkeit, Schwermetalle und Toxine zu binden und aus dem K\u00f6rper zu entfernen. Das ist wie Fr\u00fchjahrsputz f\u00fcr deine Zellen!<\/p>\n\n\n\n<h2 class=\"wp-block-heading\">Wie kann man sie in die Ern\u00e4hrung integrieren?<\/h2>\n\n\n\n<p>Das Tolle an Bio Chlorella und Bio Spirulina ist, dass sie in verschiedenen Formen erh\u00e4ltlich sind \u2013 als Pulver, Tabletten oder Kapseln. Du kannst sie in Smoothies, S\u00e4ften oder sogar in Suppen verwenden, ohne deinem Essen einen seltsamen gr\u00fcnen Farbton zu verleihen. Das bedeutet, dass du die Vorteile dieser Algen genie\u00dfen kannst, ohne deinen kulinarischen Horizont zu erweitern (es sei denn, du m\u00f6chtest es!).<\/p>\n\n\n\n<p><strong>Fazit: Gr\u00fcnes Gold<\/strong><\/p>\n\n\n\n<p>Bio Chlorella und Bio Spirulina sind nicht nur f\u00fcr Veganer oder Gesundheitsfanatiker. Sie sind f\u00fcr jeden, der auf der Suche nach einer nat\u00fcrlichen, einfachen M\u00f6glichkeit ist, seine Gesundheit zu verbessern. Also, warum nicht heute damit anfangen, einen kleinen gr\u00fcnen Kick in dein Leben zu bringen? Du wirst \u00fcberrascht sein, wie diese winzigen Algen Gro\u00dfes f\u00fcr dein Wohlbefinden tun k\u00f6nnen. Cheers f\u00fcr mehr Gr\u00fcn im Leben!<\/p>\n\n\n\n<p><\/p>\n\n\n\n<p>Aus \u00d6sterreich kannst du <a href=\"http:\/\/www.bio-vitalpilze.at\">HIER <\/a>bestellen.<\/p>\n","protected":false},"excerpt":{"rendered":"<p>M\u00f6chtest du mehr Gr\u00fcn in deiner Ern\u00e4hrung? Wir haben da etwas f\u00fcr dich! Bio Chlorella und Bio Spirulina sind zwei Superalgen, die wie eine gr\u00fcne Wunderwaffe f\u00fcr deine Gesundheit wirken k\u00f6nnen. Keine Angst, es geht hier nicht um langweilige Di\u00e4ten oder Geschmackstests \u2013 es ist Zeit, dich in die Welt der Algen zu st\u00fcrzen! Denn &hellip; <a href=\"https:\/\/www.medela-vital.de\/blog\/der-gruene-doppelschlag-bio-chlorella-und-bio-spirulina-als-nahrungsergaenzung\/\">Weiterlesen<\/a><\/p>\n","protected":false},"author":2,"featured_media":462,"comment_status":"closed","ping_status":"open","sticky":false,"template":"","format":"standard","meta":{"footnotes":""},"categories":[1],"tags":[],"class_list":["post-461","post","type-post","status-publish","format-standard","has-post-thumbnail","hentry","category-allgemein"],"yoast_head":"<!-- This site is optimized with the Yoast SEO plugin v27.4 - https:\/\/yoast.com\/product\/yoast-seo-wordpress\/ -->\n<title>Chlorella und Spirulina zwei Superalgen- Gr\u00fcne Power im Alltag!<\/title>\n<meta name=\"description\" content=\"Entdecke die nat\u00fcrliche Energiequelle: Chlorella und Spirulina zwei Superalgen. Erfahre, wie diese gr\u00fcnen Wunderwaffen deine Gesundheit unterst\u00fctzen k\u00f6nnen.\" \/>\n<meta name=\"robots\" content=\"index, follow, max-snippet:-1, max-image-preview:large, max-video-preview:-1\" \/>\n<link rel=\"canonical\" href=\"https:\/\/www.medela-vital.de\/blog\/der-gruene-doppelschlag-bio-chlorella-und-bio-spirulina-als-nahrungsergaenzung\/\" \/>\n<meta property=\"og:locale\" content=\"de_DE\" \/>\n<meta property=\"og:type\" content=\"article\" \/>\n<meta property=\"og:title\" content=\"Chlorella und Spirulina zwei Superalgen- Gr\u00fcne Power im Alltag!\" \/>\n<meta property=\"og:description\" content=\"Entdecke die nat\u00fcrliche Energiequelle: Chlorella und Spirulina zwei Superalgen. Erfahre, wie diese gr\u00fcnen Wunderwaffen deine Gesundheit unterst\u00fctzen k\u00f6nnen.\" \/>\n<meta property=\"og:url\" content=\"https:\/\/www.medela-vital.de\/blog\/der-gruene-doppelschlag-bio-chlorella-und-bio-spirulina-als-nahrungsergaenzung\/\" \/>\n<meta property=\"og:site_name\" content=\"medela-vital\" \/>\n<meta property=\"article:publisher\" content=\"https:\/\/de-de.facebook.com\/medelavital\/\" \/>\n<meta property=\"article:published_time\" content=\"2023-09-18T13:40:45+00:00\" \/>\n<meta property=\"article:modified_time\" content=\"2023-09-18T13:41:29+00:00\" \/>\n<meta property=\"og:image\" content=\"https:\/\/www.medela-vital.de\/blog\/wp-content\/uploads\/2023\/09\/spirulina-powder-8254087_640.jpg\" \/>\n\t<meta property=\"og:image:width\" content=\"640\" \/>\n\t<meta property=\"og:image:height\" content=\"427\" \/>\n\t<meta property=\"og:image:type\" content=\"image\/jpeg\" \/>\n<meta name=\"author\" content=\"Nadine Geier\" \/>\n<meta name=\"twitter:card\" content=\"summary_large_image\" \/>\n<meta name=\"twitter:label1\" content=\"Verfasst von\" \/>\n\t<meta name=\"twitter:data1\" content=\"Nadine Geier\" \/>\n\t<meta name=\"twitter:label2\" content=\"Gesch\u00e4tzte Lesezeit\" \/>\n\t<meta name=\"twitter:data2\" content=\"3\u00a0Minuten\" \/>\n<script type=\"application\/ld+json\" class=\"yoast-schema-graph\">{\"@context\":\"https:\\\/\\\/schema.org\",\"@graph\":[{\"@type\":\"Article\",\"@id\":\"https:\\\/\\\/www.medela-vital.de\\\/blog\\\/der-gruene-doppelschlag-bio-chlorella-und-bio-spirulina-als-nahrungsergaenzung\\\/#article\",\"isPartOf\":{\"@id\":\"https:\\\/\\\/www.medela-vital.de\\\/blog\\\/der-gruene-doppelschlag-bio-chlorella-und-bio-spirulina-als-nahrungsergaenzung\\\/\"},\"author\":{\"name\":\"Nadine Geier\",\"@id\":\"https:\\\/\\\/www.medela-vital.de\\\/blog\\\/#\\\/schema\\\/person\\\/16abb051cea55a07709767e8a0117e9d\"},\"headline\":\"Der gr\u00fcne Doppelschlag: Bio Chlorella und Bio Spirulina als Nahrungserg\u00e4nzung\",\"datePublished\":\"2023-09-18T13:40:45+00:00\",\"dateModified\":\"2023-09-18T13:41:29+00:00\",\"mainEntityOfPage\":{\"@id\":\"https:\\\/\\\/www.medela-vital.de\\\/blog\\\/der-gruene-doppelschlag-bio-chlorella-und-bio-spirulina-als-nahrungsergaenzung\\\/\"},\"wordCount\":460,\"publisher\":{\"@id\":\"https:\\\/\\\/www.medela-vital.de\\\/blog\\\/#organization\"},\"image\":{\"@id\":\"https:\\\/\\\/www.medela-vital.de\\\/blog\\\/der-gruene-doppelschlag-bio-chlorella-und-bio-spirulina-als-nahrungsergaenzung\\\/#primaryimage\"},\"thumbnailUrl\":\"https:\\\/\\\/www.medela-vital.de\\\/blog\\\/wp-content\\\/uploads\\\/2023\\\/09\\\/spirulina-powder-8254087_640.jpg\",\"inLanguage\":\"de\"},{\"@type\":\"WebPage\",\"@id\":\"https:\\\/\\\/www.medela-vital.de\\\/blog\\\/der-gruene-doppelschlag-bio-chlorella-und-bio-spirulina-als-nahrungsergaenzung\\\/\",\"url\":\"https:\\\/\\\/www.medela-vital.de\\\/blog\\\/der-gruene-doppelschlag-bio-chlorella-und-bio-spirulina-als-nahrungsergaenzung\\\/\",\"name\":\"Chlorella und Spirulina zwei Superalgen- Gr\u00fcne Power im Alltag!\",\"isPartOf\":{\"@id\":\"https:\\\/\\\/www.medela-vital.de\\\/blog\\\/#website\"},\"primaryImageOfPage\":{\"@id\":\"https:\\\/\\\/www.medela-vital.de\\\/blog\\\/der-gruene-doppelschlag-bio-chlorella-und-bio-spirulina-als-nahrungsergaenzung\\\/#primaryimage\"},\"image\":{\"@id\":\"https:\\\/\\\/www.medela-vital.de\\\/blog\\\/der-gruene-doppelschlag-bio-chlorella-und-bio-spirulina-als-nahrungsergaenzung\\\/#primaryimage\"},\"thumbnailUrl\":\"https:\\\/\\\/www.medela-vital.de\\\/blog\\\/wp-content\\\/uploads\\\/2023\\\/09\\\/spirulina-powder-8254087_640.jpg\",\"datePublished\":\"2023-09-18T13:40:45+00:00\",\"dateModified\":\"2023-09-18T13:41:29+00:00\",\"description\":\"Entdecke die nat\u00fcrliche Energiequelle: Chlorella und Spirulina zwei Superalgen. Erfahre, wie diese gr\u00fcnen Wunderwaffen deine Gesundheit unterst\u00fctzen k\u00f6nnen.\",\"breadcrumb\":{\"@id\":\"https:\\\/\\\/www.medela-vital.de\\\/blog\\\/der-gruene-doppelschlag-bio-chlorella-und-bio-spirulina-als-nahrungsergaenzung\\\/#breadcrumb\"},\"inLanguage\":\"de\",\"potentialAction\":[{\"@type\":\"ReadAction\",\"target\":[\"https:\\\/\\\/www.medela-vital.de\\\/blog\\\/der-gruene-doppelschlag-bio-chlorella-und-bio-spirulina-als-nahrungsergaenzung\\\/\"]}]},{\"@type\":\"ImageObject\",\"inLanguage\":\"de\",\"@id\":\"https:\\\/\\\/www.medela-vital.de\\\/blog\\\/der-gruene-doppelschlag-bio-chlorella-und-bio-spirulina-als-nahrungsergaenzung\\\/#primaryimage\",\"url\":\"https:\\\/\\\/www.medela-vital.de\\\/blog\\\/wp-content\\\/uploads\\\/2023\\\/09\\\/spirulina-powder-8254087_640.jpg\",\"contentUrl\":\"https:\\\/\\\/www.medela-vital.de\\\/blog\\\/wp-content\\\/uploads\\\/2023\\\/09\\\/spirulina-powder-8254087_640.jpg\",\"width\":640,\"height\":427,\"caption\":\"Chlorella und Spirulina zwei Superalgen\"},{\"@type\":\"BreadcrumbList\",\"@id\":\"https:\\\/\\\/www.medela-vital.de\\\/blog\\\/der-gruene-doppelschlag-bio-chlorella-und-bio-spirulina-als-nahrungsergaenzung\\\/#breadcrumb\",\"itemListElement\":[{\"@type\":\"ListItem\",\"position\":1,\"name\":\"Startseite\",\"item\":\"https:\\\/\\\/www.medela-vital.de\\\/blog\\\/\"},{\"@type\":\"ListItem\",\"position\":2,\"name\":\"Der gr\u00fcne Doppelschlag: Bio Chlorella und Bio Spirulina als Nahrungserg\u00e4nzung\"}]},{\"@type\":\"WebSite\",\"@id\":\"https:\\\/\\\/www.medela-vital.de\\\/blog\\\/#website\",\"url\":\"https:\\\/\\\/www.medela-vital.de\\\/blog\\\/\",\"name\":\"medela-vital\",\"description\":\"Unser neuer Vitalpilze-Blog\",\"publisher\":{\"@id\":\"https:\\\/\\\/www.medela-vital.de\\\/blog\\\/#organization\"},\"potentialAction\":[{\"@type\":\"SearchAction\",\"target\":{\"@type\":\"EntryPoint\",\"urlTemplate\":\"https:\\\/\\\/www.medela-vital.de\\\/blog\\\/?s={search_term_string}\"},\"query-input\":{\"@type\":\"PropertyValueSpecification\",\"valueRequired\":true,\"valueName\":\"search_term_string\"}}],\"inLanguage\":\"de\"},{\"@type\":\"Organization\",\"@id\":\"https:\\\/\\\/www.medela-vital.de\\\/blog\\\/#organization\",\"name\":\"Medela-vital\",\"url\":\"https:\\\/\\\/www.medela-vital.de\\\/blog\\\/\",\"logo\":{\"@type\":\"ImageObject\",\"inLanguage\":\"de\",\"@id\":\"https:\\\/\\\/www.medela-vital.de\\\/blog\\\/#\\\/schema\\\/logo\\\/image\\\/\",\"url\":\"https:\\\/\\\/www.medela-vital.de\\\/blog\\\/wp-content\\\/uploads\\\/2017\\\/12\\\/logo-medela-vital_logo.png\",\"contentUrl\":\"https:\\\/\\\/www.medela-vital.de\\\/blog\\\/wp-content\\\/uploads\\\/2017\\\/12\\\/logo-medela-vital_logo.png\",\"width\":739,\"height\":273,\"caption\":\"Medela-vital\"},\"image\":{\"@id\":\"https:\\\/\\\/www.medela-vital.de\\\/blog\\\/#\\\/schema\\\/logo\\\/image\\\/\"},\"sameAs\":[\"https:\\\/\\\/de-de.facebook.com\\\/medelavital\\\/\"]},{\"@type\":\"Person\",\"@id\":\"https:\\\/\\\/www.medela-vital.de\\\/blog\\\/#\\\/schema\\\/person\\\/16abb051cea55a07709767e8a0117e9d\",\"name\":\"Nadine Geier\",\"image\":{\"@type\":\"ImageObject\",\"inLanguage\":\"de\",\"@id\":\"https:\\\/\\\/secure.gravatar.com\\\/avatar\\\/92f1221f9fe110245bd315644e646de046d9246fade9f84be1b709ca4aacf355?s=96&d=mm&r=g\",\"url\":\"https:\\\/\\\/secure.gravatar.com\\\/avatar\\\/92f1221f9fe110245bd315644e646de046d9246fade9f84be1b709ca4aacf355?s=96&d=mm&r=g\",\"contentUrl\":\"https:\\\/\\\/secure.gravatar.com\\\/avatar\\\/92f1221f9fe110245bd315644e646de046d9246fade9f84be1b709ca4aacf355?s=96&d=mm&r=g\",\"caption\":\"Nadine Geier\"},\"sameAs\":[\"http:\\\/\\\/www.medela-vital.de\"]}]}<\/script>\n<!-- \/ Yoast SEO plugin. -->","yoast_head_json":{"title":"Chlorella und Spirulina zwei Superalgen- Gr\u00fcne Power im Alltag!","description":"Entdecke die nat\u00fcrliche Energiequelle: Chlorella und Spirulina zwei Superalgen. Erfahre, wie diese gr\u00fcnen Wunderwaffen deine Gesundheit unterst\u00fctzen k\u00f6nnen.","robots":{"index":"index","follow":"follow","max-snippet":"max-snippet:-1","max-image-preview":"max-image-preview:large","max-video-preview":"max-video-preview:-1"},"canonical":"https:\/\/www.medela-vital.de\/blog\/der-gruene-doppelschlag-bio-chlorella-und-bio-spirulina-als-nahrungsergaenzung\/","og_locale":"de_DE","og_type":"article","og_title":"Chlorella und Spirulina zwei Superalgen- Gr\u00fcne Power im Alltag!","og_description":"Entdecke die nat\u00fcrliche Energiequelle: Chlorella und Spirulina zwei Superalgen. Erfahre, wie diese gr\u00fcnen Wunderwaffen deine Gesundheit unterst\u00fctzen k\u00f6nnen.","og_url":"https:\/\/www.medela-vital.de\/blog\/der-gruene-doppelschlag-bio-chlorella-und-bio-spirulina-als-nahrungsergaenzung\/","og_site_name":"medela-vital","article_publisher":"https:\/\/de-de.facebook.com\/medelavital\/","article_published_time":"2023-09-18T13:40:45+00:00","article_modified_time":"2023-09-18T13:41:29+00:00","og_image":[{"width":640,"height":427,"url":"https:\/\/www.medela-vital.de\/blog\/wp-content\/uploads\/2023\/09\/spirulina-powder-8254087_640.jpg","type":"image\/jpeg"}],"author":"Nadine Geier","twitter_card":"summary_large_image","twitter_misc":{"Verfasst von":"Nadine Geier","Gesch\u00e4tzte Lesezeit":"3\u00a0Minuten"},"schema":{"@context":"https:\/\/schema.org","@graph":[{"@type":"Article","@id":"https:\/\/www.medela-vital.de\/blog\/der-gruene-doppelschlag-bio-chlorella-und-bio-spirulina-als-nahrungsergaenzung\/#article","isPartOf":{"@id":"https:\/\/www.medela-vital.de\/blog\/der-gruene-doppelschlag-bio-chlorella-und-bio-spirulina-als-nahrungsergaenzung\/"},"author":{"name":"Nadine Geier","@id":"https:\/\/www.medela-vital.de\/blog\/#\/schema\/person\/16abb051cea55a07709767e8a0117e9d"},"headline":"Der gr\u00fcne Doppelschlag: Bio Chlorella und Bio Spirulina als Nahrungserg\u00e4nzung","datePublished":"2023-09-18T13:40:45+00:00","dateModified":"2023-09-18T13:41:29+00:00","mainEntityOfPage":{"@id":"https:\/\/www.medela-vital.de\/blog\/der-gruene-doppelschlag-bio-chlorella-und-bio-spirulina-als-nahrungsergaenzung\/"},"wordCount":460,"publisher":{"@id":"https:\/\/www.medela-vital.de\/blog\/#organization"},"image":{"@id":"https:\/\/www.medela-vital.de\/blog\/der-gruene-doppelschlag-bio-chlorella-und-bio-spirulina-als-nahrungsergaenzung\/#primaryimage"},"thumbnailUrl":"https:\/\/www.medela-vital.de\/blog\/wp-content\/uploads\/2023\/09\/spirulina-powder-8254087_640.jpg","inLanguage":"de"},{"@type":"WebPage","@id":"https:\/\/www.medela-vital.de\/blog\/der-gruene-doppelschlag-bio-chlorella-und-bio-spirulina-als-nahrungsergaenzung\/","url":"https:\/\/www.medela-vital.de\/blog\/der-gruene-doppelschlag-bio-chlorella-und-bio-spirulina-als-nahrungsergaenzung\/","name":"Chlorella und Spirulina zwei Superalgen- Gr\u00fcne Power im Alltag!","isPartOf":{"@id":"https:\/\/www.medela-vital.de\/blog\/#website"},"primaryImageOfPage":{"@id":"https:\/\/www.medela-vital.de\/blog\/der-gruene-doppelschlag-bio-chlorella-und-bio-spirulina-als-nahrungsergaenzung\/#primaryimage"},"image":{"@id":"https:\/\/www.medela-vital.de\/blog\/der-gruene-doppelschlag-bio-chlorella-und-bio-spirulina-als-nahrungsergaenzung\/#primaryimage"},"thumbnailUrl":"https:\/\/www.medela-vital.de\/blog\/wp-content\/uploads\/2023\/09\/spirulina-powder-8254087_640.jpg","datePublished":"2023-09-18T13:40:45+00:00","dateModified":"2023-09-18T13:41:29+00:00","description":"Entdecke die nat\u00fcrliche Energiequelle: Chlorella und Spirulina zwei Superalgen. Erfahre, wie diese gr\u00fcnen Wunderwaffen deine Gesundheit unterst\u00fctzen k\u00f6nnen.","breadcrumb":{"@id":"https:\/\/www.medela-vital.de\/blog\/der-gruene-doppelschlag-bio-chlorella-und-bio-spirulina-als-nahrungsergaenzung\/#breadcrumb"},"inLanguage":"de","potentialAction":[{"@type":"ReadAction","target":["https:\/\/www.medela-vital.de\/blog\/der-gruene-doppelschlag-bio-chlorella-und-bio-spirulina-als-nahrungsergaenzung\/"]}]},{"@type":"ImageObject","inLanguage":"de","@id":"https:\/\/www.medela-vital.de\/blog\/der-gruene-doppelschlag-bio-chlorella-und-bio-spirulina-als-nahrungsergaenzung\/#primaryimage","url":"https:\/\/www.medela-vital.de\/blog\/wp-content\/uploads\/2023\/09\/spirulina-powder-8254087_640.jpg","contentUrl":"https:\/\/www.medela-vital.de\/blog\/wp-content\/uploads\/2023\/09\/spirulina-powder-8254087_640.jpg","width":640,"height":427,"caption":"Chlorella und Spirulina zwei Superalgen"},{"@type":"BreadcrumbList","@id":"https:\/\/www.medela-vital.de\/blog\/der-gruene-doppelschlag-bio-chlorella-und-bio-spirulina-als-nahrungsergaenzung\/#breadcrumb","itemListElement":[{"@type":"ListItem","position":1,"name":"Startseite","item":"https:\/\/www.medela-vital.de\/blog\/"},{"@type":"ListItem","position":2,"name":"Der gr\u00fcne Doppelschlag: Bio Chlorella und Bio Spirulina als Nahrungserg\u00e4nzung"}]},{"@type":"WebSite","@id":"https:\/\/www.medela-vital.de\/blog\/#website","url":"https:\/\/www.medela-vital.de\/blog\/","name":"medela-vital","description":"Unser neuer Vitalpilze-Blog","publisher":{"@id":"https:\/\/www.medela-vital.de\/blog\/#organization"},"potentialAction":[{"@type":"SearchAction","target":{"@type":"EntryPoint","urlTemplate":"https:\/\/www.medela-vital.de\/blog\/?s={search_term_string}"},"query-input":{"@type":"PropertyValueSpecification","valueRequired":true,"valueName":"search_term_string"}}],"inLanguage":"de"},{"@type":"Organization","@id":"https:\/\/www.medela-vital.de\/blog\/#organization","name":"Medela-vital","url":"https:\/\/www.medela-vital.de\/blog\/","logo":{"@type":"ImageObject","inLanguage":"de","@id":"https:\/\/www.medela-vital.de\/blog\/#\/schema\/logo\/image\/","url":"https:\/\/www.medela-vital.de\/blog\/wp-content\/uploads\/2017\/12\/logo-medela-vital_logo.png","contentUrl":"https:\/\/www.medela-vital.de\/blog\/wp-content\/uploads\/2017\/12\/logo-medela-vital_logo.png","width":739,"height":273,"caption":"Medela-vital"},"image":{"@id":"https:\/\/www.medela-vital.de\/blog\/#\/schema\/logo\/image\/"},"sameAs":["https:\/\/de-de.facebook.com\/medelavital\/"]},{"@type":"Person","@id":"https:\/\/www.medela-vital.de\/blog\/#\/schema\/person\/16abb051cea55a07709767e8a0117e9d","name":"Nadine Geier","image":{"@type":"ImageObject","inLanguage":"de","@id":"https:\/\/secure.gravatar.com\/avatar\/92f1221f9fe110245bd315644e646de046d9246fade9f84be1b709ca4aacf355?s=96&d=mm&r=g","url":"https:\/\/secure.gravatar.com\/avatar\/92f1221f9fe110245bd315644e646de046d9246fade9f84be1b709ca4aacf355?s=96&d=mm&r=g","contentUrl":"https:\/\/secure.gravatar.com\/avatar\/92f1221f9fe110245bd315644e646de046d9246fade9f84be1b709ca4aacf355?s=96&d=mm&r=g","caption":"Nadine Geier"},"sameAs":["http:\/\/www.medela-vital.de"]}]}},"_links":{"self":[{"href":"https:\/\/www.medela-vital.de\/blog\/wp-json\/wp\/v2\/posts\/461","targetHints":{"allow":["GET"]}}],"collection":[{"href":"https:\/\/www.medela-vital.de\/blog\/wp-json\/wp\/v2\/posts"}],"about":[{"href":"https:\/\/www.medela-vital.de\/blog\/wp-json\/wp\/v2\/types\/post"}],"author":[{"embeddable":true,"href":"https:\/\/www.medela-vital.de\/blog\/wp-json\/wp\/v2\/users\/2"}],"replies":[{"embeddable":true,"href":"https:\/\/www.medela-vital.de\/blog\/wp-json\/wp\/v2\/comments?post=461"}],"version-history":[{"count":2,"href":"https:\/\/www.medela-vital.de\/blog\/wp-json\/wp\/v2\/posts\/461\/revisions"}],"predecessor-version":[{"id":464,"href":"https:\/\/www.medela-vital.de\/blog\/wp-json\/wp\/v2\/posts\/461\/revisions\/464"}],"wp:featuredmedia":[{"embeddable":true,"href":"https:\/\/www.medela-vital.de\/blog\/wp-json\/wp\/v2\/media\/462"}],"wp:attachment":[{"href":"https:\/\/www.medela-vital.de\/blog\/wp-json\/wp\/v2\/media?parent=461"}],"wp:term":[{"taxonomy":"category","embeddable":true,"href":"https:\/\/www.medela-vital.de\/blog\/wp-json\/wp\/v2\/categories?post=461"},{"taxonomy":"post_tag","embeddable":true,"href":"https:\/\/www.medela-vital.de\/blog\/wp-json\/wp\/v2\/tags?post=461"}],"curies":[{"name":"wp","href":"https:\/\/api.w.org\/{rel}","templated":true}]}}