{"id":455,"date":"2023-07-25T14:51:21","date_gmt":"2023-07-25T12:51:21","guid":{"rendered":"https:\/\/www.medela-vital.de\/blog\/?p=455"},"modified":"2023-07-25T14:52:33","modified_gmt":"2023-07-25T12:52:33","slug":"bio-camu-camu","status":"publish","type":"post","link":"https:\/\/www.medela-vital.de\/blog\/bio-camu-camu\/","title":{"rendered":"Bio Camu Camu: Die Superfrucht mit beeindruckender Wirkweise"},"content":{"rendered":"\n<p>Bio Camu Camu ist eine Frucht mit hohem Vitamin C Gehalt. In einer Welt, in der immer mehr Menschen auf der Suche nach nat\u00fcrlichen Gesundheitsl\u00f6sungen sind, gewinnt die Bio Camu Camu-Frucht zunehmend an Bedeutung. Urspr\u00fcnglich in den Regenw\u00e4ldern des Amazonas beheimatet, ist diese kleine, unscheinbare Frucht in den letzten Jahren zu einem echten Superfood avanciert, das mit einer beeindruckenden Wirkweise auf unsere Gesundheit und Wohlbefinden punktet. <\/p>\n\n\n<div class=\"wp-block-image\">\n<figure class=\"aligncenter size-full\"><img loading=\"lazy\" decoding=\"async\" width=\"254\" height=\"198\" src=\"https:\/\/www.medela-vital.de\/blog\/wp-content\/uploads\/2023\/07\/Download.jpg\" alt=\"Bio Camu Camu ist eine Frucht mit hohem Vitamin C Gehalt\" class=\"wp-image-456\"\/><\/figure>\n<\/div>\n\n\n<!--more-->\n\n\n\n<h2 class=\"wp-block-heading\">Was ist Bio Camu Camu?<\/h2>\n\n\n\n<p><\/p>\n\n\n\n<p>Bio Camu Camu (Myrciaria dubia) ist eine Frucht mit hohem Vitamin C Gehalt, die an einem Strauch w\u00e4chst und vor allem in den s\u00fcdamerikanischen L\u00e4ndern Brasilien, Peru, Kolumbien und Venezuela zu finden ist. Sie ist etwa so gro\u00df wie eine Limette und hat eine leuchtend rote oder lila Farbe. Camu Camu gilt als eine der reichsten nat\u00fcrlichen Quellen von Vitamin C auf der Welt &#8211; ein wahres Power-Paket an N\u00e4hrstoffen. Neben Vitamin C enth\u00e4lt die Frucht auch eine Vielzahl von Antioxidantien, Aminos\u00e4uren und Mineralstoffen. Diese machen sie zu einem echten Gesundheitswunder.<\/p>\n\n\n\n<h3 class=\"wp-block-heading\">Die Wirkweise von Bio Camu Camu:<\/h3>\n\n\n\n<ol class=\"wp-block-list\">\n<li><strong>Hoher Vitamin-C-Gehalt:<\/strong> Der bemerkenswerteste Aspekt von Camu Camu ist sein extrem hoher Vitamin-C-Gehalt. Tats\u00e4chlich ist Camu Camu daf\u00fcr bekannt, mehr Vitamin C pro Gewichtseinheit als jede andere Frucht oder jedes Gem\u00fcse zu enthalten. Vitamin C ist ein leistungsstarker Antioxidans, das dabei hilft, freie Radikale zu bek\u00e4mpfen und den K\u00f6rper vor oxidativem Stress zu sch\u00fctzen. Es st\u00e4rkt das Immunsystem, f\u00f6rdert die Kollagenproduktion und unterst\u00fctzt die Gesundheit der Haut.<\/li>\n\n\n\n<li><strong>Antioxidative Eigenschaften:<\/strong> Neben Vitamin C enth\u00e4lt Bio Camu Camu auch eine beeindruckende Menge an anderen Antioxidantien wie Flavonoide und Polyphenole. Diese Verbindungen spielen eine wichtige Rolle bei der Neutralisierung sch\u00e4dlicher freier Radikale, die Zellsch\u00e4den und vorzeitige Alterung verursachen k\u00f6nnen.<\/li>\n\n\n\n<li><strong>Entz\u00fcndungshemmend:<\/strong> Die Antioxidantien und bioaktiven Verbindungen in Camu Camu haben auch entz\u00fcndungshemmende Eigenschaften. Sie k\u00f6nnen helfen, Entz\u00fcndungen im K\u00f6rper zu reduzieren, was wiederum mit verschiedenen gesundheitlichen Vorteilen verbunden ist, von der Linderung von Gelenkschmerzen bis hin zur Vorbeugung von chronischen Erkrankungen.<\/li>\n\n\n\n<li><strong>Immunsystem-St\u00e4rkung:<\/strong> Dank seines hohen Vitamin-C-Gehalts ist Bio Camu Camu ein hervorragender Verb\u00fcndeter, um das Immunsystem zu st\u00e4rken. Es kann dabei helfen, Erk\u00e4ltungen, Grippe und andere Infektionen abzuwehren und die Erholung zu beschleunigen.<\/li>\n\n\n\n<li><strong>Stimmungsaufhellende Wirkung:<\/strong> Es wird vermutet, dass Camu Camu auch eine positive Wirkung auf die Stimmung haben kann. Vitamin C und bestimmte Antioxidantien k\u00f6nnen das Nervensystem unterst\u00fctzen und die Produktion von Serotonin und Dopamin f\u00f6rdern &#8211; zwei Neurotransmitter, die f\u00fcr die Regulierung der Stimmung verantwortlich sind.<\/li>\n<\/ol>\n\n\n\n<h3 class=\"wp-block-heading\"><strong>Wie kann man Bio Camu Camu verwenden?<\/strong><\/h3>\n\n\n\n<p>Bio Camu Camu ist in verschiedenen Formen erh\u00e4ltlich, darunter als Pulver, Kapseln oder als Bestandteil von Nahrungserg\u00e4nzungsmitteln. Das Pulver l\u00e4sst sich leicht in Smoothies, S\u00e4fte, Joghurt oder M\u00fcsli einr\u00fchren. Die Dosierung sollte je nach Produkt variieren, und es ist ratsam, die empfohlenen Richtlinien des Herstellers zu beachten.<\/p>\n\n\n\n<p>Bio Camu Camu ist zweifellos eine bemerkenswerte Frucht mit einer au\u00dfergew\u00f6hnlichen Wirkweise auf unsere Gesundheit. Ihre antioxidativen Eigenschaften, der hohe Vitamin-C-Gehalt und die entz\u00fcndungshemmenden Eigenschaften machen sie zu einem starken Verb\u00fcndeten in der F\u00f6rderung eines gesunden Immunsystems, einer verbesserten Stimmung und eines insgesamt besseren Wohlbefindens. Wie bei jedem Nahrungserg\u00e4nzungsmittel ist es jedoch wichtig, vor der Einnahme einen Arzt oder Ern\u00e4hrungsberater zu konsultieren, um sicherzustellen, dass es zu den individuellen Gesundheitsbed\u00fcrfnissen passt.<\/p>\n\n\n\n<p>Lassen Sie sich von den Vorz\u00fcgen dieser Superfrucht aus dem Amazonas \u00fcberzeugen. Integrieren Sie <a href=\"https:\/\/www.medela-vital.de\/camu-camu-kapseln.html\">Bio Camu Camu<\/a> in Ihre gesunde Ern\u00e4hrung, um von seinen zahlreichen Vorteilen zu profitieren!<\/p>\n\n\n\n<p><\/p>\n\n\n\n<p>Aus \u00d6sterreich, k\u00f6nnt ihr <a href=\"http:\/\/www.bio-vitalpilze.at\">HIER<\/a> bestellen. <\/p>\n","protected":false},"excerpt":{"rendered":"<p>Bio Camu Camu ist eine Frucht mit hohem Vitamin C Gehalt. In einer Welt, in der immer mehr Menschen auf der Suche nach nat\u00fcrlichen Gesundheitsl\u00f6sungen sind, gewinnt die Bio Camu Camu-Frucht zunehmend an Bedeutung. Urspr\u00fcnglich in den Regenw\u00e4ldern des Amazonas beheimatet, ist diese kleine, unscheinbare Frucht in den letzten Jahren zu einem echten Superfood avanciert, &hellip; <a href=\"https:\/\/www.medela-vital.de\/blog\/bio-camu-camu\/\">Weiterlesen<\/a><\/p>\n","protected":false},"author":2,"featured_media":456,"comment_status":"closed","ping_status":"open","sticky":false,"template":"","format":"standard","meta":{"footnotes":""},"categories":[1],"tags":[],"class_list":["post-455","post","type-post","status-publish","format-standard","has-post-thumbnail","hentry","category-allgemein"],"yoast_head":"<!-- This site is optimized with the Yoast SEO plugin v27.4 - https:\/\/yoast.com\/product\/yoast-seo-wordpress\/ -->\n<title>Bio Camu Camu - Die Frucht mit hohem Vitamin C Gehalt<\/title>\n<meta name=\"description\" content=\"Bio Camu Camu ist eine kleine Frucht mit hohem Vitamin C Gehalt und vielen positiven Eigenschaften auf unseren K\u00f6rper\" \/>\n<meta name=\"robots\" content=\"index, follow, max-snippet:-1, max-image-preview:large, max-video-preview:-1\" \/>\n<link rel=\"canonical\" href=\"https:\/\/www.medela-vital.de\/blog\/bio-camu-camu\/\" \/>\n<meta property=\"og:locale\" content=\"de_DE\" \/>\n<meta property=\"og:type\" content=\"article\" \/>\n<meta property=\"og:title\" content=\"Bio Camu Camu - Die Frucht mit hohem Vitamin C Gehalt\" \/>\n<meta property=\"og:description\" content=\"Bio Camu Camu ist eine kleine Frucht mit hohem Vitamin C Gehalt und vielen positiven Eigenschaften auf unseren K\u00f6rper\" \/>\n<meta property=\"og:url\" content=\"https:\/\/www.medela-vital.de\/blog\/bio-camu-camu\/\" \/>\n<meta property=\"og:site_name\" content=\"medela-vital\" \/>\n<meta property=\"article:publisher\" content=\"https:\/\/de-de.facebook.com\/medelavital\/\" \/>\n<meta property=\"article:published_time\" content=\"2023-07-25T12:51:21+00:00\" \/>\n<meta property=\"article:modified_time\" content=\"2023-07-25T12:52:33+00:00\" \/>\n<meta property=\"og:image\" content=\"https:\/\/www.medela-vital.de\/blog\/wp-content\/uploads\/2023\/07\/Download.jpg\" \/>\n\t<meta property=\"og:image:width\" content=\"254\" \/>\n\t<meta property=\"og:image:height\" content=\"198\" \/>\n\t<meta property=\"og:image:type\" content=\"image\/jpeg\" \/>\n<meta name=\"author\" content=\"Nadine Geier\" \/>\n<meta name=\"twitter:card\" content=\"summary_large_image\" \/>\n<meta name=\"twitter:label1\" content=\"Verfasst von\" \/>\n\t<meta name=\"twitter:data1\" content=\"Nadine Geier\" \/>\n\t<meta name=\"twitter:label2\" content=\"Gesch\u00e4tzte Lesezeit\" \/>\n\t<meta name=\"twitter:data2\" content=\"4\u00a0Minuten\" \/>\n<script type=\"application\/ld+json\" class=\"yoast-schema-graph\">{\"@context\":\"https:\\\/\\\/schema.org\",\"@graph\":[{\"@type\":\"Article\",\"@id\":\"https:\\\/\\\/www.medela-vital.de\\\/blog\\\/bio-camu-camu\\\/#article\",\"isPartOf\":{\"@id\":\"https:\\\/\\\/www.medela-vital.de\\\/blog\\\/bio-camu-camu\\\/\"},\"author\":{\"name\":\"Nadine Geier\",\"@id\":\"https:\\\/\\\/www.medela-vital.de\\\/blog\\\/#\\\/schema\\\/person\\\/16abb051cea55a07709767e8a0117e9d\"},\"headline\":\"Bio Camu Camu: Die Superfrucht mit beeindruckender Wirkweise\",\"datePublished\":\"2023-07-25T12:51:21+00:00\",\"dateModified\":\"2023-07-25T12:52:33+00:00\",\"mainEntityOfPage\":{\"@id\":\"https:\\\/\\\/www.medela-vital.de\\\/blog\\\/bio-camu-camu\\\/\"},\"wordCount\":613,\"publisher\":{\"@id\":\"https:\\\/\\\/www.medela-vital.de\\\/blog\\\/#organization\"},\"image\":{\"@id\":\"https:\\\/\\\/www.medela-vital.de\\\/blog\\\/bio-camu-camu\\\/#primaryimage\"},\"thumbnailUrl\":\"https:\\\/\\\/www.medela-vital.de\\\/blog\\\/wp-content\\\/uploads\\\/2023\\\/07\\\/Download.jpg\",\"inLanguage\":\"de\"},{\"@type\":\"WebPage\",\"@id\":\"https:\\\/\\\/www.medela-vital.de\\\/blog\\\/bio-camu-camu\\\/\",\"url\":\"https:\\\/\\\/www.medela-vital.de\\\/blog\\\/bio-camu-camu\\\/\",\"name\":\"Bio Camu Camu - Die Frucht mit hohem Vitamin C Gehalt\",\"isPartOf\":{\"@id\":\"https:\\\/\\\/www.medela-vital.de\\\/blog\\\/#website\"},\"primaryImageOfPage\":{\"@id\":\"https:\\\/\\\/www.medela-vital.de\\\/blog\\\/bio-camu-camu\\\/#primaryimage\"},\"image\":{\"@id\":\"https:\\\/\\\/www.medela-vital.de\\\/blog\\\/bio-camu-camu\\\/#primaryimage\"},\"thumbnailUrl\":\"https:\\\/\\\/www.medela-vital.de\\\/blog\\\/wp-content\\\/uploads\\\/2023\\\/07\\\/Download.jpg\",\"datePublished\":\"2023-07-25T12:51:21+00:00\",\"dateModified\":\"2023-07-25T12:52:33+00:00\",\"description\":\"Bio Camu Camu ist eine kleine Frucht mit hohem Vitamin C Gehalt und vielen positiven Eigenschaften auf unseren K\u00f6rper\",\"breadcrumb\":{\"@id\":\"https:\\\/\\\/www.medela-vital.de\\\/blog\\\/bio-camu-camu\\\/#breadcrumb\"},\"inLanguage\":\"de\",\"potentialAction\":[{\"@type\":\"ReadAction\",\"target\":[\"https:\\\/\\\/www.medela-vital.de\\\/blog\\\/bio-camu-camu\\\/\"]}]},{\"@type\":\"ImageObject\",\"inLanguage\":\"de\",\"@id\":\"https:\\\/\\\/www.medela-vital.de\\\/blog\\\/bio-camu-camu\\\/#primaryimage\",\"url\":\"https:\\\/\\\/www.medela-vital.de\\\/blog\\\/wp-content\\\/uploads\\\/2023\\\/07\\\/Download.jpg\",\"contentUrl\":\"https:\\\/\\\/www.medela-vital.de\\\/blog\\\/wp-content\\\/uploads\\\/2023\\\/07\\\/Download.jpg\",\"width\":254,\"height\":198,\"caption\":\"Bio Camu Camu\"},{\"@type\":\"BreadcrumbList\",\"@id\":\"https:\\\/\\\/www.medela-vital.de\\\/blog\\\/bio-camu-camu\\\/#breadcrumb\",\"itemListElement\":[{\"@type\":\"ListItem\",\"position\":1,\"name\":\"Startseite\",\"item\":\"https:\\\/\\\/www.medela-vital.de\\\/blog\\\/\"},{\"@type\":\"ListItem\",\"position\":2,\"name\":\"Bio Camu Camu: Die Superfrucht mit beeindruckender Wirkweise\"}]},{\"@type\":\"WebSite\",\"@id\":\"https:\\\/\\\/www.medela-vital.de\\\/blog\\\/#website\",\"url\":\"https:\\\/\\\/www.medela-vital.de\\\/blog\\\/\",\"name\":\"medela-vital\",\"description\":\"Unser neuer Vitalpilze-Blog\",\"publisher\":{\"@id\":\"https:\\\/\\\/www.medela-vital.de\\\/blog\\\/#organization\"},\"potentialAction\":[{\"@type\":\"SearchAction\",\"target\":{\"@type\":\"EntryPoint\",\"urlTemplate\":\"https:\\\/\\\/www.medela-vital.de\\\/blog\\\/?s={search_term_string}\"},\"query-input\":{\"@type\":\"PropertyValueSpecification\",\"valueRequired\":true,\"valueName\":\"search_term_string\"}}],\"inLanguage\":\"de\"},{\"@type\":\"Organization\",\"@id\":\"https:\\\/\\\/www.medela-vital.de\\\/blog\\\/#organization\",\"name\":\"Medela-vital\",\"url\":\"https:\\\/\\\/www.medela-vital.de\\\/blog\\\/\",\"logo\":{\"@type\":\"ImageObject\",\"inLanguage\":\"de\",\"@id\":\"https:\\\/\\\/www.medela-vital.de\\\/blog\\\/#\\\/schema\\\/logo\\\/image\\\/\",\"url\":\"https:\\\/\\\/www.medela-vital.de\\\/blog\\\/wp-content\\\/uploads\\\/2017\\\/12\\\/logo-medela-vital_logo.png\",\"contentUrl\":\"https:\\\/\\\/www.medela-vital.de\\\/blog\\\/wp-content\\\/uploads\\\/2017\\\/12\\\/logo-medela-vital_logo.png\",\"width\":739,\"height\":273,\"caption\":\"Medela-vital\"},\"image\":{\"@id\":\"https:\\\/\\\/www.medela-vital.de\\\/blog\\\/#\\\/schema\\\/logo\\\/image\\\/\"},\"sameAs\":[\"https:\\\/\\\/de-de.facebook.com\\\/medelavital\\\/\"]},{\"@type\":\"Person\",\"@id\":\"https:\\\/\\\/www.medela-vital.de\\\/blog\\\/#\\\/schema\\\/person\\\/16abb051cea55a07709767e8a0117e9d\",\"name\":\"Nadine Geier\",\"image\":{\"@type\":\"ImageObject\",\"inLanguage\":\"de\",\"@id\":\"https:\\\/\\\/secure.gravatar.com\\\/avatar\\\/92f1221f9fe110245bd315644e646de046d9246fade9f84be1b709ca4aacf355?s=96&d=mm&r=g\",\"url\":\"https:\\\/\\\/secure.gravatar.com\\\/avatar\\\/92f1221f9fe110245bd315644e646de046d9246fade9f84be1b709ca4aacf355?s=96&d=mm&r=g\",\"contentUrl\":\"https:\\\/\\\/secure.gravatar.com\\\/avatar\\\/92f1221f9fe110245bd315644e646de046d9246fade9f84be1b709ca4aacf355?s=96&d=mm&r=g\",\"caption\":\"Nadine Geier\"},\"sameAs\":[\"http:\\\/\\\/www.medela-vital.de\"]}]}<\/script>\n<!-- \/ Yoast SEO plugin. -->","yoast_head_json":{"title":"Bio Camu Camu - Die Frucht mit hohem Vitamin C Gehalt","description":"Bio Camu Camu ist eine kleine Frucht mit hohem Vitamin C Gehalt und vielen positiven Eigenschaften auf unseren K\u00f6rper","robots":{"index":"index","follow":"follow","max-snippet":"max-snippet:-1","max-image-preview":"max-image-preview:large","max-video-preview":"max-video-preview:-1"},"canonical":"https:\/\/www.medela-vital.de\/blog\/bio-camu-camu\/","og_locale":"de_DE","og_type":"article","og_title":"Bio Camu Camu - Die Frucht mit hohem Vitamin C Gehalt","og_description":"Bio Camu Camu ist eine kleine Frucht mit hohem Vitamin C Gehalt und vielen positiven Eigenschaften auf unseren K\u00f6rper","og_url":"https:\/\/www.medela-vital.de\/blog\/bio-camu-camu\/","og_site_name":"medela-vital","article_publisher":"https:\/\/de-de.facebook.com\/medelavital\/","article_published_time":"2023-07-25T12:51:21+00:00","article_modified_time":"2023-07-25T12:52:33+00:00","og_image":[{"width":254,"height":198,"url":"https:\/\/www.medela-vital.de\/blog\/wp-content\/uploads\/2023\/07\/Download.jpg","type":"image\/jpeg"}],"author":"Nadine Geier","twitter_card":"summary_large_image","twitter_misc":{"Verfasst von":"Nadine Geier","Gesch\u00e4tzte Lesezeit":"4\u00a0Minuten"},"schema":{"@context":"https:\/\/schema.org","@graph":[{"@type":"Article","@id":"https:\/\/www.medela-vital.de\/blog\/bio-camu-camu\/#article","isPartOf":{"@id":"https:\/\/www.medela-vital.de\/blog\/bio-camu-camu\/"},"author":{"name":"Nadine Geier","@id":"https:\/\/www.medela-vital.de\/blog\/#\/schema\/person\/16abb051cea55a07709767e8a0117e9d"},"headline":"Bio Camu Camu: Die Superfrucht mit beeindruckender Wirkweise","datePublished":"2023-07-25T12:51:21+00:00","dateModified":"2023-07-25T12:52:33+00:00","mainEntityOfPage":{"@id":"https:\/\/www.medela-vital.de\/blog\/bio-camu-camu\/"},"wordCount":613,"publisher":{"@id":"https:\/\/www.medela-vital.de\/blog\/#organization"},"image":{"@id":"https:\/\/www.medela-vital.de\/blog\/bio-camu-camu\/#primaryimage"},"thumbnailUrl":"https:\/\/www.medela-vital.de\/blog\/wp-content\/uploads\/2023\/07\/Download.jpg","inLanguage":"de"},{"@type":"WebPage","@id":"https:\/\/www.medela-vital.de\/blog\/bio-camu-camu\/","url":"https:\/\/www.medela-vital.de\/blog\/bio-camu-camu\/","name":"Bio Camu Camu - Die Frucht mit hohem Vitamin C Gehalt","isPartOf":{"@id":"https:\/\/www.medela-vital.de\/blog\/#website"},"primaryImageOfPage":{"@id":"https:\/\/www.medela-vital.de\/blog\/bio-camu-camu\/#primaryimage"},"image":{"@id":"https:\/\/www.medela-vital.de\/blog\/bio-camu-camu\/#primaryimage"},"thumbnailUrl":"https:\/\/www.medela-vital.de\/blog\/wp-content\/uploads\/2023\/07\/Download.jpg","datePublished":"2023-07-25T12:51:21+00:00","dateModified":"2023-07-25T12:52:33+00:00","description":"Bio Camu Camu ist eine kleine Frucht mit hohem Vitamin C Gehalt und vielen positiven Eigenschaften auf unseren K\u00f6rper","breadcrumb":{"@id":"https:\/\/www.medela-vital.de\/blog\/bio-camu-camu\/#breadcrumb"},"inLanguage":"de","potentialAction":[{"@type":"ReadAction","target":["https:\/\/www.medela-vital.de\/blog\/bio-camu-camu\/"]}]},{"@type":"ImageObject","inLanguage":"de","@id":"https:\/\/www.medela-vital.de\/blog\/bio-camu-camu\/#primaryimage","url":"https:\/\/www.medela-vital.de\/blog\/wp-content\/uploads\/2023\/07\/Download.jpg","contentUrl":"https:\/\/www.medela-vital.de\/blog\/wp-content\/uploads\/2023\/07\/Download.jpg","width":254,"height":198,"caption":"Bio Camu Camu"},{"@type":"BreadcrumbList","@id":"https:\/\/www.medela-vital.de\/blog\/bio-camu-camu\/#breadcrumb","itemListElement":[{"@type":"ListItem","position":1,"name":"Startseite","item":"https:\/\/www.medela-vital.de\/blog\/"},{"@type":"ListItem","position":2,"name":"Bio Camu Camu: Die Superfrucht mit beeindruckender Wirkweise"}]},{"@type":"WebSite","@id":"https:\/\/www.medela-vital.de\/blog\/#website","url":"https:\/\/www.medela-vital.de\/blog\/","name":"medela-vital","description":"Unser neuer Vitalpilze-Blog","publisher":{"@id":"https:\/\/www.medela-vital.de\/blog\/#organization"},"potentialAction":[{"@type":"SearchAction","target":{"@type":"EntryPoint","urlTemplate":"https:\/\/www.medela-vital.de\/blog\/?s={search_term_string}"},"query-input":{"@type":"PropertyValueSpecification","valueRequired":true,"valueName":"search_term_string"}}],"inLanguage":"de"},{"@type":"Organization","@id":"https:\/\/www.medela-vital.de\/blog\/#organization","name":"Medela-vital","url":"https:\/\/www.medela-vital.de\/blog\/","logo":{"@type":"ImageObject","inLanguage":"de","@id":"https:\/\/www.medela-vital.de\/blog\/#\/schema\/logo\/image\/","url":"https:\/\/www.medela-vital.de\/blog\/wp-content\/uploads\/2017\/12\/logo-medela-vital_logo.png","contentUrl":"https:\/\/www.medela-vital.de\/blog\/wp-content\/uploads\/2017\/12\/logo-medela-vital_logo.png","width":739,"height":273,"caption":"Medela-vital"},"image":{"@id":"https:\/\/www.medela-vital.de\/blog\/#\/schema\/logo\/image\/"},"sameAs":["https:\/\/de-de.facebook.com\/medelavital\/"]},{"@type":"Person","@id":"https:\/\/www.medela-vital.de\/blog\/#\/schema\/person\/16abb051cea55a07709767e8a0117e9d","name":"Nadine Geier","image":{"@type":"ImageObject","inLanguage":"de","@id":"https:\/\/secure.gravatar.com\/avatar\/92f1221f9fe110245bd315644e646de046d9246fade9f84be1b709ca4aacf355?s=96&d=mm&r=g","url":"https:\/\/secure.gravatar.com\/avatar\/92f1221f9fe110245bd315644e646de046d9246fade9f84be1b709ca4aacf355?s=96&d=mm&r=g","contentUrl":"https:\/\/secure.gravatar.com\/avatar\/92f1221f9fe110245bd315644e646de046d9246fade9f84be1b709ca4aacf355?s=96&d=mm&r=g","caption":"Nadine Geier"},"sameAs":["http:\/\/www.medela-vital.de"]}]}},"_links":{"self":[{"href":"https:\/\/www.medela-vital.de\/blog\/wp-json\/wp\/v2\/posts\/455","targetHints":{"allow":["GET"]}}],"collection":[{"href":"https:\/\/www.medela-vital.de\/blog\/wp-json\/wp\/v2\/posts"}],"about":[{"href":"https:\/\/www.medela-vital.de\/blog\/wp-json\/wp\/v2\/types\/post"}],"author":[{"embeddable":true,"href":"https:\/\/www.medela-vital.de\/blog\/wp-json\/wp\/v2\/users\/2"}],"replies":[{"embeddable":true,"href":"https:\/\/www.medela-vital.de\/blog\/wp-json\/wp\/v2\/comments?post=455"}],"version-history":[{"count":3,"href":"https:\/\/www.medela-vital.de\/blog\/wp-json\/wp\/v2\/posts\/455\/revisions"}],"predecessor-version":[{"id":459,"href":"https:\/\/www.medela-vital.de\/blog\/wp-json\/wp\/v2\/posts\/455\/revisions\/459"}],"wp:featuredmedia":[{"embeddable":true,"href":"https:\/\/www.medela-vital.de\/blog\/wp-json\/wp\/v2\/media\/456"}],"wp:attachment":[{"href":"https:\/\/www.medela-vital.de\/blog\/wp-json\/wp\/v2\/media?parent=455"}],"wp:term":[{"taxonomy":"category","embeddable":true,"href":"https:\/\/www.medela-vital.de\/blog\/wp-json\/wp\/v2\/categories?post=455"},{"taxonomy":"post_tag","embeddable":true,"href":"https:\/\/www.medela-vital.de\/blog\/wp-json\/wp\/v2\/tags?post=455"}],"curies":[{"name":"wp","href":"https:\/\/api.w.org\/{rel}","templated":true}]}}