{"id":42,"date":"2017-09-27T10:46:39","date_gmt":"2017-09-27T08:46:39","guid":{"rendered":"https:\/\/www.medela-vital.de\/blog\/?p=42"},"modified":"2021-03-07T17:15:53","modified_gmt":"2021-03-07T16:15:53","slug":"vitalpilze-natuerliche-stimmungsaufheller","status":"publish","type":"post","link":"https:\/\/www.medela-vital.de\/blog\/vitalpilze-natuerliche-stimmungsaufheller\/","title":{"rendered":"Vitalpilze &#8211; Nat\u00fcrliche Stimmungsaufheller f\u00fcr die dunkle Jahreszeit"},"content":{"rendered":"<div>\n<div id=\"cc-m-textwithimage-8891286882\" class=\"cc-m-textwithimage-inline-rte\" data-name=\"text\" data-action=\"text\">\n<h1 id=\"cc-m-header-8891287682\" class=\"\"><img loading=\"lazy\" decoding=\"async\" class=\"alignnone wp-image-43 size-medium\" src=\"https:\/\/www.medela-vital.de\/blog\/wp-content\/uploads\/2017\/09\/worried-girl-413690_640-300x200.jpg\" alt=\"Depressionen\" width=\"300\" height=\"200\" srcset=\"https:\/\/www.medela-vital.de\/blog\/wp-content\/uploads\/2017\/09\/worried-girl-413690_640-300x200.jpg 300w, https:\/\/www.medela-vital.de\/blog\/wp-content\/uploads\/2017\/09\/worried-girl-413690_640.jpg 640w\" sizes=\"auto, (max-width: 300px) 100vw, 300px\" \/><\/h1>\n<p>Wenn wir uns langsam vom Sommer verabschieden m\u00fcssen, geht bei vielen auch die Stimmung den Berg hinab. Das liegt oftmals an den mangelnden Sonnenstrahlen und dem daraus resultierenden Vitamin-D Mangel, aber auch an der fr\u00fcher einsetzenden Dunkelheit.<\/p>\n<p>Um den Herbst- und Winterdepressionen entgegenzuwirken, geben wir eine kleine \u00dcbersicht, welche von unseren Vitalpilzen in Frage kommen und wie sie Stimmungstief und Depressionen mit Vitalpilzen bek\u00e4mpfen k\u00f6nnen.<\/p>\n<\/div>\n<\/div>\n<p><!--more--><\/p>\n<p><!--more--><\/p>\n<div class=\"cc-m-hgrid-column\">\n<div id=\"cc-matrix-2312518782\">\n<div id=\"cc-m-8891287482\" class=\"j-module n j-header \">\n<h2 id=\"cc-m-header-8891287482\">Cordyceps<\/h2>\n<\/div>\n<div id=\"cc-m-8891288582\">Der Cordyceps, oder auch Raupenpilz genannt, kommt aus dem tibetischen<\/div>\n<div>Hochland. Der, in der Natur ,gesammelte Cordyceps ist teurer als Tr\u00fcffel wird jedoch wie die meisten Vitalpilze heutzutage in Kultur gez\u00fcchtet.<\/div>\n<div id=\"cc-m-8891287782\">\n<p>Dadurch wird er einerseits g\u00fcnstiger, andererseits ist somit auch gew\u00e4hrleistet, dass keinerlei Schadstoffe enthalten sind.<\/p>\n<p>Es wurde festgestellt, dass die Polysaccharide und Glykoproteine des Cordyceps, das neuroendokrine Regelsystem des Menschen beeinflussen, indem sie die Hormonfreisetzung aus der Nebennierenrinde stimulieren und dadurch Stresssymptome reduzieren. Dies ist auch eine Erkl\u00e4rung f\u00fcr die Wirksamkeit bei Depressionen und Verstimmungen.&nbsp; Zus\u00e4tzlich hemmt er bestimmte Enzyme, die f\u00fcr Depressionen verantwortlich gemacht werden, \u00e4hnlich wie das auch beim Johanniskraut der Fall ist.<\/p>\n<\/div>\n<div id=\"cc-m-8891288482\" class=\"j-module n j-hr \">\n<hr>\n<\/div>\n<\/div>\n<\/div>\n<div class=\"cc-m-hgrid-column\">\n<div id=\"cc-matrix-2312518982\">\n<div id=\"cc-m-8891287582\" class=\"j-module n j-header \">\n<h2 id=\"cc-m-header-8891287582\">Hericium<\/h2>\n<\/div>\n<div id=\"cc-m-8891288682\" class=\"j-module n j-spacing \">Der Hericium, oder auch Igelstachelbart genannt, kann, mittels eines im Pilz enthaltenen Proteins, die Entwicklung und Erhaltung wichtiger Nervenzellen f\u00f6rdern. Er beg\u00fcnstigt die Regeneration des Nervengewebes im Gehirn und kann bei neuronalen Erkrankungen von gutem Nutzen sein. Bemerkenswert am Hericium ist auch, dass er auf das gesamte Nervenkost\u00fcm beruhigend wirkt und dadurch eine nat\u00fcrliche stimmungsaufhellende Wirkung verursacht. Er kann Unruhe und Schlafst\u00f6rungen verhindern. Des weiteren kann er Stresseffekte und Befindlichkeitsst\u00f6rungen in den Wechseljahren vermindern.<\/div>\n<div id=\"cc-m-8891288882\" class=\"j-module n j-text \">\n<p>In Kombination mit dem Cordyceps, haben viele von enormen Erfolgen im Kampf gegen Burn Out, Depression und Panikattacken berichtet.<\/p>\n<\/div>\n<\/div>\n<\/div>\n<div class=\"cc-m-hgrid-column last\">\n<div id=\"cc-matrix-2312518882\">\n<div id=\"cc-m-8891287682\" class=\"j-module n j-header \">\n<h2 id=\"cc-m-header-8891287682\">Reishi<\/h2>\n<\/div>\n<div id=\"cc-m-8891290182\" class=\"j-module n j-text \">\n<p>Bei diesem Thema macht vor allem der Reishi Pilz auf sich aufmerksam. Bestimmte Proteine des Reishi, wie z.B. die Polysaccharide Ganoderan A, C und D, wirken sich g\u00fcnstig auf die Nervenzellen aus, halten sie stabil und f\u00f6rdern deren Regeneration. Weiter haben Lipide, Phenole, Triterpene, Steroide und Eritadenine gesundheitsf\u00f6rdernde Auswirkungen.<\/p>\n<p>Die beruhigenden Inhaltsstoffe des Reishi st\u00e4rken das gesamte Nervenkost\u00fcm, k\u00f6nnen Schlafst\u00f6rungen beseitigen und die Stimmung aufhellen. Psychische Wechseljahresbeschwerden und Stresssymptome lassen sich mit diesem Vitalpilz ebenfalls reduzieren.<\/p>\n<\/div>\n<div id=\"cc-m-8891293382\" class=\"j-module n j-hr \">\n<hr>\n<\/div>\n<\/div>\n<\/div>\n<div class=\"cc-m-hgrid-overlay\" data-display=\"cms-only\"><\/div>\n","protected":false},"excerpt":{"rendered":"<p>Stimmungstief und Depressionen mit Vitalpilzen bek\u00e4mpfen<\/p>\n","protected":false},"author":2,"featured_media":43,"comment_status":"closed","ping_status":"closed","sticky":false,"template":"","format":"standard","meta":{"footnotes":""},"categories":[2],"tags":[],"class_list":["post-42","post","type-post","status-publish","format-standard","has-post-thumbnail","hentry","category-vitalpilze"],"yoast_head":"<!-- This site is optimized with the Yoast SEO plugin v27.4 - https:\/\/yoast.com\/product\/yoast-seo-wordpress\/ -->\n<title>Stimmungstief und Depressionen mit Vitalpilzen bek\u00e4mpfen<\/title>\n<meta name=\"description\" content=\"Seelische Unausgeglichenheit, Stimmungsschwankungen und Depressionen muss man ernst nehmen - Stimmungstief und Depressionen mit Vitalpilzen bek\u00e4mpfen\" \/>\n<meta name=\"robots\" content=\"index, follow, max-snippet:-1, max-image-preview:large, max-video-preview:-1\" \/>\n<link rel=\"canonical\" href=\"https:\/\/www.medela-vital.de\/blog\/vitalpilze-natuerliche-stimmungsaufheller\/\" \/>\n<meta property=\"og:locale\" content=\"de_DE\" \/>\n<meta property=\"og:type\" content=\"article\" \/>\n<meta property=\"og:title\" content=\"Stimmungstief und Depressionen mit Vitalpilzen bek\u00e4mpfen\" \/>\n<meta property=\"og:description\" content=\"Seelische Unausgeglichenheit, Stimmungsschwankungen und Depressionen muss man ernst nehmen - Stimmungstief und Depressionen mit Vitalpilzen bek\u00e4mpfen\" \/>\n<meta property=\"og:url\" content=\"https:\/\/www.medela-vital.de\/blog\/vitalpilze-natuerliche-stimmungsaufheller\/\" \/>\n<meta property=\"og:site_name\" content=\"medela-vital\" \/>\n<meta property=\"article:publisher\" content=\"https:\/\/de-de.facebook.com\/medelavital\/\" \/>\n<meta property=\"article:published_time\" content=\"2017-09-27T08:46:39+00:00\" \/>\n<meta property=\"article:modified_time\" content=\"2021-03-07T16:15:53+00:00\" \/>\n<meta property=\"og:image\" content=\"https:\/\/www.medela-vital.de\/blog\/wp-content\/uploads\/2017\/09\/worried-girl-413690_640.jpg\" \/>\n\t<meta property=\"og:image:width\" content=\"640\" \/>\n\t<meta property=\"og:image:height\" content=\"426\" \/>\n\t<meta property=\"og:image:type\" content=\"image\/jpeg\" \/>\n<meta name=\"author\" content=\"Nadine Geier\" \/>\n<meta name=\"twitter:card\" content=\"summary_large_image\" \/>\n<meta name=\"twitter:label1\" content=\"Verfasst von\" \/>\n\t<meta name=\"twitter:data1\" content=\"Nadine Geier\" \/>\n\t<meta name=\"twitter:label2\" content=\"Gesch\u00e4tzte Lesezeit\" \/>\n\t<meta name=\"twitter:data2\" content=\"2\u00a0Minuten\" \/>\n<script type=\"application\/ld+json\" class=\"yoast-schema-graph\">{\"@context\":\"https:\\\/\\\/schema.org\",\"@graph\":[{\"@type\":\"Article\",\"@id\":\"https:\\\/\\\/www.medela-vital.de\\\/blog\\\/vitalpilze-natuerliche-stimmungsaufheller\\\/#article\",\"isPartOf\":{\"@id\":\"https:\\\/\\\/www.medela-vital.de\\\/blog\\\/vitalpilze-natuerliche-stimmungsaufheller\\\/\"},\"author\":{\"name\":\"Nadine Geier\",\"@id\":\"https:\\\/\\\/www.medela-vital.de\\\/blog\\\/#\\\/schema\\\/person\\\/16abb051cea55a07709767e8a0117e9d\"},\"headline\":\"Vitalpilze &#8211; Nat\u00fcrliche Stimmungsaufheller f\u00fcr die dunkle Jahreszeit\",\"datePublished\":\"2017-09-27T08:46:39+00:00\",\"dateModified\":\"2021-03-07T16:15:53+00:00\",\"mainEntityOfPage\":{\"@id\":\"https:\\\/\\\/www.medela-vital.de\\\/blog\\\/vitalpilze-natuerliche-stimmungsaufheller\\\/\"},\"wordCount\":380,\"publisher\":{\"@id\":\"https:\\\/\\\/www.medela-vital.de\\\/blog\\\/#organization\"},\"image\":{\"@id\":\"https:\\\/\\\/www.medela-vital.de\\\/blog\\\/vitalpilze-natuerliche-stimmungsaufheller\\\/#primaryimage\"},\"thumbnailUrl\":\"https:\\\/\\\/www.medela-vital.de\\\/blog\\\/wp-content\\\/uploads\\\/2017\\\/09\\\/worried-girl-413690_640.jpg\",\"articleSection\":[\"Vitalpilze\"],\"inLanguage\":\"de\"},{\"@type\":\"WebPage\",\"@id\":\"https:\\\/\\\/www.medela-vital.de\\\/blog\\\/vitalpilze-natuerliche-stimmungsaufheller\\\/\",\"url\":\"https:\\\/\\\/www.medela-vital.de\\\/blog\\\/vitalpilze-natuerliche-stimmungsaufheller\\\/\",\"name\":\"Stimmungstief und Depressionen mit Vitalpilzen bek\u00e4mpfen\",\"isPartOf\":{\"@id\":\"https:\\\/\\\/www.medela-vital.de\\\/blog\\\/#website\"},\"primaryImageOfPage\":{\"@id\":\"https:\\\/\\\/www.medela-vital.de\\\/blog\\\/vitalpilze-natuerliche-stimmungsaufheller\\\/#primaryimage\"},\"image\":{\"@id\":\"https:\\\/\\\/www.medela-vital.de\\\/blog\\\/vitalpilze-natuerliche-stimmungsaufheller\\\/#primaryimage\"},\"thumbnailUrl\":\"https:\\\/\\\/www.medela-vital.de\\\/blog\\\/wp-content\\\/uploads\\\/2017\\\/09\\\/worried-girl-413690_640.jpg\",\"datePublished\":\"2017-09-27T08:46:39+00:00\",\"dateModified\":\"2021-03-07T16:15:53+00:00\",\"description\":\"Seelische Unausgeglichenheit, Stimmungsschwankungen und Depressionen muss man ernst nehmen - Stimmungstief und Depressionen mit Vitalpilzen bek\u00e4mpfen\",\"breadcrumb\":{\"@id\":\"https:\\\/\\\/www.medela-vital.de\\\/blog\\\/vitalpilze-natuerliche-stimmungsaufheller\\\/#breadcrumb\"},\"inLanguage\":\"de\",\"potentialAction\":[{\"@type\":\"ReadAction\",\"target\":[\"https:\\\/\\\/www.medela-vital.de\\\/blog\\\/vitalpilze-natuerliche-stimmungsaufheller\\\/\"]}]},{\"@type\":\"ImageObject\",\"inLanguage\":\"de\",\"@id\":\"https:\\\/\\\/www.medela-vital.de\\\/blog\\\/vitalpilze-natuerliche-stimmungsaufheller\\\/#primaryimage\",\"url\":\"https:\\\/\\\/www.medela-vital.de\\\/blog\\\/wp-content\\\/uploads\\\/2017\\\/09\\\/worried-girl-413690_640.jpg\",\"contentUrl\":\"https:\\\/\\\/www.medela-vital.de\\\/blog\\\/wp-content\\\/uploads\\\/2017\\\/09\\\/worried-girl-413690_640.jpg\",\"width\":640,\"height\":426},{\"@type\":\"BreadcrumbList\",\"@id\":\"https:\\\/\\\/www.medela-vital.de\\\/blog\\\/vitalpilze-natuerliche-stimmungsaufheller\\\/#breadcrumb\",\"itemListElement\":[{\"@type\":\"ListItem\",\"position\":1,\"name\":\"Startseite\",\"item\":\"https:\\\/\\\/www.medela-vital.de\\\/blog\\\/\"},{\"@type\":\"ListItem\",\"position\":2,\"name\":\"Vitalpilze &#8211; Nat\u00fcrliche Stimmungsaufheller f\u00fcr die dunkle Jahreszeit\"}]},{\"@type\":\"WebSite\",\"@id\":\"https:\\\/\\\/www.medela-vital.de\\\/blog\\\/#website\",\"url\":\"https:\\\/\\\/www.medela-vital.de\\\/blog\\\/\",\"name\":\"medela-vital\",\"description\":\"Unser neuer Vitalpilze-Blog\",\"publisher\":{\"@id\":\"https:\\\/\\\/www.medela-vital.de\\\/blog\\\/#organization\"},\"potentialAction\":[{\"@type\":\"SearchAction\",\"target\":{\"@type\":\"EntryPoint\",\"urlTemplate\":\"https:\\\/\\\/www.medela-vital.de\\\/blog\\\/?s={search_term_string}\"},\"query-input\":{\"@type\":\"PropertyValueSpecification\",\"valueRequired\":true,\"valueName\":\"search_term_string\"}}],\"inLanguage\":\"de\"},{\"@type\":\"Organization\",\"@id\":\"https:\\\/\\\/www.medela-vital.de\\\/blog\\\/#organization\",\"name\":\"Medela-vital\",\"url\":\"https:\\\/\\\/www.medela-vital.de\\\/blog\\\/\",\"logo\":{\"@type\":\"ImageObject\",\"inLanguage\":\"de\",\"@id\":\"https:\\\/\\\/www.medela-vital.de\\\/blog\\\/#\\\/schema\\\/logo\\\/image\\\/\",\"url\":\"https:\\\/\\\/www.medela-vital.de\\\/blog\\\/wp-content\\\/uploads\\\/2017\\\/12\\\/logo-medela-vital_logo.png\",\"contentUrl\":\"https:\\\/\\\/www.medela-vital.de\\\/blog\\\/wp-content\\\/uploads\\\/2017\\\/12\\\/logo-medela-vital_logo.png\",\"width\":739,\"height\":273,\"caption\":\"Medela-vital\"},\"image\":{\"@id\":\"https:\\\/\\\/www.medela-vital.de\\\/blog\\\/#\\\/schema\\\/logo\\\/image\\\/\"},\"sameAs\":[\"https:\\\/\\\/de-de.facebook.com\\\/medelavital\\\/\"]},{\"@type\":\"Person\",\"@id\":\"https:\\\/\\\/www.medela-vital.de\\\/blog\\\/#\\\/schema\\\/person\\\/16abb051cea55a07709767e8a0117e9d\",\"name\":\"Nadine Geier\",\"image\":{\"@type\":\"ImageObject\",\"inLanguage\":\"de\",\"@id\":\"https:\\\/\\\/secure.gravatar.com\\\/avatar\\\/92f1221f9fe110245bd315644e646de046d9246fade9f84be1b709ca4aacf355?s=96&d=mm&r=g\",\"url\":\"https:\\\/\\\/secure.gravatar.com\\\/avatar\\\/92f1221f9fe110245bd315644e646de046d9246fade9f84be1b709ca4aacf355?s=96&d=mm&r=g\",\"contentUrl\":\"https:\\\/\\\/secure.gravatar.com\\\/avatar\\\/92f1221f9fe110245bd315644e646de046d9246fade9f84be1b709ca4aacf355?s=96&d=mm&r=g\",\"caption\":\"Nadine Geier\"},\"sameAs\":[\"http:\\\/\\\/www.medela-vital.de\"]}]}<\/script>\n<!-- \/ Yoast SEO plugin. -->","yoast_head_json":{"title":"Stimmungstief und Depressionen mit Vitalpilzen bek\u00e4mpfen","description":"Seelische Unausgeglichenheit, Stimmungsschwankungen und Depressionen muss man ernst nehmen - Stimmungstief und Depressionen mit Vitalpilzen bek\u00e4mpfen","robots":{"index":"index","follow":"follow","max-snippet":"max-snippet:-1","max-image-preview":"max-image-preview:large","max-video-preview":"max-video-preview:-1"},"canonical":"https:\/\/www.medela-vital.de\/blog\/vitalpilze-natuerliche-stimmungsaufheller\/","og_locale":"de_DE","og_type":"article","og_title":"Stimmungstief und Depressionen mit Vitalpilzen bek\u00e4mpfen","og_description":"Seelische Unausgeglichenheit, Stimmungsschwankungen und Depressionen muss man ernst nehmen - Stimmungstief und Depressionen mit Vitalpilzen bek\u00e4mpfen","og_url":"https:\/\/www.medela-vital.de\/blog\/vitalpilze-natuerliche-stimmungsaufheller\/","og_site_name":"medela-vital","article_publisher":"https:\/\/de-de.facebook.com\/medelavital\/","article_published_time":"2017-09-27T08:46:39+00:00","article_modified_time":"2021-03-07T16:15:53+00:00","og_image":[{"width":640,"height":426,"url":"https:\/\/www.medela-vital.de\/blog\/wp-content\/uploads\/2017\/09\/worried-girl-413690_640.jpg","type":"image\/jpeg"}],"author":"Nadine Geier","twitter_card":"summary_large_image","twitter_misc":{"Verfasst von":"Nadine Geier","Gesch\u00e4tzte Lesezeit":"2\u00a0Minuten"},"schema":{"@context":"https:\/\/schema.org","@graph":[{"@type":"Article","@id":"https:\/\/www.medela-vital.de\/blog\/vitalpilze-natuerliche-stimmungsaufheller\/#article","isPartOf":{"@id":"https:\/\/www.medela-vital.de\/blog\/vitalpilze-natuerliche-stimmungsaufheller\/"},"author":{"name":"Nadine Geier","@id":"https:\/\/www.medela-vital.de\/blog\/#\/schema\/person\/16abb051cea55a07709767e8a0117e9d"},"headline":"Vitalpilze &#8211; Nat\u00fcrliche Stimmungsaufheller f\u00fcr die dunkle Jahreszeit","datePublished":"2017-09-27T08:46:39+00:00","dateModified":"2021-03-07T16:15:53+00:00","mainEntityOfPage":{"@id":"https:\/\/www.medela-vital.de\/blog\/vitalpilze-natuerliche-stimmungsaufheller\/"},"wordCount":380,"publisher":{"@id":"https:\/\/www.medela-vital.de\/blog\/#organization"},"image":{"@id":"https:\/\/www.medela-vital.de\/blog\/vitalpilze-natuerliche-stimmungsaufheller\/#primaryimage"},"thumbnailUrl":"https:\/\/www.medela-vital.de\/blog\/wp-content\/uploads\/2017\/09\/worried-girl-413690_640.jpg","articleSection":["Vitalpilze"],"inLanguage":"de"},{"@type":"WebPage","@id":"https:\/\/www.medela-vital.de\/blog\/vitalpilze-natuerliche-stimmungsaufheller\/","url":"https:\/\/www.medela-vital.de\/blog\/vitalpilze-natuerliche-stimmungsaufheller\/","name":"Stimmungstief und Depressionen mit Vitalpilzen bek\u00e4mpfen","isPartOf":{"@id":"https:\/\/www.medela-vital.de\/blog\/#website"},"primaryImageOfPage":{"@id":"https:\/\/www.medela-vital.de\/blog\/vitalpilze-natuerliche-stimmungsaufheller\/#primaryimage"},"image":{"@id":"https:\/\/www.medela-vital.de\/blog\/vitalpilze-natuerliche-stimmungsaufheller\/#primaryimage"},"thumbnailUrl":"https:\/\/www.medela-vital.de\/blog\/wp-content\/uploads\/2017\/09\/worried-girl-413690_640.jpg","datePublished":"2017-09-27T08:46:39+00:00","dateModified":"2021-03-07T16:15:53+00:00","description":"Seelische Unausgeglichenheit, Stimmungsschwankungen und Depressionen muss man ernst nehmen - Stimmungstief und Depressionen mit Vitalpilzen bek\u00e4mpfen","breadcrumb":{"@id":"https:\/\/www.medela-vital.de\/blog\/vitalpilze-natuerliche-stimmungsaufheller\/#breadcrumb"},"inLanguage":"de","potentialAction":[{"@type":"ReadAction","target":["https:\/\/www.medela-vital.de\/blog\/vitalpilze-natuerliche-stimmungsaufheller\/"]}]},{"@type":"ImageObject","inLanguage":"de","@id":"https:\/\/www.medela-vital.de\/blog\/vitalpilze-natuerliche-stimmungsaufheller\/#primaryimage","url":"https:\/\/www.medela-vital.de\/blog\/wp-content\/uploads\/2017\/09\/worried-girl-413690_640.jpg","contentUrl":"https:\/\/www.medela-vital.de\/blog\/wp-content\/uploads\/2017\/09\/worried-girl-413690_640.jpg","width":640,"height":426},{"@type":"BreadcrumbList","@id":"https:\/\/www.medela-vital.de\/blog\/vitalpilze-natuerliche-stimmungsaufheller\/#breadcrumb","itemListElement":[{"@type":"ListItem","position":1,"name":"Startseite","item":"https:\/\/www.medela-vital.de\/blog\/"},{"@type":"ListItem","position":2,"name":"Vitalpilze &#8211; Nat\u00fcrliche Stimmungsaufheller f\u00fcr die dunkle Jahreszeit"}]},{"@type":"WebSite","@id":"https:\/\/www.medela-vital.de\/blog\/#website","url":"https:\/\/www.medela-vital.de\/blog\/","name":"medela-vital","description":"Unser neuer Vitalpilze-Blog","publisher":{"@id":"https:\/\/www.medela-vital.de\/blog\/#organization"},"potentialAction":[{"@type":"SearchAction","target":{"@type":"EntryPoint","urlTemplate":"https:\/\/www.medela-vital.de\/blog\/?s={search_term_string}"},"query-input":{"@type":"PropertyValueSpecification","valueRequired":true,"valueName":"search_term_string"}}],"inLanguage":"de"},{"@type":"Organization","@id":"https:\/\/www.medela-vital.de\/blog\/#organization","name":"Medela-vital","url":"https:\/\/www.medela-vital.de\/blog\/","logo":{"@type":"ImageObject","inLanguage":"de","@id":"https:\/\/www.medela-vital.de\/blog\/#\/schema\/logo\/image\/","url":"https:\/\/www.medela-vital.de\/blog\/wp-content\/uploads\/2017\/12\/logo-medela-vital_logo.png","contentUrl":"https:\/\/www.medela-vital.de\/blog\/wp-content\/uploads\/2017\/12\/logo-medela-vital_logo.png","width":739,"height":273,"caption":"Medela-vital"},"image":{"@id":"https:\/\/www.medela-vital.de\/blog\/#\/schema\/logo\/image\/"},"sameAs":["https:\/\/de-de.facebook.com\/medelavital\/"]},{"@type":"Person","@id":"https:\/\/www.medela-vital.de\/blog\/#\/schema\/person\/16abb051cea55a07709767e8a0117e9d","name":"Nadine Geier","image":{"@type":"ImageObject","inLanguage":"de","@id":"https:\/\/secure.gravatar.com\/avatar\/92f1221f9fe110245bd315644e646de046d9246fade9f84be1b709ca4aacf355?s=96&d=mm&r=g","url":"https:\/\/secure.gravatar.com\/avatar\/92f1221f9fe110245bd315644e646de046d9246fade9f84be1b709ca4aacf355?s=96&d=mm&r=g","contentUrl":"https:\/\/secure.gravatar.com\/avatar\/92f1221f9fe110245bd315644e646de046d9246fade9f84be1b709ca4aacf355?s=96&d=mm&r=g","caption":"Nadine Geier"},"sameAs":["http:\/\/www.medela-vital.de"]}]}},"_links":{"self":[{"href":"https:\/\/www.medela-vital.de\/blog\/wp-json\/wp\/v2\/posts\/42","targetHints":{"allow":["GET"]}}],"collection":[{"href":"https:\/\/www.medela-vital.de\/blog\/wp-json\/wp\/v2\/posts"}],"about":[{"href":"https:\/\/www.medela-vital.de\/blog\/wp-json\/wp\/v2\/types\/post"}],"author":[{"embeddable":true,"href":"https:\/\/www.medela-vital.de\/blog\/wp-json\/wp\/v2\/users\/2"}],"replies":[{"embeddable":true,"href":"https:\/\/www.medela-vital.de\/blog\/wp-json\/wp\/v2\/comments?post=42"}],"version-history":[{"count":11,"href":"https:\/\/www.medela-vital.de\/blog\/wp-json\/wp\/v2\/posts\/42\/revisions"}],"predecessor-version":[{"id":246,"href":"https:\/\/www.medela-vital.de\/blog\/wp-json\/wp\/v2\/posts\/42\/revisions\/246"}],"wp:featuredmedia":[{"embeddable":true,"href":"https:\/\/www.medela-vital.de\/blog\/wp-json\/wp\/v2\/media\/43"}],"wp:attachment":[{"href":"https:\/\/www.medela-vital.de\/blog\/wp-json\/wp\/v2\/media?parent=42"}],"wp:term":[{"taxonomy":"category","embeddable":true,"href":"https:\/\/www.medela-vital.de\/blog\/wp-json\/wp\/v2\/categories?post=42"},{"taxonomy":"post_tag","embeddable":true,"href":"https:\/\/www.medela-vital.de\/blog\/wp-json\/wp\/v2\/tags?post=42"}],"curies":[{"name":"wp","href":"https:\/\/api.w.org\/{rel}","templated":true}]}}