{"id":417,"date":"2022-09-12T10:25:14","date_gmt":"2022-09-12T08:25:14","guid":{"rendered":"https:\/\/www.medela-vital.de\/blog\/?p=417"},"modified":"2022-09-12T10:26:23","modified_gmt":"2022-09-12T08:26:23","slug":"vitalpilze-auch-in-der-schwangerschaft","status":"publish","type":"post","link":"https:\/\/www.medela-vital.de\/blog\/vitalpilze-auch-in-der-schwangerschaft\/","title":{"rendered":"Vitalpilze auch in der Schwangerschaft?"},"content":{"rendered":"\n<h2 class=\"wp-block-heading\">Auch in der Schwangerschaft eine gute Nahrungserg\u00e4nzung!<\/h2>\n\n\n\n<figure class=\"wp-block-gallery has-nested-images columns-default is-cropped wp-block-gallery-1 is-layout-flex wp-block-gallery-is-layout-flex\">\n<figure class=\"wp-block-image size-large is-style-rounded\"><img loading=\"lazy\" decoding=\"async\" width=\"640\" height=\"427\" data-id=\"418\" src=\"https:\/\/www.medela-vital.de\/blog\/wp-content\/uploads\/2022\/09\/pregnant-g41ddc95bd_640.jpg\" alt=\"Schwangerschaft\" class=\"wp-image-418\" srcset=\"https:\/\/www.medela-vital.de\/blog\/wp-content\/uploads\/2022\/09\/pregnant-g41ddc95bd_640.jpg 640w, https:\/\/www.medela-vital.de\/blog\/wp-content\/uploads\/2022\/09\/pregnant-g41ddc95bd_640-300x200.jpg 300w\" sizes=\"auto, (max-width: 640px) 100vw, 640px\" \/><\/figure>\n<\/figure>\n\n\n\n<p><\/p>\n\n\n\n<p>Nicht nur bei einem Kinderwunsch k\u00f6nnen Vitalpilze unterst\u00fctzend eingenommen werden, auch in der Schwangerschaft sind Nahrungserg\u00e4nzungsmittel ein guter Begleiter.<\/p>\n\n\n\n<!--more-->\n\n\n\n<p>Viele Frauen stellen sich in der Schwangerschaft die Frage, ob sie die Vitalpilze weiterhin einnehmen k\u00f6nnen oder auch w\u00e4hrenddessen mit der Einnahme beginnen k\u00f6nnen. Die Bio Vitalpilze entfalten ihre Wirkung nicht sofort, sondern brauchen Zeit und deshalb ist es ratsam, schon vor der Schwangerschaft mit der Einnahme zu beginnen. Doch auch mittendrin, k\u00f6nnen die Pilze mit ihren vielen positiven Eigenschaften n\u00fctzlich sein. Viele Vitamine, Mineralstoffe und Spurenelemente versorgen unseren K\u00f6rper und geben ihm genau das, was er braucht. Gerade w\u00e4hrend einer Schwangerschaft ben\u00f6tigt der weibliche K\u00f6rper viele N\u00e4hrstoffe, die man nur mit Nahrung sehr schwer aufnehmen kann. <\/p>\n\n\n\n<h3 class=\"wp-block-heading\">Was genau k\u00f6nnen Vitalpilze in der Schwangerschaft?<\/h3>\n\n\n\n<p>Sie sind wahre N\u00e4hrstofflieferanten<strong>.<\/strong>\u00a0Die bioaktiven Inhaltsstoffe sind wissenschaftlich nachgewiesen und weisen eine breites Angebot auf:<\/p>\n\n\n\n<ul class=\"wp-block-list\"><li>Vitamine (A, B-Gruppe, D)<\/li><li>alle essentiellen Aminos\u00e4uren<\/li><li>Ballaststoffe <\/li><li>Spurenelemente (z.B. Eisen, Zink, Kuper, Selen)<\/li><li>Mineralstoffe (z.B. Magnesium, Kalium, Phosphor)<\/li><\/ul>\n\n\n\n<p>Zudem enthalten sie bioaktive, sekund\u00e4re Inhaltsstoffe (z.B. Beta-Glucane, die eine gew\u00fcnschte immunmodulierende Wirkung haben). <\/p>\n\n\n\n<p>Von all diesen Inhaltsstoffen profitieren Mutter und Kind gleicherma\u00dfen. Da unsere <a href=\"https:\/\/www.medela-vital.de\/\" target=\"_blank\" rel=\"noreferrer noopener\">Vitalpilze <\/a>in bester Bio Qualit\u00e4t sind, sind sie auch f\u00fcr Schwangere hervorragend geeignet.<\/p>\n\n\n\n<p><\/p>\n\n\n\n<p>Wenn ihr aus \u00d6sterreich bestellen wollt, findet ihr <a href=\"http:\/\/www.bio-vitalpilze.at\">HIER<\/a> unseren Austria Shop.<\/p>\n","protected":false},"excerpt":{"rendered":"<p>Auch in der Schwangerschaft eine gute Nahrungserg\u00e4nzung! Nicht nur bei einem Kinderwunsch k\u00f6nnen Vitalpilze unterst\u00fctzend eingenommen werden, auch in der Schwangerschaft sind Nahrungserg\u00e4nzungsmittel ein guter Begleiter.<\/p>\n","protected":false},"author":2,"featured_media":419,"comment_status":"closed","ping_status":"open","sticky":false,"template":"","format":"standard","meta":{"footnotes":""},"categories":[1],"tags":[],"class_list":["post-417","post","type-post","status-publish","format-standard","has-post-thumbnail","hentry","category-allgemein"],"yoast_head":"<!-- This site is optimized with the Yoast SEO plugin v27.4 - https:\/\/yoast.com\/product\/yoast-seo-wordpress\/ -->\n<title>Vitalpilze auch in der Schwangerschaft? - medela-vital<\/title>\n<meta name=\"description\" content=\"Auch in der Schwangerschaft liefern Vitalpilze wertvolle N\u00e4hrstoffe und Vitamine und versorgen Mutter und Kind in der wichtigsten Zeit.\" \/>\n<meta name=\"robots\" content=\"index, follow, max-snippet:-1, max-image-preview:large, max-video-preview:-1\" \/>\n<link rel=\"canonical\" href=\"https:\/\/www.medela-vital.de\/blog\/vitalpilze-auch-in-der-schwangerschaft\/\" \/>\n<meta property=\"og:locale\" content=\"de_DE\" \/>\n<meta property=\"og:type\" content=\"article\" \/>\n<meta property=\"og:title\" content=\"Vitalpilze auch in der Schwangerschaft? - medela-vital\" \/>\n<meta property=\"og:description\" content=\"Auch in der Schwangerschaft liefern Vitalpilze wertvolle N\u00e4hrstoffe und Vitamine und versorgen Mutter und Kind in der wichtigsten Zeit.\" \/>\n<meta property=\"og:url\" content=\"https:\/\/www.medela-vital.de\/blog\/vitalpilze-auch-in-der-schwangerschaft\/\" \/>\n<meta property=\"og:site_name\" content=\"medela-vital\" \/>\n<meta property=\"article:publisher\" content=\"https:\/\/de-de.facebook.com\/medelavital\/\" \/>\n<meta property=\"article:published_time\" content=\"2022-09-12T08:25:14+00:00\" \/>\n<meta property=\"article:modified_time\" content=\"2022-09-12T08:26:23+00:00\" \/>\n<meta property=\"og:image\" content=\"https:\/\/www.medela-vital.de\/blog\/wp-content\/uploads\/2022\/09\/pregnant-g41ddc95bd_640-1.jpg\" \/>\n\t<meta property=\"og:image:width\" content=\"640\" \/>\n\t<meta property=\"og:image:height\" content=\"427\" \/>\n\t<meta property=\"og:image:type\" content=\"image\/jpeg\" \/>\n<meta name=\"author\" content=\"Nadine Geier\" \/>\n<meta name=\"twitter:card\" content=\"summary_large_image\" \/>\n<meta name=\"twitter:label1\" content=\"Verfasst von\" \/>\n\t<meta name=\"twitter:data1\" content=\"Nadine Geier\" \/>\n\t<meta name=\"twitter:label2\" content=\"Gesch\u00e4tzte Lesezeit\" \/>\n\t<meta name=\"twitter:data2\" content=\"2\u00a0Minuten\" \/>\n<script type=\"application\/ld+json\" class=\"yoast-schema-graph\">{\"@context\":\"https:\\\/\\\/schema.org\",\"@graph\":[{\"@type\":\"Article\",\"@id\":\"https:\\\/\\\/www.medela-vital.de\\\/blog\\\/vitalpilze-auch-in-der-schwangerschaft\\\/#article\",\"isPartOf\":{\"@id\":\"https:\\\/\\\/www.medela-vital.de\\\/blog\\\/vitalpilze-auch-in-der-schwangerschaft\\\/\"},\"author\":{\"name\":\"Nadine Geier\",\"@id\":\"https:\\\/\\\/www.medela-vital.de\\\/blog\\\/#\\\/schema\\\/person\\\/16abb051cea55a07709767e8a0117e9d\"},\"headline\":\"Vitalpilze auch in der Schwangerschaft?\",\"datePublished\":\"2022-09-12T08:25:14+00:00\",\"dateModified\":\"2022-09-12T08:26:23+00:00\",\"mainEntityOfPage\":{\"@id\":\"https:\\\/\\\/www.medela-vital.de\\\/blog\\\/vitalpilze-auch-in-der-schwangerschaft\\\/\"},\"wordCount\":245,\"publisher\":{\"@id\":\"https:\\\/\\\/www.medela-vital.de\\\/blog\\\/#organization\"},\"image\":{\"@id\":\"https:\\\/\\\/www.medela-vital.de\\\/blog\\\/vitalpilze-auch-in-der-schwangerschaft\\\/#primaryimage\"},\"thumbnailUrl\":\"https:\\\/\\\/www.medela-vital.de\\\/blog\\\/wp-content\\\/uploads\\\/2022\\\/09\\\/pregnant-g41ddc95bd_640-1.jpg\",\"inLanguage\":\"de\"},{\"@type\":\"WebPage\",\"@id\":\"https:\\\/\\\/www.medela-vital.de\\\/blog\\\/vitalpilze-auch-in-der-schwangerschaft\\\/\",\"url\":\"https:\\\/\\\/www.medela-vital.de\\\/blog\\\/vitalpilze-auch-in-der-schwangerschaft\\\/\",\"name\":\"Vitalpilze auch in der Schwangerschaft? - medela-vital\",\"isPartOf\":{\"@id\":\"https:\\\/\\\/www.medela-vital.de\\\/blog\\\/#website\"},\"primaryImageOfPage\":{\"@id\":\"https:\\\/\\\/www.medela-vital.de\\\/blog\\\/vitalpilze-auch-in-der-schwangerschaft\\\/#primaryimage\"},\"image\":{\"@id\":\"https:\\\/\\\/www.medela-vital.de\\\/blog\\\/vitalpilze-auch-in-der-schwangerschaft\\\/#primaryimage\"},\"thumbnailUrl\":\"https:\\\/\\\/www.medela-vital.de\\\/blog\\\/wp-content\\\/uploads\\\/2022\\\/09\\\/pregnant-g41ddc95bd_640-1.jpg\",\"datePublished\":\"2022-09-12T08:25:14+00:00\",\"dateModified\":\"2022-09-12T08:26:23+00:00\",\"description\":\"Auch in der Schwangerschaft liefern Vitalpilze wertvolle N\u00e4hrstoffe und Vitamine und versorgen Mutter und Kind in der wichtigsten Zeit.\",\"breadcrumb\":{\"@id\":\"https:\\\/\\\/www.medela-vital.de\\\/blog\\\/vitalpilze-auch-in-der-schwangerschaft\\\/#breadcrumb\"},\"inLanguage\":\"de\",\"potentialAction\":[{\"@type\":\"ReadAction\",\"target\":[\"https:\\\/\\\/www.medela-vital.de\\\/blog\\\/vitalpilze-auch-in-der-schwangerschaft\\\/\"]}]},{\"@type\":\"ImageObject\",\"inLanguage\":\"de\",\"@id\":\"https:\\\/\\\/www.medela-vital.de\\\/blog\\\/vitalpilze-auch-in-der-schwangerschaft\\\/#primaryimage\",\"url\":\"https:\\\/\\\/www.medela-vital.de\\\/blog\\\/wp-content\\\/uploads\\\/2022\\\/09\\\/pregnant-g41ddc95bd_640-1.jpg\",\"contentUrl\":\"https:\\\/\\\/www.medela-vital.de\\\/blog\\\/wp-content\\\/uploads\\\/2022\\\/09\\\/pregnant-g41ddc95bd_640-1.jpg\",\"width\":640,\"height\":427},{\"@type\":\"BreadcrumbList\",\"@id\":\"https:\\\/\\\/www.medela-vital.de\\\/blog\\\/vitalpilze-auch-in-der-schwangerschaft\\\/#breadcrumb\",\"itemListElement\":[{\"@type\":\"ListItem\",\"position\":1,\"name\":\"Startseite\",\"item\":\"https:\\\/\\\/www.medela-vital.de\\\/blog\\\/\"},{\"@type\":\"ListItem\",\"position\":2,\"name\":\"Vitalpilze auch in der Schwangerschaft?\"}]},{\"@type\":\"WebSite\",\"@id\":\"https:\\\/\\\/www.medela-vital.de\\\/blog\\\/#website\",\"url\":\"https:\\\/\\\/www.medela-vital.de\\\/blog\\\/\",\"name\":\"medela-vital\",\"description\":\"Unser neuer Vitalpilze-Blog\",\"publisher\":{\"@id\":\"https:\\\/\\\/www.medela-vital.de\\\/blog\\\/#organization\"},\"potentialAction\":[{\"@type\":\"SearchAction\",\"target\":{\"@type\":\"EntryPoint\",\"urlTemplate\":\"https:\\\/\\\/www.medela-vital.de\\\/blog\\\/?s={search_term_string}\"},\"query-input\":{\"@type\":\"PropertyValueSpecification\",\"valueRequired\":true,\"valueName\":\"search_term_string\"}}],\"inLanguage\":\"de\"},{\"@type\":\"Organization\",\"@id\":\"https:\\\/\\\/www.medela-vital.de\\\/blog\\\/#organization\",\"name\":\"Medela-vital\",\"url\":\"https:\\\/\\\/www.medela-vital.de\\\/blog\\\/\",\"logo\":{\"@type\":\"ImageObject\",\"inLanguage\":\"de\",\"@id\":\"https:\\\/\\\/www.medela-vital.de\\\/blog\\\/#\\\/schema\\\/logo\\\/image\\\/\",\"url\":\"https:\\\/\\\/www.medela-vital.de\\\/blog\\\/wp-content\\\/uploads\\\/2017\\\/12\\\/logo-medela-vital_logo.png\",\"contentUrl\":\"https:\\\/\\\/www.medela-vital.de\\\/blog\\\/wp-content\\\/uploads\\\/2017\\\/12\\\/logo-medela-vital_logo.png\",\"width\":739,\"height\":273,\"caption\":\"Medela-vital\"},\"image\":{\"@id\":\"https:\\\/\\\/www.medela-vital.de\\\/blog\\\/#\\\/schema\\\/logo\\\/image\\\/\"},\"sameAs\":[\"https:\\\/\\\/de-de.facebook.com\\\/medelavital\\\/\"]},{\"@type\":\"Person\",\"@id\":\"https:\\\/\\\/www.medela-vital.de\\\/blog\\\/#\\\/schema\\\/person\\\/16abb051cea55a07709767e8a0117e9d\",\"name\":\"Nadine Geier\",\"image\":{\"@type\":\"ImageObject\",\"inLanguage\":\"de\",\"@id\":\"https:\\\/\\\/secure.gravatar.com\\\/avatar\\\/92f1221f9fe110245bd315644e646de046d9246fade9f84be1b709ca4aacf355?s=96&d=mm&r=g\",\"url\":\"https:\\\/\\\/secure.gravatar.com\\\/avatar\\\/92f1221f9fe110245bd315644e646de046d9246fade9f84be1b709ca4aacf355?s=96&d=mm&r=g\",\"contentUrl\":\"https:\\\/\\\/secure.gravatar.com\\\/avatar\\\/92f1221f9fe110245bd315644e646de046d9246fade9f84be1b709ca4aacf355?s=96&d=mm&r=g\",\"caption\":\"Nadine Geier\"},\"sameAs\":[\"http:\\\/\\\/www.medela-vital.de\"]}]}<\/script>\n<!-- \/ Yoast SEO plugin. -->","yoast_head_json":{"title":"Vitalpilze auch in der Schwangerschaft? - medela-vital","description":"Auch in der Schwangerschaft liefern Vitalpilze wertvolle N\u00e4hrstoffe und Vitamine und versorgen Mutter und Kind in der wichtigsten Zeit.","robots":{"index":"index","follow":"follow","max-snippet":"max-snippet:-1","max-image-preview":"max-image-preview:large","max-video-preview":"max-video-preview:-1"},"canonical":"https:\/\/www.medela-vital.de\/blog\/vitalpilze-auch-in-der-schwangerschaft\/","og_locale":"de_DE","og_type":"article","og_title":"Vitalpilze auch in der Schwangerschaft? - medela-vital","og_description":"Auch in der Schwangerschaft liefern Vitalpilze wertvolle N\u00e4hrstoffe und Vitamine und versorgen Mutter und Kind in der wichtigsten Zeit.","og_url":"https:\/\/www.medela-vital.de\/blog\/vitalpilze-auch-in-der-schwangerschaft\/","og_site_name":"medela-vital","article_publisher":"https:\/\/de-de.facebook.com\/medelavital\/","article_published_time":"2022-09-12T08:25:14+00:00","article_modified_time":"2022-09-12T08:26:23+00:00","og_image":[{"width":640,"height":427,"url":"https:\/\/www.medela-vital.de\/blog\/wp-content\/uploads\/2022\/09\/pregnant-g41ddc95bd_640-1.jpg","type":"image\/jpeg"}],"author":"Nadine Geier","twitter_card":"summary_large_image","twitter_misc":{"Verfasst von":"Nadine Geier","Gesch\u00e4tzte Lesezeit":"2\u00a0Minuten"},"schema":{"@context":"https:\/\/schema.org","@graph":[{"@type":"Article","@id":"https:\/\/www.medela-vital.de\/blog\/vitalpilze-auch-in-der-schwangerschaft\/#article","isPartOf":{"@id":"https:\/\/www.medela-vital.de\/blog\/vitalpilze-auch-in-der-schwangerschaft\/"},"author":{"name":"Nadine Geier","@id":"https:\/\/www.medela-vital.de\/blog\/#\/schema\/person\/16abb051cea55a07709767e8a0117e9d"},"headline":"Vitalpilze auch in der Schwangerschaft?","datePublished":"2022-09-12T08:25:14+00:00","dateModified":"2022-09-12T08:26:23+00:00","mainEntityOfPage":{"@id":"https:\/\/www.medela-vital.de\/blog\/vitalpilze-auch-in-der-schwangerschaft\/"},"wordCount":245,"publisher":{"@id":"https:\/\/www.medela-vital.de\/blog\/#organization"},"image":{"@id":"https:\/\/www.medela-vital.de\/blog\/vitalpilze-auch-in-der-schwangerschaft\/#primaryimage"},"thumbnailUrl":"https:\/\/www.medela-vital.de\/blog\/wp-content\/uploads\/2022\/09\/pregnant-g41ddc95bd_640-1.jpg","inLanguage":"de"},{"@type":"WebPage","@id":"https:\/\/www.medela-vital.de\/blog\/vitalpilze-auch-in-der-schwangerschaft\/","url":"https:\/\/www.medela-vital.de\/blog\/vitalpilze-auch-in-der-schwangerschaft\/","name":"Vitalpilze auch in der Schwangerschaft? - medela-vital","isPartOf":{"@id":"https:\/\/www.medela-vital.de\/blog\/#website"},"primaryImageOfPage":{"@id":"https:\/\/www.medela-vital.de\/blog\/vitalpilze-auch-in-der-schwangerschaft\/#primaryimage"},"image":{"@id":"https:\/\/www.medela-vital.de\/blog\/vitalpilze-auch-in-der-schwangerschaft\/#primaryimage"},"thumbnailUrl":"https:\/\/www.medela-vital.de\/blog\/wp-content\/uploads\/2022\/09\/pregnant-g41ddc95bd_640-1.jpg","datePublished":"2022-09-12T08:25:14+00:00","dateModified":"2022-09-12T08:26:23+00:00","description":"Auch in der Schwangerschaft liefern Vitalpilze wertvolle N\u00e4hrstoffe und Vitamine und versorgen Mutter und Kind in der wichtigsten Zeit.","breadcrumb":{"@id":"https:\/\/www.medela-vital.de\/blog\/vitalpilze-auch-in-der-schwangerschaft\/#breadcrumb"},"inLanguage":"de","potentialAction":[{"@type":"ReadAction","target":["https:\/\/www.medela-vital.de\/blog\/vitalpilze-auch-in-der-schwangerschaft\/"]}]},{"@type":"ImageObject","inLanguage":"de","@id":"https:\/\/www.medela-vital.de\/blog\/vitalpilze-auch-in-der-schwangerschaft\/#primaryimage","url":"https:\/\/www.medela-vital.de\/blog\/wp-content\/uploads\/2022\/09\/pregnant-g41ddc95bd_640-1.jpg","contentUrl":"https:\/\/www.medela-vital.de\/blog\/wp-content\/uploads\/2022\/09\/pregnant-g41ddc95bd_640-1.jpg","width":640,"height":427},{"@type":"BreadcrumbList","@id":"https:\/\/www.medela-vital.de\/blog\/vitalpilze-auch-in-der-schwangerschaft\/#breadcrumb","itemListElement":[{"@type":"ListItem","position":1,"name":"Startseite","item":"https:\/\/www.medela-vital.de\/blog\/"},{"@type":"ListItem","position":2,"name":"Vitalpilze auch in der Schwangerschaft?"}]},{"@type":"WebSite","@id":"https:\/\/www.medela-vital.de\/blog\/#website","url":"https:\/\/www.medela-vital.de\/blog\/","name":"medela-vital","description":"Unser neuer Vitalpilze-Blog","publisher":{"@id":"https:\/\/www.medela-vital.de\/blog\/#organization"},"potentialAction":[{"@type":"SearchAction","target":{"@type":"EntryPoint","urlTemplate":"https:\/\/www.medela-vital.de\/blog\/?s={search_term_string}"},"query-input":{"@type":"PropertyValueSpecification","valueRequired":true,"valueName":"search_term_string"}}],"inLanguage":"de"},{"@type":"Organization","@id":"https:\/\/www.medela-vital.de\/blog\/#organization","name":"Medela-vital","url":"https:\/\/www.medela-vital.de\/blog\/","logo":{"@type":"ImageObject","inLanguage":"de","@id":"https:\/\/www.medela-vital.de\/blog\/#\/schema\/logo\/image\/","url":"https:\/\/www.medela-vital.de\/blog\/wp-content\/uploads\/2017\/12\/logo-medela-vital_logo.png","contentUrl":"https:\/\/www.medela-vital.de\/blog\/wp-content\/uploads\/2017\/12\/logo-medela-vital_logo.png","width":739,"height":273,"caption":"Medela-vital"},"image":{"@id":"https:\/\/www.medela-vital.de\/blog\/#\/schema\/logo\/image\/"},"sameAs":["https:\/\/de-de.facebook.com\/medelavital\/"]},{"@type":"Person","@id":"https:\/\/www.medela-vital.de\/blog\/#\/schema\/person\/16abb051cea55a07709767e8a0117e9d","name":"Nadine Geier","image":{"@type":"ImageObject","inLanguage":"de","@id":"https:\/\/secure.gravatar.com\/avatar\/92f1221f9fe110245bd315644e646de046d9246fade9f84be1b709ca4aacf355?s=96&d=mm&r=g","url":"https:\/\/secure.gravatar.com\/avatar\/92f1221f9fe110245bd315644e646de046d9246fade9f84be1b709ca4aacf355?s=96&d=mm&r=g","contentUrl":"https:\/\/secure.gravatar.com\/avatar\/92f1221f9fe110245bd315644e646de046d9246fade9f84be1b709ca4aacf355?s=96&d=mm&r=g","caption":"Nadine Geier"},"sameAs":["http:\/\/www.medela-vital.de"]}]}},"_links":{"self":[{"href":"https:\/\/www.medela-vital.de\/blog\/wp-json\/wp\/v2\/posts\/417","targetHints":{"allow":["GET"]}}],"collection":[{"href":"https:\/\/www.medela-vital.de\/blog\/wp-json\/wp\/v2\/posts"}],"about":[{"href":"https:\/\/www.medela-vital.de\/blog\/wp-json\/wp\/v2\/types\/post"}],"author":[{"embeddable":true,"href":"https:\/\/www.medela-vital.de\/blog\/wp-json\/wp\/v2\/users\/2"}],"replies":[{"embeddable":true,"href":"https:\/\/www.medela-vital.de\/blog\/wp-json\/wp\/v2\/comments?post=417"}],"version-history":[{"count":3,"href":"https:\/\/www.medela-vital.de\/blog\/wp-json\/wp\/v2\/posts\/417\/revisions"}],"predecessor-version":[{"id":422,"href":"https:\/\/www.medela-vital.de\/blog\/wp-json\/wp\/v2\/posts\/417\/revisions\/422"}],"wp:featuredmedia":[{"embeddable":true,"href":"https:\/\/www.medela-vital.de\/blog\/wp-json\/wp\/v2\/media\/419"}],"wp:attachment":[{"href":"https:\/\/www.medela-vital.de\/blog\/wp-json\/wp\/v2\/media?parent=417"}],"wp:term":[{"taxonomy":"category","embeddable":true,"href":"https:\/\/www.medela-vital.de\/blog\/wp-json\/wp\/v2\/categories?post=417"},{"taxonomy":"post_tag","embeddable":true,"href":"https:\/\/www.medela-vital.de\/blog\/wp-json\/wp\/v2\/tags?post=417"}],"curies":[{"name":"wp","href":"https:\/\/api.w.org\/{rel}","templated":true}]}}