{"id":387,"date":"2021-05-19T15:26:06","date_gmt":"2021-05-19T13:26:06","guid":{"rendered":"https:\/\/www.medela-vital.de\/blog\/?p=387"},"modified":"2021-05-19T15:26:07","modified_gmt":"2021-05-19T13:26:07","slug":"vitalpilz-kaffee","status":"publish","type":"post","link":"https:\/\/www.medela-vital.de\/blog\/vitalpilz-kaffee\/","title":{"rendered":"Fit und wach in den Sommer starten"},"content":{"rendered":"\n<h2 class=\"has-text-align-center wp-block-heading\">Mit unserem Bio Vitalpilz Kaffee<\/h2>\n\n\n\n<div class=\"wp-block-image is-style-rounded\"><figure class=\"aligncenter size-large\"><a href=\"https:\/\/www.medela-vital.de\/reishi-kaffee\/\" target=\"_blank\" rel=\"noopener\"><img loading=\"lazy\" decoding=\"async\" width=\"675\" height=\"300\" src=\"https:\/\/www.medela-vital.de\/blog\/wp-content\/uploads\/2021\/05\/ReishiKaffee_675.jpg\" alt=\"Bio Vitalpilz Kaffee\" class=\"wp-image-389\" srcset=\"https:\/\/www.medela-vital.de\/blog\/wp-content\/uploads\/2021\/05\/ReishiKaffee_675.jpg 675w, https:\/\/www.medela-vital.de\/blog\/wp-content\/uploads\/2021\/05\/ReishiKaffee_675-300x133.jpg 300w\" sizes=\"auto, (max-width: 675px) 100vw, 675px\" \/><\/a><\/figure><\/div>\n\n\n\n<p><strong>Vitalpilz-Kaffee ist eine Kombination aus Kaffeepulver und gemahlenen Heilpilzen<\/strong>. <strong>Bei uns gibt es nur zertifzierten Bio Kaffee mit Vitalpilzen in bester Bio Qualit\u00e4t.<\/strong><\/p>\n\n\n\n<p>Der Grund, warum Kaffee mit Heilpilzen angereichert wird, sind die enthaltenen\u00a0Mikron\u00e4hrstoffe wie Antioxidantien bzw. sekund\u00e4re Pflanzenstoffen, Vitamine und Polysaccharide. In der TCM (Traditionellen Chinesischen Medizin) besitzen Heilpilze seit Jahrtausenden einen unverzichtbar hohen Stellenwert aufgrund ihrer positiven Wirkung. Bei uns hat das Interesse an Vitalpilzen erst in den letzten Jahren zugenommen.<\/p>\n\n\n\n<!--more-->\n\n\n\n<p>Aufgrund der vitalisierenden Wirkung von Heilpilzen werden sie auch als Vitalpilze bezeichnet. Einer der beliebtesten Pilze ist der Reishi<strong>,<\/strong> der in Asien den Namen \u201ePilz des Lebens\u201c tr\u00e4gt. Daher wird auch meistens der Reishi Kaffee angeboten.<\/p>\n\n\n\n<blockquote class=\"wp-block-quote is-layout-flow wp-block-quote-is-layout-flow\"><p><strong>Die antioxidative und immunmodulierende Wirkung von Reishi, Maitake, Cordyceps und Co. steht laut Naturmedizin im Vordergrund.<\/strong><\/p><\/blockquote>\n\n\n\n<p>Immunmodulierend bedeutet, dass sich Heilpilze\u00a0aktivierend und hemmend auf das Immunsystem\u00a0und weitere physiologische Prozesse auswirken k\u00f6nnen.<\/p>\n\n\n\n<p>W\u00e4hrend die\u00a0Abwehrkr\u00e4fte\u00a0beispielsweise durch Heilpilze\u00a0aktiviert werden\u00a0sollen, kann ein \u00fcberschie\u00dfendes Immunsystem bei\u00a0Allergien ged\u00e4mpft\u00a0und allergische Symptome reduziert werden. Diese auch als adaptogene (anpassende) Wirkung bekannte F\u00e4higkeit erkl\u00e4rt, warum Heilpilze als Adaptogene bezeichnet werden.<\/p>\n\n\n\n<p>Von der adaptogenen Wirkung der Vitalpilze soll nicht nur das Immunsystem, sondern auch die Psyche profitieren k\u00f6nnen. Wenn zum Beispiel\u00a0zu viel Stress\u00a0den K\u00f6rper aktiviert und nicht zur Ruhe kommen l\u00e4sst, sollen Vitalpilze laut der TCM beruhigend wirken.<\/p>\n\n\n\n<h3 class=\"wp-block-heading\" id=\"naturheilkunde\">Naturheilkunde vs Allgemeinmedizin<\/h3>\n\n\n\n<p>W\u00e4hrend die Pilze in Asien bei vielerlei Beschwerden eingesetzt werden, sind Mediziner in Europa deutlich zur\u00fcckhaltender. Allerdings wird der Reishi\u00a0auch in Deutschland bereits vereinzelnd begleitend zu vielen\u00a0schulmedizinischen Therapien\u00a0empfohlen.<\/p>\n\n\n\n<h3 class=\"wp-block-heading\" id=\"inhaltsstoffe\">Inhaltsstoffe von Vitalpilz Kaffee<\/h3>\n\n\n\n<p>Zun\u00e4chst macht es Sinn, einen Blick auf die\u00a0Inhaltsstoffe von Kaffee\u00a0zu werfen. Denn auch wenn Kaffee h\u00e4ufig ein eher schlechtes Image auferlegt wird, ist reines Kaffeepulver \u2013 eine hochwertige Bio-Qualit\u00e4t vorausgesetzt \u2013 in Ma\u00dfen genossen durchaus gesund.<\/p>\n\n\n\n<blockquote class=\"wp-block-quote is-layout-flow wp-block-quote-is-layout-flow\"><p><strong>Die in den Kaffeebohnen enthaltenen Polyphenole (sekund\u00e4re Pflanzenstoffe) entfalten beim Genuss zellsch\u00fctzende Effekte.<\/strong><\/p><\/blockquote>\n\n\n\n<p>Daf\u00fcr verantwortlich ist die\u00a0antioxidative Wirkung der Polyphenole. Und ohne das aktivierende Koffein, von dem besonders Personen mit\u00a0niedrigem Blutdruck profitieren, w\u00fcrden einige Menschen morgens gar nicht erst in Schwung kommen.<\/p>\n\n\n\n<p><strong>Tipps:<\/strong>\u00a0Der auch als \u201eAutophagie\u201c bezeichnete Prozess des Zellschutzes durch Polyphenole funktioniert nur, wenn der Kaffee ohne Milch\u00a0getrunken wird. Sobald der Kaffee \u2013 egal ob mit Pilzen oder ohne \u2013 mit\u00a0tierischem Eiwei\u00df\u00a0in Verbindung kommt, wird der\u00a0Zellschutzeffekt aufgehoben. Daher ist es empfehlenswert Kaffee pur oder mit einer pflanzlichen Milchalternative zu trinken. Mandelmilch und Co. haben keine hemmende Wirkung auf die Antioxidantien.<\/p>\n\n\n\n<h3 class=\"wp-block-heading\" id=\"superfood\">Wirkstoffe im Pilzpulver machen Vitalpilz Kaffee zu Superfood<\/h3>\n\n\n\n<p>Der moderate Genuss von\u00a0bis zu drei Tassen purem Kaffee oder Cappuccino mit Sojamilch pro Tag\u00a0kann aufgrund der enthaltenen Antioxidantien bereits<strong>\u00a0ohne Pilzzugabe als Superfood\u00a0<\/strong>eingestuft werden. Dennoch darf an dieser Stelle nat\u00fcrlich ein Blick auf die Inhaltsstoffe des Pilzpulvers nicht fehlen. Diese sind schlie\u00dflich f\u00fcr den Hype rund um den Pilzkaffee verantwortlich.<\/p>\n\n\n\n<blockquote class=\"wp-block-quote is-layout-flow wp-block-quote-is-layout-flow\"><p><strong>Charakteristisch f\u00fcr Heilpilze und deren gesundheitliche Wirkung sind vor allem die sogenannten Beta-Glucane.<\/strong><\/p><\/blockquote>\n\n\n\n<p>Dabei handelt es sich um\u00a0Polysaccharide (Mehrfachzucker), die als Hauptakteure f\u00fcr den Immunschutz von Heilpilzen gelten. Die enthaltenen\u00a0Triterpene (nat\u00fcrliche Wirkstoffe)\u00a0besitzen wiederum\u00a0antivirale, antimykotische (pilzhemmende) und antibakterielle Effekte.<\/p>\n\n\n\n<p>Zus\u00e4tzlich sind im Reishi-Pilzpulver Mikron\u00e4hrstoffe wie\u00a0Kupfer, Zink, Selen, B-Vitamine und sekund\u00e4re Pflanzenstoffe bzw. Antioxidantien\u00a0enthalten. Nicht zuletzt geh\u00f6ren Ergosterol (Vorstufe von Vitamin D) und essentielle Aminos\u00e4uren zu den Wirkstoffen des \u201ePilz des Lebens\u201c.<\/p>\n\n\n\n<p><strong>Inhaltsstoffe von Reishi:<\/strong><\/p>\n\n\n\n<ul class=\"wp-block-list\"><li>sekund\u00e4re Pflanzenstoffe<\/li><li>Beta-Glucane<\/li><li>Triterpene<\/li><li>Ergosterol (Provitamin D)<\/li><li>Vitamine<\/li><li>Mineralstoffe<\/li><li>Spurenelemente<\/li><li>Aminos\u00e4uren<\/li><\/ul>\n\n\n\n<p>Und f\u00fcr Alle, die keinen Koffeinkick ben\u00f6tigen, haben wir unseren koffeinfreien Silencio Kaffee mit Bio Hericium. Schon ein einziger Blick gen\u00fcgt, um zu wissen, dass der Hericium ein ganz besonderes Exemplar unter den Pilzen ist. Er zeigt sich in der Natur als zotteliger, wei\u00dfer Bausch, der es sich am Stamm alter Laubb\u00e4ume gem\u00fctlich macht. An alten Exemplaren, die in feuchten, warmen W\u00e4ldern zu Hause sind, f\u00fchlt er sich besonders wohl, auch wenn diese bereits abgestorben sind. Da jedoch kaum noch W\u00e4lder mit altem Baumbestand zu finden sind, ist Hericium eine echte Rarit\u00e4t. Auch er besitzt viele positive Eigenschaften, genau wie der Reishi Vitalpilz.<\/p>\n\n\n\n<p><\/p>\n\n\n\n<p>Vitalpilz-Kaffee ist eine Kombination aus Kaffeepulver und gemahlenen Heilpilzen und vereint somit die Vorteile von Vitalpilzen und Bio Kaffee.<\/p>\n\n\n\n<p><\/p>\n\n\n\n<figure class=\"wp-block-gallery columns-3 is-cropped wp-block-gallery-1 is-layout-flex wp-block-gallery-is-layout-flex\"><ul class=\"blocks-gallery-grid\"><li class=\"blocks-gallery-item\"><figure><img loading=\"lazy\" decoding=\"async\" width=\"639\" height=\"1024\" src=\"https:\/\/www.medela-vital.de\/blog\/wp-content\/uploads\/2021\/05\/3D_Medela_Hidden_Valley-639x1024.png\" alt=\"\" data-id=\"390\" data-full-url=\"https:\/\/www.medela-vital.de\/blog\/wp-content\/uploads\/2021\/05\/3D_Medela_Hidden_Valley.png\" data-link=\"https:\/\/www.medela-vital.de\/blog\/?attachment_id=390\" class=\"wp-image-390\" srcset=\"https:\/\/www.medela-vital.de\/blog\/wp-content\/uploads\/2021\/05\/3D_Medela_Hidden_Valley-639x1024.png 639w, https:\/\/www.medela-vital.de\/blog\/wp-content\/uploads\/2021\/05\/3D_Medela_Hidden_Valley-187x300.png 187w, https:\/\/www.medela-vital.de\/blog\/wp-content\/uploads\/2021\/05\/3D_Medela_Hidden_Valley-768x1230.png 768w, https:\/\/www.medela-vital.de\/blog\/wp-content\/uploads\/2021\/05\/3D_Medela_Hidden_Valley-959x1536.png 959w, https:\/\/www.medela-vital.de\/blog\/wp-content\/uploads\/2021\/05\/3D_Medela_Hidden_Valley.png 964w\" sizes=\"auto, (max-width: 639px) 100vw, 639px\" \/><\/figure><\/li><li class=\"blocks-gallery-item\"><figure><img loading=\"lazy\" decoding=\"async\" width=\"639\" height=\"1024\" src=\"https:\/\/www.medela-vital.de\/blog\/wp-content\/uploads\/2021\/05\/3D_Medela_Kaffa-639x1024.png\" alt=\"\" data-id=\"391\" data-full-url=\"https:\/\/www.medela-vital.de\/blog\/wp-content\/uploads\/2021\/05\/3D_Medela_Kaffa.png\" data-link=\"https:\/\/www.medela-vital.de\/blog\/?attachment_id=391\" class=\"wp-image-391\" srcset=\"https:\/\/www.medela-vital.de\/blog\/wp-content\/uploads\/2021\/05\/3D_Medela_Kaffa-639x1024.png 639w, https:\/\/www.medela-vital.de\/blog\/wp-content\/uploads\/2021\/05\/3D_Medela_Kaffa-187x300.png 187w, https:\/\/www.medela-vital.de\/blog\/wp-content\/uploads\/2021\/05\/3D_Medela_Kaffa-768x1230.png 768w, https:\/\/www.medela-vital.de\/blog\/wp-content\/uploads\/2021\/05\/3D_Medela_Kaffa-959x1536.png 959w, https:\/\/www.medela-vital.de\/blog\/wp-content\/uploads\/2021\/05\/3D_Medela_Kaffa.png 964w\" sizes=\"auto, (max-width: 639px) 100vw, 639px\" \/><\/figure><\/li><li class=\"blocks-gallery-item\"><figure><img loading=\"lazy\" decoding=\"async\" width=\"639\" height=\"1024\" src=\"https:\/\/www.medela-vital.de\/blog\/wp-content\/uploads\/2021\/05\/3D_Medela_Los_Yaneshas-639x1024.png\" alt=\"\" data-id=\"392\" data-full-url=\"https:\/\/www.medela-vital.de\/blog\/wp-content\/uploads\/2021\/05\/3D_Medela_Los_Yaneshas.png\" data-link=\"https:\/\/www.medela-vital.de\/blog\/?attachment_id=392\" class=\"wp-image-392\" srcset=\"https:\/\/www.medela-vital.de\/blog\/wp-content\/uploads\/2021\/05\/3D_Medela_Los_Yaneshas-639x1024.png 639w, https:\/\/www.medela-vital.de\/blog\/wp-content\/uploads\/2021\/05\/3D_Medela_Los_Yaneshas-187x300.png 187w, https:\/\/www.medela-vital.de\/blog\/wp-content\/uploads\/2021\/05\/3D_Medela_Los_Yaneshas-768x1230.png 768w, https:\/\/www.medela-vital.de\/blog\/wp-content\/uploads\/2021\/05\/3D_Medela_Los_Yaneshas-959x1536.png 959w, https:\/\/www.medela-vital.de\/blog\/wp-content\/uploads\/2021\/05\/3D_Medela_Los_Yaneshas.png 964w\" sizes=\"auto, (max-width: 639px) 100vw, 639px\" \/><\/figure><\/li><li class=\"blocks-gallery-item\"><figure><img loading=\"lazy\" decoding=\"async\" width=\"639\" height=\"1024\" src=\"https:\/\/www.medela-vital.de\/blog\/wp-content\/uploads\/2021\/05\/3D_Medela_Los_Yaneshas_Extrakt-639x1024.png\" alt=\"\" data-id=\"393\" data-full-url=\"https:\/\/www.medela-vital.de\/blog\/wp-content\/uploads\/2021\/05\/3D_Medela_Los_Yaneshas_Extrakt.png\" data-link=\"https:\/\/www.medela-vital.de\/blog\/?attachment_id=393\" class=\"wp-image-393\" srcset=\"https:\/\/www.medela-vital.de\/blog\/wp-content\/uploads\/2021\/05\/3D_Medela_Los_Yaneshas_Extrakt-639x1024.png 639w, https:\/\/www.medela-vital.de\/blog\/wp-content\/uploads\/2021\/05\/3D_Medela_Los_Yaneshas_Extrakt-187x300.png 187w, https:\/\/www.medela-vital.de\/blog\/wp-content\/uploads\/2021\/05\/3D_Medela_Los_Yaneshas_Extrakt-768x1230.png 768w, https:\/\/www.medela-vital.de\/blog\/wp-content\/uploads\/2021\/05\/3D_Medela_Los_Yaneshas_Extrakt-959x1536.png 959w, https:\/\/www.medela-vital.de\/blog\/wp-content\/uploads\/2021\/05\/3D_Medela_Los_Yaneshas_Extrakt.png 964w\" sizes=\"auto, (max-width: 639px) 100vw, 639px\" \/><\/figure><\/li><li class=\"blocks-gallery-item\"><figure><img loading=\"lazy\" decoding=\"async\" width=\"639\" height=\"1024\" src=\"https:\/\/www.medela-vital.de\/blog\/wp-content\/uploads\/2021\/05\/3D_Medela_Nossa_Senhora-639x1024.png\" alt=\"Vitalpilz Kaffee\" data-id=\"394\" data-full-url=\"https:\/\/www.medela-vital.de\/blog\/wp-content\/uploads\/2021\/05\/3D_Medela_Nossa_Senhora.png\" data-link=\"https:\/\/www.medela-vital.de\/blog\/?attachment_id=394\" class=\"wp-image-394\" srcset=\"https:\/\/www.medela-vital.de\/blog\/wp-content\/uploads\/2021\/05\/3D_Medela_Nossa_Senhora-639x1024.png 639w, https:\/\/www.medela-vital.de\/blog\/wp-content\/uploads\/2021\/05\/3D_Medela_Nossa_Senhora-187x300.png 187w, https:\/\/www.medela-vital.de\/blog\/wp-content\/uploads\/2021\/05\/3D_Medela_Nossa_Senhora-768x1230.png 768w, https:\/\/www.medela-vital.de\/blog\/wp-content\/uploads\/2021\/05\/3D_Medela_Nossa_Senhora-959x1536.png 959w, https:\/\/www.medela-vital.de\/blog\/wp-content\/uploads\/2021\/05\/3D_Medela_Nossa_Senhora.png 964w\" sizes=\"auto, (max-width: 639px) 100vw, 639px\" \/><\/figure><\/li><li class=\"blocks-gallery-item\"><figure><img loading=\"lazy\" decoding=\"async\" width=\"639\" height=\"1024\" src=\"https:\/\/www.medela-vital.de\/blog\/wp-content\/uploads\/2021\/05\/3D_Medela_Nueva_Esperanza-639x1024.png\" alt=\"\" data-id=\"395\" data-full-url=\"https:\/\/www.medela-vital.de\/blog\/wp-content\/uploads\/2021\/05\/3D_Medela_Nueva_Esperanza.png\" data-link=\"https:\/\/www.medela-vital.de\/blog\/?attachment_id=395\" class=\"wp-image-395\" srcset=\"https:\/\/www.medela-vital.de\/blog\/wp-content\/uploads\/2021\/05\/3D_Medela_Nueva_Esperanza-639x1024.png 639w, https:\/\/www.medela-vital.de\/blog\/wp-content\/uploads\/2021\/05\/3D_Medela_Nueva_Esperanza-187x300.png 187w, https:\/\/www.medela-vital.de\/blog\/wp-content\/uploads\/2021\/05\/3D_Medela_Nueva_Esperanza-768x1230.png 768w, https:\/\/www.medela-vital.de\/blog\/wp-content\/uploads\/2021\/05\/3D_Medela_Nueva_Esperanza-959x1536.png 959w, https:\/\/www.medela-vital.de\/blog\/wp-content\/uploads\/2021\/05\/3D_Medela_Nueva_Esperanza.png 964w\" sizes=\"auto, (max-width: 639px) 100vw, 639px\" \/><\/figure><\/li><li class=\"blocks-gallery-item\"><figure><img loading=\"lazy\" decoding=\"async\" width=\"639\" height=\"1024\" src=\"https:\/\/www.medela-vital.de\/blog\/wp-content\/uploads\/2021\/05\/3D_Medela_Pacha_Mama-639x1024.png\" alt=\"\" data-id=\"396\" data-full-url=\"https:\/\/www.medela-vital.de\/blog\/wp-content\/uploads\/2021\/05\/3D_Medela_Pacha_Mama.png\" data-link=\"https:\/\/www.medela-vital.de\/blog\/?attachment_id=396\" class=\"wp-image-396\" srcset=\"https:\/\/www.medela-vital.de\/blog\/wp-content\/uploads\/2021\/05\/3D_Medela_Pacha_Mama-639x1024.png 639w, https:\/\/www.medela-vital.de\/blog\/wp-content\/uploads\/2021\/05\/3D_Medela_Pacha_Mama-187x300.png 187w, https:\/\/www.medela-vital.de\/blog\/wp-content\/uploads\/2021\/05\/3D_Medela_Pacha_Mama-768x1230.png 768w, https:\/\/www.medela-vital.de\/blog\/wp-content\/uploads\/2021\/05\/3D_Medela_Pacha_Mama-959x1536.png 959w, https:\/\/www.medela-vital.de\/blog\/wp-content\/uploads\/2021\/05\/3D_Medela_Pacha_Mama.png 964w\" sizes=\"auto, (max-width: 639px) 100vw, 639px\" \/><\/figure><\/li><li class=\"blocks-gallery-item\"><figure><img loading=\"lazy\" decoding=\"async\" width=\"639\" height=\"1024\" src=\"https:\/\/www.medela-vital.de\/blog\/wp-content\/uploads\/2021\/05\/3D_Medela_Silencio-639x1024.png\" alt=\"\" data-id=\"397\" data-full-url=\"https:\/\/www.medela-vital.de\/blog\/wp-content\/uploads\/2021\/05\/3D_Medela_Silencio.png\" data-link=\"https:\/\/www.medela-vital.de\/blog\/?attachment_id=397\" class=\"wp-image-397\" srcset=\"https:\/\/www.medela-vital.de\/blog\/wp-content\/uploads\/2021\/05\/3D_Medela_Silencio-639x1024.png 639w, https:\/\/www.medela-vital.de\/blog\/wp-content\/uploads\/2021\/05\/3D_Medela_Silencio-187x300.png 187w, https:\/\/www.medela-vital.de\/blog\/wp-content\/uploads\/2021\/05\/3D_Medela_Silencio-768x1230.png 768w, https:\/\/www.medela-vital.de\/blog\/wp-content\/uploads\/2021\/05\/3D_Medela_Silencio-959x1536.png 959w, https:\/\/www.medela-vital.de\/blog\/wp-content\/uploads\/2021\/05\/3D_Medela_Silencio.png 964w\" sizes=\"auto, (max-width: 639px) 100vw, 639px\" \/><\/figure><\/li><li class=\"blocks-gallery-item\"><figure><img loading=\"lazy\" decoding=\"async\" width=\"639\" height=\"1024\" src=\"https:\/\/www.medela-vital.de\/blog\/wp-content\/uploads\/2021\/05\/3D_Medela_Suke_Quto-639x1024.png\" alt=\"\" data-id=\"398\" data-full-url=\"https:\/\/www.medela-vital.de\/blog\/wp-content\/uploads\/2021\/05\/3D_Medela_Suke_Quto.png\" data-link=\"https:\/\/www.medela-vital.de\/blog\/?attachment_id=398\" class=\"wp-image-398\" srcset=\"https:\/\/www.medela-vital.de\/blog\/wp-content\/uploads\/2021\/05\/3D_Medela_Suke_Quto-639x1024.png 639w, https:\/\/www.medela-vital.de\/blog\/wp-content\/uploads\/2021\/05\/3D_Medela_Suke_Quto-187x300.png 187w, https:\/\/www.medela-vital.de\/blog\/wp-content\/uploads\/2021\/05\/3D_Medela_Suke_Quto-768x1230.png 768w, https:\/\/www.medela-vital.de\/blog\/wp-content\/uploads\/2021\/05\/3D_Medela_Suke_Quto-959x1536.png 959w, https:\/\/www.medela-vital.de\/blog\/wp-content\/uploads\/2021\/05\/3D_Medela_Suke_Quto.png 964w\" sizes=\"auto, (max-width: 639px) 100vw, 639px\" \/><\/figure><\/li><\/ul><\/figure>\n\n\n\n<h4 class=\"wp-block-heading\"><a href=\"http:\/\/www.bio-vitalpilze.at\" target=\"_blank\" rel=\"noreferrer noopener\">Hier<\/a> k\u00f6nnt ihr aus \u00d6sterreich bestellen.<\/h4>\n","protected":false},"excerpt":{"rendered":"<p>Mit unserem Bio Vitalpilz Kaffee Vitalpilz-Kaffee ist eine Kombination aus Kaffeepulver und gemahlenen Heilpilzen. Bei uns gibt es nur zertifzierten Bio Kaffee mit Vitalpilzen in bester Bio Qualit\u00e4t. Der Grund, warum Kaffee mit Heilpilzen angereichert wird, sind die enthaltenen\u00a0Mikron\u00e4hrstoffe wie Antioxidantien bzw. sekund\u00e4re Pflanzenstoffen, Vitamine und Polysaccharide. In der TCM (Traditionellen Chinesischen Medizin) besitzen Heilpilze &hellip; <a href=\"https:\/\/www.medela-vital.de\/blog\/vitalpilz-kaffee\/\">Weiterlesen<\/a><\/p>\n","protected":false},"author":2,"featured_media":0,"comment_status":"closed","ping_status":"open","sticky":false,"template":"","format":"standard","meta":{"footnotes":""},"categories":[1],"tags":[],"class_list":["post-387","post","type-post","status-publish","format-standard","hentry","category-allgemein"],"yoast_head":"<!-- This site is optimized with the Yoast SEO plugin v27.4 - https:\/\/yoast.com\/product\/yoast-seo-wordpress\/ -->\n<title>Fit und wach in den Sommer starten - medela-vital<\/title>\n<meta name=\"description\" content=\"Vitalpilz-Kaffee ist eine Kombination aus Kaffeepulver und gemahlenen Heilpilzen und vereint alle Vorteile von Kaffee und Vitalpilz\" \/>\n<meta name=\"robots\" content=\"index, follow, max-snippet:-1, max-image-preview:large, max-video-preview:-1\" \/>\n<link rel=\"canonical\" href=\"https:\/\/www.medela-vital.de\/blog\/vitalpilz-kaffee\/\" \/>\n<meta property=\"og:locale\" content=\"de_DE\" \/>\n<meta property=\"og:type\" content=\"article\" \/>\n<meta property=\"og:title\" content=\"Fit und wach in den Sommer starten - medela-vital\" \/>\n<meta property=\"og:description\" content=\"Vitalpilz-Kaffee ist eine Kombination aus Kaffeepulver und gemahlenen Heilpilzen und vereint alle Vorteile von Kaffee und Vitalpilz\" \/>\n<meta property=\"og:url\" content=\"https:\/\/www.medela-vital.de\/blog\/vitalpilz-kaffee\/\" \/>\n<meta property=\"og:site_name\" content=\"medela-vital\" \/>\n<meta property=\"article:publisher\" content=\"https:\/\/de-de.facebook.com\/medelavital\/\" \/>\n<meta property=\"article:published_time\" content=\"2021-05-19T13:26:06+00:00\" \/>\n<meta property=\"article:modified_time\" content=\"2021-05-19T13:26:07+00:00\" \/>\n<meta property=\"og:image\" content=\"https:\/\/www.medela-vital.de\/blog\/wp-content\/uploads\/2021\/05\/ReishiKaffee_675.jpg\" \/>\n<meta name=\"author\" content=\"Nadine Geier\" \/>\n<meta name=\"twitter:card\" content=\"summary_large_image\" \/>\n<meta name=\"twitter:label1\" content=\"Verfasst von\" \/>\n\t<meta name=\"twitter:data1\" content=\"Nadine Geier\" \/>\n\t<meta name=\"twitter:label2\" content=\"Gesch\u00e4tzte Lesezeit\" \/>\n\t<meta name=\"twitter:data2\" content=\"5\u00a0Minuten\" \/>\n<script type=\"application\/ld+json\" class=\"yoast-schema-graph\">{\"@context\":\"https:\\\/\\\/schema.org\",\"@graph\":[{\"@type\":\"Article\",\"@id\":\"https:\\\/\\\/www.medela-vital.de\\\/blog\\\/vitalpilz-kaffee\\\/#article\",\"isPartOf\":{\"@id\":\"https:\\\/\\\/www.medela-vital.de\\\/blog\\\/vitalpilz-kaffee\\\/\"},\"author\":{\"name\":\"Nadine Geier\",\"@id\":\"https:\\\/\\\/www.medela-vital.de\\\/blog\\\/#\\\/schema\\\/person\\\/16abb051cea55a07709767e8a0117e9d\"},\"headline\":\"Fit und wach in den Sommer starten\",\"datePublished\":\"2021-05-19T13:26:06+00:00\",\"dateModified\":\"2021-05-19T13:26:07+00:00\",\"mainEntityOfPage\":{\"@id\":\"https:\\\/\\\/www.medela-vital.de\\\/blog\\\/vitalpilz-kaffee\\\/\"},\"wordCount\":738,\"publisher\":{\"@id\":\"https:\\\/\\\/www.medela-vital.de\\\/blog\\\/#organization\"},\"image\":{\"@id\":\"https:\\\/\\\/www.medela-vital.de\\\/blog\\\/vitalpilz-kaffee\\\/#primaryimage\"},\"thumbnailUrl\":\"https:\\\/\\\/www.medela-vital.de\\\/blog\\\/wp-content\\\/uploads\\\/2021\\\/05\\\/ReishiKaffee_675.jpg\",\"inLanguage\":\"de\"},{\"@type\":\"WebPage\",\"@id\":\"https:\\\/\\\/www.medela-vital.de\\\/blog\\\/vitalpilz-kaffee\\\/\",\"url\":\"https:\\\/\\\/www.medela-vital.de\\\/blog\\\/vitalpilz-kaffee\\\/\",\"name\":\"Fit und wach in den Sommer starten - medela-vital\",\"isPartOf\":{\"@id\":\"https:\\\/\\\/www.medela-vital.de\\\/blog\\\/#website\"},\"primaryImageOfPage\":{\"@id\":\"https:\\\/\\\/www.medela-vital.de\\\/blog\\\/vitalpilz-kaffee\\\/#primaryimage\"},\"image\":{\"@id\":\"https:\\\/\\\/www.medela-vital.de\\\/blog\\\/vitalpilz-kaffee\\\/#primaryimage\"},\"thumbnailUrl\":\"https:\\\/\\\/www.medela-vital.de\\\/blog\\\/wp-content\\\/uploads\\\/2021\\\/05\\\/ReishiKaffee_675.jpg\",\"datePublished\":\"2021-05-19T13:26:06+00:00\",\"dateModified\":\"2021-05-19T13:26:07+00:00\",\"description\":\"Vitalpilz-Kaffee ist eine Kombination aus Kaffeepulver und gemahlenen Heilpilzen und vereint alle Vorteile von Kaffee und Vitalpilz\",\"breadcrumb\":{\"@id\":\"https:\\\/\\\/www.medela-vital.de\\\/blog\\\/vitalpilz-kaffee\\\/#breadcrumb\"},\"inLanguage\":\"de\",\"potentialAction\":[{\"@type\":\"ReadAction\",\"target\":[\"https:\\\/\\\/www.medela-vital.de\\\/blog\\\/vitalpilz-kaffee\\\/\"]}]},{\"@type\":\"ImageObject\",\"inLanguage\":\"de\",\"@id\":\"https:\\\/\\\/www.medela-vital.de\\\/blog\\\/vitalpilz-kaffee\\\/#primaryimage\",\"url\":\"https:\\\/\\\/www.medela-vital.de\\\/blog\\\/wp-content\\\/uploads\\\/2021\\\/05\\\/ReishiKaffee_675.jpg\",\"contentUrl\":\"https:\\\/\\\/www.medela-vital.de\\\/blog\\\/wp-content\\\/uploads\\\/2021\\\/05\\\/ReishiKaffee_675.jpg\",\"width\":675,\"height\":300,\"caption\":\"Reishi Kaffee\"},{\"@type\":\"BreadcrumbList\",\"@id\":\"https:\\\/\\\/www.medela-vital.de\\\/blog\\\/vitalpilz-kaffee\\\/#breadcrumb\",\"itemListElement\":[{\"@type\":\"ListItem\",\"position\":1,\"name\":\"Startseite\",\"item\":\"https:\\\/\\\/www.medela-vital.de\\\/blog\\\/\"},{\"@type\":\"ListItem\",\"position\":2,\"name\":\"Fit und wach in den Sommer starten\"}]},{\"@type\":\"WebSite\",\"@id\":\"https:\\\/\\\/www.medela-vital.de\\\/blog\\\/#website\",\"url\":\"https:\\\/\\\/www.medela-vital.de\\\/blog\\\/\",\"name\":\"medela-vital\",\"description\":\"Unser neuer Vitalpilze-Blog\",\"publisher\":{\"@id\":\"https:\\\/\\\/www.medela-vital.de\\\/blog\\\/#organization\"},\"potentialAction\":[{\"@type\":\"SearchAction\",\"target\":{\"@type\":\"EntryPoint\",\"urlTemplate\":\"https:\\\/\\\/www.medela-vital.de\\\/blog\\\/?s={search_term_string}\"},\"query-input\":{\"@type\":\"PropertyValueSpecification\",\"valueRequired\":true,\"valueName\":\"search_term_string\"}}],\"inLanguage\":\"de\"},{\"@type\":\"Organization\",\"@id\":\"https:\\\/\\\/www.medela-vital.de\\\/blog\\\/#organization\",\"name\":\"Medela-vital\",\"url\":\"https:\\\/\\\/www.medela-vital.de\\\/blog\\\/\",\"logo\":{\"@type\":\"ImageObject\",\"inLanguage\":\"de\",\"@id\":\"https:\\\/\\\/www.medela-vital.de\\\/blog\\\/#\\\/schema\\\/logo\\\/image\\\/\",\"url\":\"https:\\\/\\\/www.medela-vital.de\\\/blog\\\/wp-content\\\/uploads\\\/2017\\\/12\\\/logo-medela-vital_logo.png\",\"contentUrl\":\"https:\\\/\\\/www.medela-vital.de\\\/blog\\\/wp-content\\\/uploads\\\/2017\\\/12\\\/logo-medela-vital_logo.png\",\"width\":739,\"height\":273,\"caption\":\"Medela-vital\"},\"image\":{\"@id\":\"https:\\\/\\\/www.medela-vital.de\\\/blog\\\/#\\\/schema\\\/logo\\\/image\\\/\"},\"sameAs\":[\"https:\\\/\\\/de-de.facebook.com\\\/medelavital\\\/\"]},{\"@type\":\"Person\",\"@id\":\"https:\\\/\\\/www.medela-vital.de\\\/blog\\\/#\\\/schema\\\/person\\\/16abb051cea55a07709767e8a0117e9d\",\"name\":\"Nadine Geier\",\"image\":{\"@type\":\"ImageObject\",\"inLanguage\":\"de\",\"@id\":\"https:\\\/\\\/secure.gravatar.com\\\/avatar\\\/92f1221f9fe110245bd315644e646de046d9246fade9f84be1b709ca4aacf355?s=96&d=mm&r=g\",\"url\":\"https:\\\/\\\/secure.gravatar.com\\\/avatar\\\/92f1221f9fe110245bd315644e646de046d9246fade9f84be1b709ca4aacf355?s=96&d=mm&r=g\",\"contentUrl\":\"https:\\\/\\\/secure.gravatar.com\\\/avatar\\\/92f1221f9fe110245bd315644e646de046d9246fade9f84be1b709ca4aacf355?s=96&d=mm&r=g\",\"caption\":\"Nadine Geier\"},\"sameAs\":[\"http:\\\/\\\/www.medela-vital.de\"]}]}<\/script>\n<!-- \/ Yoast SEO plugin. -->","yoast_head_json":{"title":"Fit und wach in den Sommer starten - medela-vital","description":"Vitalpilz-Kaffee ist eine Kombination aus Kaffeepulver und gemahlenen Heilpilzen und vereint alle Vorteile von Kaffee und Vitalpilz","robots":{"index":"index","follow":"follow","max-snippet":"max-snippet:-1","max-image-preview":"max-image-preview:large","max-video-preview":"max-video-preview:-1"},"canonical":"https:\/\/www.medela-vital.de\/blog\/vitalpilz-kaffee\/","og_locale":"de_DE","og_type":"article","og_title":"Fit und wach in den Sommer starten - medela-vital","og_description":"Vitalpilz-Kaffee ist eine Kombination aus Kaffeepulver und gemahlenen Heilpilzen und vereint alle Vorteile von Kaffee und Vitalpilz","og_url":"https:\/\/www.medela-vital.de\/blog\/vitalpilz-kaffee\/","og_site_name":"medela-vital","article_publisher":"https:\/\/de-de.facebook.com\/medelavital\/","article_published_time":"2021-05-19T13:26:06+00:00","article_modified_time":"2021-05-19T13:26:07+00:00","og_image":[{"url":"https:\/\/www.medela-vital.de\/blog\/wp-content\/uploads\/2021\/05\/ReishiKaffee_675.jpg","type":"","width":"","height":""}],"author":"Nadine Geier","twitter_card":"summary_large_image","twitter_misc":{"Verfasst von":"Nadine Geier","Gesch\u00e4tzte Lesezeit":"5\u00a0Minuten"},"schema":{"@context":"https:\/\/schema.org","@graph":[{"@type":"Article","@id":"https:\/\/www.medela-vital.de\/blog\/vitalpilz-kaffee\/#article","isPartOf":{"@id":"https:\/\/www.medela-vital.de\/blog\/vitalpilz-kaffee\/"},"author":{"name":"Nadine Geier","@id":"https:\/\/www.medela-vital.de\/blog\/#\/schema\/person\/16abb051cea55a07709767e8a0117e9d"},"headline":"Fit und wach in den Sommer starten","datePublished":"2021-05-19T13:26:06+00:00","dateModified":"2021-05-19T13:26:07+00:00","mainEntityOfPage":{"@id":"https:\/\/www.medela-vital.de\/blog\/vitalpilz-kaffee\/"},"wordCount":738,"publisher":{"@id":"https:\/\/www.medela-vital.de\/blog\/#organization"},"image":{"@id":"https:\/\/www.medela-vital.de\/blog\/vitalpilz-kaffee\/#primaryimage"},"thumbnailUrl":"https:\/\/www.medela-vital.de\/blog\/wp-content\/uploads\/2021\/05\/ReishiKaffee_675.jpg","inLanguage":"de"},{"@type":"WebPage","@id":"https:\/\/www.medela-vital.de\/blog\/vitalpilz-kaffee\/","url":"https:\/\/www.medela-vital.de\/blog\/vitalpilz-kaffee\/","name":"Fit und wach in den Sommer starten - medela-vital","isPartOf":{"@id":"https:\/\/www.medela-vital.de\/blog\/#website"},"primaryImageOfPage":{"@id":"https:\/\/www.medela-vital.de\/blog\/vitalpilz-kaffee\/#primaryimage"},"image":{"@id":"https:\/\/www.medela-vital.de\/blog\/vitalpilz-kaffee\/#primaryimage"},"thumbnailUrl":"https:\/\/www.medela-vital.de\/blog\/wp-content\/uploads\/2021\/05\/ReishiKaffee_675.jpg","datePublished":"2021-05-19T13:26:06+00:00","dateModified":"2021-05-19T13:26:07+00:00","description":"Vitalpilz-Kaffee ist eine Kombination aus Kaffeepulver und gemahlenen Heilpilzen und vereint alle Vorteile von Kaffee und Vitalpilz","breadcrumb":{"@id":"https:\/\/www.medela-vital.de\/blog\/vitalpilz-kaffee\/#breadcrumb"},"inLanguage":"de","potentialAction":[{"@type":"ReadAction","target":["https:\/\/www.medela-vital.de\/blog\/vitalpilz-kaffee\/"]}]},{"@type":"ImageObject","inLanguage":"de","@id":"https:\/\/www.medela-vital.de\/blog\/vitalpilz-kaffee\/#primaryimage","url":"https:\/\/www.medela-vital.de\/blog\/wp-content\/uploads\/2021\/05\/ReishiKaffee_675.jpg","contentUrl":"https:\/\/www.medela-vital.de\/blog\/wp-content\/uploads\/2021\/05\/ReishiKaffee_675.jpg","width":675,"height":300,"caption":"Reishi Kaffee"},{"@type":"BreadcrumbList","@id":"https:\/\/www.medela-vital.de\/blog\/vitalpilz-kaffee\/#breadcrumb","itemListElement":[{"@type":"ListItem","position":1,"name":"Startseite","item":"https:\/\/www.medela-vital.de\/blog\/"},{"@type":"ListItem","position":2,"name":"Fit und wach in den Sommer starten"}]},{"@type":"WebSite","@id":"https:\/\/www.medela-vital.de\/blog\/#website","url":"https:\/\/www.medela-vital.de\/blog\/","name":"medela-vital","description":"Unser neuer Vitalpilze-Blog","publisher":{"@id":"https:\/\/www.medela-vital.de\/blog\/#organization"},"potentialAction":[{"@type":"SearchAction","target":{"@type":"EntryPoint","urlTemplate":"https:\/\/www.medela-vital.de\/blog\/?s={search_term_string}"},"query-input":{"@type":"PropertyValueSpecification","valueRequired":true,"valueName":"search_term_string"}}],"inLanguage":"de"},{"@type":"Organization","@id":"https:\/\/www.medela-vital.de\/blog\/#organization","name":"Medela-vital","url":"https:\/\/www.medela-vital.de\/blog\/","logo":{"@type":"ImageObject","inLanguage":"de","@id":"https:\/\/www.medela-vital.de\/blog\/#\/schema\/logo\/image\/","url":"https:\/\/www.medela-vital.de\/blog\/wp-content\/uploads\/2017\/12\/logo-medela-vital_logo.png","contentUrl":"https:\/\/www.medela-vital.de\/blog\/wp-content\/uploads\/2017\/12\/logo-medela-vital_logo.png","width":739,"height":273,"caption":"Medela-vital"},"image":{"@id":"https:\/\/www.medela-vital.de\/blog\/#\/schema\/logo\/image\/"},"sameAs":["https:\/\/de-de.facebook.com\/medelavital\/"]},{"@type":"Person","@id":"https:\/\/www.medela-vital.de\/blog\/#\/schema\/person\/16abb051cea55a07709767e8a0117e9d","name":"Nadine Geier","image":{"@type":"ImageObject","inLanguage":"de","@id":"https:\/\/secure.gravatar.com\/avatar\/92f1221f9fe110245bd315644e646de046d9246fade9f84be1b709ca4aacf355?s=96&d=mm&r=g","url":"https:\/\/secure.gravatar.com\/avatar\/92f1221f9fe110245bd315644e646de046d9246fade9f84be1b709ca4aacf355?s=96&d=mm&r=g","contentUrl":"https:\/\/secure.gravatar.com\/avatar\/92f1221f9fe110245bd315644e646de046d9246fade9f84be1b709ca4aacf355?s=96&d=mm&r=g","caption":"Nadine Geier"},"sameAs":["http:\/\/www.medela-vital.de"]}]}},"_links":{"self":[{"href":"https:\/\/www.medela-vital.de\/blog\/wp-json\/wp\/v2\/posts\/387","targetHints":{"allow":["GET"]}}],"collection":[{"href":"https:\/\/www.medela-vital.de\/blog\/wp-json\/wp\/v2\/posts"}],"about":[{"href":"https:\/\/www.medela-vital.de\/blog\/wp-json\/wp\/v2\/types\/post"}],"author":[{"embeddable":true,"href":"https:\/\/www.medela-vital.de\/blog\/wp-json\/wp\/v2\/users\/2"}],"replies":[{"embeddable":true,"href":"https:\/\/www.medela-vital.de\/blog\/wp-json\/wp\/v2\/comments?post=387"}],"version-history":[{"count":1,"href":"https:\/\/www.medela-vital.de\/blog\/wp-json\/wp\/v2\/posts\/387\/revisions"}],"predecessor-version":[{"id":399,"href":"https:\/\/www.medela-vital.de\/blog\/wp-json\/wp\/v2\/posts\/387\/revisions\/399"}],"wp:attachment":[{"href":"https:\/\/www.medela-vital.de\/blog\/wp-json\/wp\/v2\/media?parent=387"}],"wp:term":[{"taxonomy":"category","embeddable":true,"href":"https:\/\/www.medela-vital.de\/blog\/wp-json\/wp\/v2\/categories?post=387"},{"taxonomy":"post_tag","embeddable":true,"href":"https:\/\/www.medela-vital.de\/blog\/wp-json\/wp\/v2\/tags?post=387"}],"curies":[{"name":"wp","href":"https:\/\/api.w.org\/{rel}","templated":true}]}}