{"id":357,"date":"2020-10-13T13:19:20","date_gmt":"2020-10-13T11:19:20","guid":{"rendered":"https:\/\/www.medela-vital.de\/blog\/?p=357"},"modified":"2021-03-15T16:29:35","modified_gmt":"2021-03-15T15:29:35","slug":"herbstzeit-ist-teezeit","status":"publish","type":"post","link":"https:\/\/www.medela-vital.de\/blog\/herbstzeit-ist-teezeit\/","title":{"rendered":"Herbstzeit ist Teezeit"},"content":{"rendered":"\n<figure class=\"wp-block-image size-large is-resized is-style-default\"><img loading=\"lazy\" decoding=\"async\" src=\"https:\/\/www.medela-vital.de\/blog\/wp-content\/uploads\/2020\/10\/Autumn-Leaves-Desktop-Wallpaper-1024x576.png\" alt=\"\" class=\"wp-image-358\" width=\"600\" height=\"300\"\/><\/figure>\n\n\n\n<p>Es ist wieder soweit &#8211; der Sommer ist vorbei und der Herbst h\u00e4lt bei uns Einzug. Es wird wieder kuschelig zu Hause und was darf bei einem gem\u00fctlichen Abend auf der Couch nicht fehlen? Eine Tasse Tee, denn Herbstzeit ist Teezeit.<\/p>\n\n\n\n<p>Wir haben etwas sehr Au\u00dfergew\u00f6hnliches in unserem Sortiment &#8211; Bio Tee mit Bio Reishi Schrot. Wir bieten losen Tee in Beuteln mit Reishi und in vielen verschiedenen Geschmacksrichtungen, so dass f\u00fcr jeden etwas dabei ist. Doch welche Vorteile bietet unser Tee?<\/p>\n\n\n\n<!--more-->\n\n\n\n<h3 class=\"wp-block-heading\"><strong>Warum wir unseren Tee mit Reishi Schrot anreichern:<\/strong><\/h3>\n\n\n\n<p>Mit dem Vitalpilz Reishi verfeinert, ist unser Tee nicht nur eine Energiequelle, sondern kann sich auch regulierend auf das Immunsystem auswirken. Der Vitalpilz Reishi wird auch als Pilz des ewigen Lebens bezeichnet und ist in Japan und China seit tausenden von Jahren verehrt und sehr gesch\u00e4tzt. Er gilt als Gl\u00fcckssymbol und z\u00e4hlt zu den bedeutendsten aller bekannten Heilpilze. Dieser Pilz wird vielseitig in der Mykotherapie eingesetzt und kann gegen vielerlei Beschwerden helfen. Im Vitalpilz Reishi sind mehr als 100 verschiedene hochwirksame Polysaccharide enthalten, unter anderem sogenannte sulfatierte Polysaccharide, die aufgrund ihrer guten virenfeindlichen Wirkung sogar vorbeugend empfohlen werden. Durch das kochende Wasser werden diese Polysaccharide freigesetzt.<\/p>\n\n\n\n<p><\/p>\n\n\n\n<h4 class=\"wp-block-heading\"><strong>Tipps f\u00fcr die Zubereitung:<\/strong><\/h4>\n\n\n\n<p>F\u00fcr gleichbleibend guten Geschmack, sollte der Tee vor Licht und Luft gesch\u00fctzt werden, denn unser Bio Tee ist ein Naturprodukt, dessen \u00e4therische \u00d6le schnell entfliehen k\u00f6nnen. Es wird empfohlen, dass der Tee mit br\u00fchendem bzw. kochendem Wasser aufgegossen wird. Lassen Sie ihn anschlie\u00dfend acht bis zehn Minuten ziehen, bis der Tee genussbereit ist. Reines Quellwasser veredelt den Tee noch zus\u00e4tzlich und ist f\u00fcr die Zubereitung hervorragend geeignet. Ansonsten sollte man immer frisches und m\u00f6glichst weiches Wasser f\u00fcr die Zubereitung verwenden. Zus\u00e4tzlich kann man die Teekanne mit hei\u00dfem Wasser vorw\u00e4rmen, damit der Tee sein Aroma noch besser entfalten kann.&nbsp;<\/p>\n\n\n\n<p><a href=\"https:\/\/www.medela-vital.de\/reishi-tee\/\">Jetzt bestellen<\/a>, denn Herbstzeit ist Teezeit! <\/p>\n\n\n\n<p>Aus \u00d6sterreich k\u00f6nnen Sie auch <a href=\"https:\/\/www.bio-vitalpilze.at\/tee\/\">HIER<\/a> bestellen. <\/p>\n","protected":false},"excerpt":{"rendered":"<p>Es ist wieder soweit &#8211; der Sommer ist vorbei und der Herbst h\u00e4lt bei uns Einzug. Es wird wieder kuschelig zu Hause und was darf bei einem gem\u00fctlichen Abend auf der Couch nicht fehlen? Eine Tasse Tee, denn Herbstzeit ist Teezeit. Wir haben etwas sehr Au\u00dfergew\u00f6hnliches in unserem Sortiment &#8211; Bio Tee mit Bio Reishi &hellip; <a href=\"https:\/\/www.medela-vital.de\/blog\/herbstzeit-ist-teezeit\/\">Weiterlesen<\/a><\/p>\n","protected":false},"author":2,"featured_media":0,"comment_status":"closed","ping_status":"open","sticky":false,"template":"","format":"standard","meta":{"footnotes":""},"categories":[1],"tags":[],"class_list":["post-357","post","type-post","status-publish","format-standard","hentry","category-allgemein"],"yoast_head":"<!-- This site is optimized with the Yoast SEO plugin v27.4 - https:\/\/yoast.com\/product\/yoast-seo-wordpress\/ -->\n<title>Herbstzeit ist Teezeit - Bio Reishi Schrot Tee von Medela Vital<\/title>\n<meta name=\"description\" content=\"Entdeckt unsere leckeren Bio Teesorten, verfeinert mit Bio Reishi Schrot. G\u00f6nnen Sie sich diesen Tee, denn Herbstzeit ist Teezeit.\" \/>\n<meta name=\"robots\" content=\"index, follow, max-snippet:-1, max-image-preview:large, max-video-preview:-1\" \/>\n<link rel=\"canonical\" href=\"https:\/\/www.medela-vital.de\/blog\/herbstzeit-ist-teezeit\/\" \/>\n<meta property=\"og:locale\" content=\"de_DE\" \/>\n<meta property=\"og:type\" content=\"article\" \/>\n<meta property=\"og:title\" content=\"Herbstzeit ist Teezeit - Bio Reishi Schrot Tee von Medela Vital\" \/>\n<meta property=\"og:description\" content=\"Entdeckt unsere leckeren Bio Teesorten, verfeinert mit Bio Reishi Schrot. G\u00f6nnen Sie sich diesen Tee, denn Herbstzeit ist Teezeit.\" \/>\n<meta property=\"og:url\" content=\"https:\/\/www.medela-vital.de\/blog\/herbstzeit-ist-teezeit\/\" \/>\n<meta property=\"og:site_name\" content=\"medela-vital\" \/>\n<meta property=\"article:publisher\" content=\"https:\/\/de-de.facebook.com\/medelavital\/\" \/>\n<meta property=\"article:published_time\" content=\"2020-10-13T11:19:20+00:00\" \/>\n<meta property=\"article:modified_time\" content=\"2021-03-15T15:29:35+00:00\" \/>\n<meta property=\"og:image\" content=\"https:\/\/www.medela-vital.de\/blog\/wp-content\/uploads\/2020\/10\/Autumn-Leaves-Desktop-Wallpaper-1024x576.png\" \/>\n<meta name=\"author\" content=\"Nadine Geier\" \/>\n<meta name=\"twitter:card\" content=\"summary_large_image\" \/>\n<meta name=\"twitter:label1\" content=\"Verfasst von\" \/>\n\t<meta name=\"twitter:data1\" content=\"Nadine Geier\" \/>\n\t<meta name=\"twitter:label2\" content=\"Gesch\u00e4tzte Lesezeit\" \/>\n\t<meta name=\"twitter:data2\" content=\"2\u00a0Minuten\" \/>\n<script type=\"application\/ld+json\" class=\"yoast-schema-graph\">{\"@context\":\"https:\\\/\\\/schema.org\",\"@graph\":[{\"@type\":\"Article\",\"@id\":\"https:\\\/\\\/www.medela-vital.de\\\/blog\\\/herbstzeit-ist-teezeit\\\/#article\",\"isPartOf\":{\"@id\":\"https:\\\/\\\/www.medela-vital.de\\\/blog\\\/herbstzeit-ist-teezeit\\\/\"},\"author\":{\"name\":\"Nadine Geier\",\"@id\":\"https:\\\/\\\/www.medela-vital.de\\\/blog\\\/#\\\/schema\\\/person\\\/16abb051cea55a07709767e8a0117e9d\"},\"headline\":\"Herbstzeit ist Teezeit\",\"datePublished\":\"2020-10-13T11:19:20+00:00\",\"dateModified\":\"2021-03-15T15:29:35+00:00\",\"mainEntityOfPage\":{\"@id\":\"https:\\\/\\\/www.medela-vital.de\\\/blog\\\/herbstzeit-ist-teezeit\\\/\"},\"wordCount\":336,\"publisher\":{\"@id\":\"https:\\\/\\\/www.medela-vital.de\\\/blog\\\/#organization\"},\"image\":{\"@id\":\"https:\\\/\\\/www.medela-vital.de\\\/blog\\\/herbstzeit-ist-teezeit\\\/#primaryimage\"},\"thumbnailUrl\":\"https:\\\/\\\/www.medela-vital.de\\\/blog\\\/wp-content\\\/uploads\\\/2020\\\/10\\\/Autumn-Leaves-Desktop-Wallpaper-1024x576.png\",\"inLanguage\":\"de\"},{\"@type\":\"WebPage\",\"@id\":\"https:\\\/\\\/www.medela-vital.de\\\/blog\\\/herbstzeit-ist-teezeit\\\/\",\"url\":\"https:\\\/\\\/www.medela-vital.de\\\/blog\\\/herbstzeit-ist-teezeit\\\/\",\"name\":\"Herbstzeit ist Teezeit - Bio Reishi Schrot Tee von Medela Vital\",\"isPartOf\":{\"@id\":\"https:\\\/\\\/www.medela-vital.de\\\/blog\\\/#website\"},\"primaryImageOfPage\":{\"@id\":\"https:\\\/\\\/www.medela-vital.de\\\/blog\\\/herbstzeit-ist-teezeit\\\/#primaryimage\"},\"image\":{\"@id\":\"https:\\\/\\\/www.medela-vital.de\\\/blog\\\/herbstzeit-ist-teezeit\\\/#primaryimage\"},\"thumbnailUrl\":\"https:\\\/\\\/www.medela-vital.de\\\/blog\\\/wp-content\\\/uploads\\\/2020\\\/10\\\/Autumn-Leaves-Desktop-Wallpaper-1024x576.png\",\"datePublished\":\"2020-10-13T11:19:20+00:00\",\"dateModified\":\"2021-03-15T15:29:35+00:00\",\"description\":\"Entdeckt unsere leckeren Bio Teesorten, verfeinert mit Bio Reishi Schrot. G\u00f6nnen Sie sich diesen Tee, denn Herbstzeit ist Teezeit.\",\"breadcrumb\":{\"@id\":\"https:\\\/\\\/www.medela-vital.de\\\/blog\\\/herbstzeit-ist-teezeit\\\/#breadcrumb\"},\"inLanguage\":\"de\",\"potentialAction\":[{\"@type\":\"ReadAction\",\"target\":[\"https:\\\/\\\/www.medela-vital.de\\\/blog\\\/herbstzeit-ist-teezeit\\\/\"]}]},{\"@type\":\"ImageObject\",\"inLanguage\":\"de\",\"@id\":\"https:\\\/\\\/www.medela-vital.de\\\/blog\\\/herbstzeit-ist-teezeit\\\/#primaryimage\",\"url\":\"https:\\\/\\\/www.medela-vital.de\\\/blog\\\/wp-content\\\/uploads\\\/2020\\\/10\\\/Autumn-Leaves-Desktop-Wallpaper.png\",\"contentUrl\":\"https:\\\/\\\/www.medela-vital.de\\\/blog\\\/wp-content\\\/uploads\\\/2020\\\/10\\\/Autumn-Leaves-Desktop-Wallpaper.png\",\"width\":1920,\"height\":1080},{\"@type\":\"BreadcrumbList\",\"@id\":\"https:\\\/\\\/www.medela-vital.de\\\/blog\\\/herbstzeit-ist-teezeit\\\/#breadcrumb\",\"itemListElement\":[{\"@type\":\"ListItem\",\"position\":1,\"name\":\"Startseite\",\"item\":\"https:\\\/\\\/www.medela-vital.de\\\/blog\\\/\"},{\"@type\":\"ListItem\",\"position\":2,\"name\":\"Herbstzeit ist Teezeit\"}]},{\"@type\":\"WebSite\",\"@id\":\"https:\\\/\\\/www.medela-vital.de\\\/blog\\\/#website\",\"url\":\"https:\\\/\\\/www.medela-vital.de\\\/blog\\\/\",\"name\":\"medela-vital\",\"description\":\"Unser neuer Vitalpilze-Blog\",\"publisher\":{\"@id\":\"https:\\\/\\\/www.medela-vital.de\\\/blog\\\/#organization\"},\"potentialAction\":[{\"@type\":\"SearchAction\",\"target\":{\"@type\":\"EntryPoint\",\"urlTemplate\":\"https:\\\/\\\/www.medela-vital.de\\\/blog\\\/?s={search_term_string}\"},\"query-input\":{\"@type\":\"PropertyValueSpecification\",\"valueRequired\":true,\"valueName\":\"search_term_string\"}}],\"inLanguage\":\"de\"},{\"@type\":\"Organization\",\"@id\":\"https:\\\/\\\/www.medela-vital.de\\\/blog\\\/#organization\",\"name\":\"Medela-vital\",\"url\":\"https:\\\/\\\/www.medela-vital.de\\\/blog\\\/\",\"logo\":{\"@type\":\"ImageObject\",\"inLanguage\":\"de\",\"@id\":\"https:\\\/\\\/www.medela-vital.de\\\/blog\\\/#\\\/schema\\\/logo\\\/image\\\/\",\"url\":\"https:\\\/\\\/www.medela-vital.de\\\/blog\\\/wp-content\\\/uploads\\\/2017\\\/12\\\/logo-medela-vital_logo.png\",\"contentUrl\":\"https:\\\/\\\/www.medela-vital.de\\\/blog\\\/wp-content\\\/uploads\\\/2017\\\/12\\\/logo-medela-vital_logo.png\",\"width\":739,\"height\":273,\"caption\":\"Medela-vital\"},\"image\":{\"@id\":\"https:\\\/\\\/www.medela-vital.de\\\/blog\\\/#\\\/schema\\\/logo\\\/image\\\/\"},\"sameAs\":[\"https:\\\/\\\/de-de.facebook.com\\\/medelavital\\\/\"]},{\"@type\":\"Person\",\"@id\":\"https:\\\/\\\/www.medela-vital.de\\\/blog\\\/#\\\/schema\\\/person\\\/16abb051cea55a07709767e8a0117e9d\",\"name\":\"Nadine Geier\",\"image\":{\"@type\":\"ImageObject\",\"inLanguage\":\"de\",\"@id\":\"https:\\\/\\\/secure.gravatar.com\\\/avatar\\\/92f1221f9fe110245bd315644e646de046d9246fade9f84be1b709ca4aacf355?s=96&d=mm&r=g\",\"url\":\"https:\\\/\\\/secure.gravatar.com\\\/avatar\\\/92f1221f9fe110245bd315644e646de046d9246fade9f84be1b709ca4aacf355?s=96&d=mm&r=g\",\"contentUrl\":\"https:\\\/\\\/secure.gravatar.com\\\/avatar\\\/92f1221f9fe110245bd315644e646de046d9246fade9f84be1b709ca4aacf355?s=96&d=mm&r=g\",\"caption\":\"Nadine Geier\"},\"sameAs\":[\"http:\\\/\\\/www.medela-vital.de\"]}]}<\/script>\n<!-- \/ Yoast SEO plugin. -->","yoast_head_json":{"title":"Herbstzeit ist Teezeit - Bio Reishi Schrot Tee von Medela Vital","description":"Entdeckt unsere leckeren Bio Teesorten, verfeinert mit Bio Reishi Schrot. G\u00f6nnen Sie sich diesen Tee, denn Herbstzeit ist Teezeit.","robots":{"index":"index","follow":"follow","max-snippet":"max-snippet:-1","max-image-preview":"max-image-preview:large","max-video-preview":"max-video-preview:-1"},"canonical":"https:\/\/www.medela-vital.de\/blog\/herbstzeit-ist-teezeit\/","og_locale":"de_DE","og_type":"article","og_title":"Herbstzeit ist Teezeit - Bio Reishi Schrot Tee von Medela Vital","og_description":"Entdeckt unsere leckeren Bio Teesorten, verfeinert mit Bio Reishi Schrot. G\u00f6nnen Sie sich diesen Tee, denn Herbstzeit ist Teezeit.","og_url":"https:\/\/www.medela-vital.de\/blog\/herbstzeit-ist-teezeit\/","og_site_name":"medela-vital","article_publisher":"https:\/\/de-de.facebook.com\/medelavital\/","article_published_time":"2020-10-13T11:19:20+00:00","article_modified_time":"2021-03-15T15:29:35+00:00","og_image":[{"url":"https:\/\/www.medela-vital.de\/blog\/wp-content\/uploads\/2020\/10\/Autumn-Leaves-Desktop-Wallpaper-1024x576.png","type":"","width":"","height":""}],"author":"Nadine Geier","twitter_card":"summary_large_image","twitter_misc":{"Verfasst von":"Nadine Geier","Gesch\u00e4tzte Lesezeit":"2\u00a0Minuten"},"schema":{"@context":"https:\/\/schema.org","@graph":[{"@type":"Article","@id":"https:\/\/www.medela-vital.de\/blog\/herbstzeit-ist-teezeit\/#article","isPartOf":{"@id":"https:\/\/www.medela-vital.de\/blog\/herbstzeit-ist-teezeit\/"},"author":{"name":"Nadine Geier","@id":"https:\/\/www.medela-vital.de\/blog\/#\/schema\/person\/16abb051cea55a07709767e8a0117e9d"},"headline":"Herbstzeit ist Teezeit","datePublished":"2020-10-13T11:19:20+00:00","dateModified":"2021-03-15T15:29:35+00:00","mainEntityOfPage":{"@id":"https:\/\/www.medela-vital.de\/blog\/herbstzeit-ist-teezeit\/"},"wordCount":336,"publisher":{"@id":"https:\/\/www.medela-vital.de\/blog\/#organization"},"image":{"@id":"https:\/\/www.medela-vital.de\/blog\/herbstzeit-ist-teezeit\/#primaryimage"},"thumbnailUrl":"https:\/\/www.medela-vital.de\/blog\/wp-content\/uploads\/2020\/10\/Autumn-Leaves-Desktop-Wallpaper-1024x576.png","inLanguage":"de"},{"@type":"WebPage","@id":"https:\/\/www.medela-vital.de\/blog\/herbstzeit-ist-teezeit\/","url":"https:\/\/www.medela-vital.de\/blog\/herbstzeit-ist-teezeit\/","name":"Herbstzeit ist Teezeit - Bio Reishi Schrot Tee von Medela Vital","isPartOf":{"@id":"https:\/\/www.medela-vital.de\/blog\/#website"},"primaryImageOfPage":{"@id":"https:\/\/www.medela-vital.de\/blog\/herbstzeit-ist-teezeit\/#primaryimage"},"image":{"@id":"https:\/\/www.medela-vital.de\/blog\/herbstzeit-ist-teezeit\/#primaryimage"},"thumbnailUrl":"https:\/\/www.medela-vital.de\/blog\/wp-content\/uploads\/2020\/10\/Autumn-Leaves-Desktop-Wallpaper-1024x576.png","datePublished":"2020-10-13T11:19:20+00:00","dateModified":"2021-03-15T15:29:35+00:00","description":"Entdeckt unsere leckeren Bio Teesorten, verfeinert mit Bio Reishi Schrot. G\u00f6nnen Sie sich diesen Tee, denn Herbstzeit ist Teezeit.","breadcrumb":{"@id":"https:\/\/www.medela-vital.de\/blog\/herbstzeit-ist-teezeit\/#breadcrumb"},"inLanguage":"de","potentialAction":[{"@type":"ReadAction","target":["https:\/\/www.medela-vital.de\/blog\/herbstzeit-ist-teezeit\/"]}]},{"@type":"ImageObject","inLanguage":"de","@id":"https:\/\/www.medela-vital.de\/blog\/herbstzeit-ist-teezeit\/#primaryimage","url":"https:\/\/www.medela-vital.de\/blog\/wp-content\/uploads\/2020\/10\/Autumn-Leaves-Desktop-Wallpaper.png","contentUrl":"https:\/\/www.medela-vital.de\/blog\/wp-content\/uploads\/2020\/10\/Autumn-Leaves-Desktop-Wallpaper.png","width":1920,"height":1080},{"@type":"BreadcrumbList","@id":"https:\/\/www.medela-vital.de\/blog\/herbstzeit-ist-teezeit\/#breadcrumb","itemListElement":[{"@type":"ListItem","position":1,"name":"Startseite","item":"https:\/\/www.medela-vital.de\/blog\/"},{"@type":"ListItem","position":2,"name":"Herbstzeit ist Teezeit"}]},{"@type":"WebSite","@id":"https:\/\/www.medela-vital.de\/blog\/#website","url":"https:\/\/www.medela-vital.de\/blog\/","name":"medela-vital","description":"Unser neuer Vitalpilze-Blog","publisher":{"@id":"https:\/\/www.medela-vital.de\/blog\/#organization"},"potentialAction":[{"@type":"SearchAction","target":{"@type":"EntryPoint","urlTemplate":"https:\/\/www.medela-vital.de\/blog\/?s={search_term_string}"},"query-input":{"@type":"PropertyValueSpecification","valueRequired":true,"valueName":"search_term_string"}}],"inLanguage":"de"},{"@type":"Organization","@id":"https:\/\/www.medela-vital.de\/blog\/#organization","name":"Medela-vital","url":"https:\/\/www.medela-vital.de\/blog\/","logo":{"@type":"ImageObject","inLanguage":"de","@id":"https:\/\/www.medela-vital.de\/blog\/#\/schema\/logo\/image\/","url":"https:\/\/www.medela-vital.de\/blog\/wp-content\/uploads\/2017\/12\/logo-medela-vital_logo.png","contentUrl":"https:\/\/www.medela-vital.de\/blog\/wp-content\/uploads\/2017\/12\/logo-medela-vital_logo.png","width":739,"height":273,"caption":"Medela-vital"},"image":{"@id":"https:\/\/www.medela-vital.de\/blog\/#\/schema\/logo\/image\/"},"sameAs":["https:\/\/de-de.facebook.com\/medelavital\/"]},{"@type":"Person","@id":"https:\/\/www.medela-vital.de\/blog\/#\/schema\/person\/16abb051cea55a07709767e8a0117e9d","name":"Nadine Geier","image":{"@type":"ImageObject","inLanguage":"de","@id":"https:\/\/secure.gravatar.com\/avatar\/92f1221f9fe110245bd315644e646de046d9246fade9f84be1b709ca4aacf355?s=96&d=mm&r=g","url":"https:\/\/secure.gravatar.com\/avatar\/92f1221f9fe110245bd315644e646de046d9246fade9f84be1b709ca4aacf355?s=96&d=mm&r=g","contentUrl":"https:\/\/secure.gravatar.com\/avatar\/92f1221f9fe110245bd315644e646de046d9246fade9f84be1b709ca4aacf355?s=96&d=mm&r=g","caption":"Nadine Geier"},"sameAs":["http:\/\/www.medela-vital.de"]}]}},"_links":{"self":[{"href":"https:\/\/www.medela-vital.de\/blog\/wp-json\/wp\/v2\/posts\/357","targetHints":{"allow":["GET"]}}],"collection":[{"href":"https:\/\/www.medela-vital.de\/blog\/wp-json\/wp\/v2\/posts"}],"about":[{"href":"https:\/\/www.medela-vital.de\/blog\/wp-json\/wp\/v2\/types\/post"}],"author":[{"embeddable":true,"href":"https:\/\/www.medela-vital.de\/blog\/wp-json\/wp\/v2\/users\/2"}],"replies":[{"embeddable":true,"href":"https:\/\/www.medela-vital.de\/blog\/wp-json\/wp\/v2\/comments?post=357"}],"version-history":[{"count":7,"href":"https:\/\/www.medela-vital.de\/blog\/wp-json\/wp\/v2\/posts\/357\/revisions"}],"predecessor-version":[{"id":370,"href":"https:\/\/www.medela-vital.de\/blog\/wp-json\/wp\/v2\/posts\/357\/revisions\/370"}],"wp:attachment":[{"href":"https:\/\/www.medela-vital.de\/blog\/wp-json\/wp\/v2\/media?parent=357"}],"wp:term":[{"taxonomy":"category","embeddable":true,"href":"https:\/\/www.medela-vital.de\/blog\/wp-json\/wp\/v2\/categories?post=357"},{"taxonomy":"post_tag","embeddable":true,"href":"https:\/\/www.medela-vital.de\/blog\/wp-json\/wp\/v2\/tags?post=357"}],"curies":[{"name":"wp","href":"https:\/\/api.w.org\/{rel}","templated":true}]}}