{"id":346,"date":"2020-09-06T16:03:48","date_gmt":"2020-09-06T14:03:48","guid":{"rendered":"https:\/\/www.medela-vital.de\/blog\/?p=346"},"modified":"2021-03-15T16:30:17","modified_gmt":"2021-03-15T15:30:17","slug":"welche-vitalpilze-bei-haarproblemen","status":"publish","type":"post","link":"https:\/\/www.medela-vital.de\/blog\/welche-vitalpilze-bei-haarproblemen\/","title":{"rendered":"Welche Vitalpilze bei Haarproblemen?"},"content":{"rendered":"\n<figure class=\"wp-block-image size-large is-resized\"><img loading=\"lazy\" decoding=\"async\" src=\"https:\/\/www.medela-vital.de\/blog\/wp-content\/uploads\/2020\/09\/person-1014503_640.jpg\" alt=\"Vitalpilze bei Haarproblemen\" class=\"wp-image-347\" width=\"600\" height=\"300\"\/><\/figure>\n\n\n\n<p>Welche Vitalpilze bei Haarproblemen ihr einnehmen k\u00f6nnt, erfahrt ihr in unserem Blogbeitrag.<\/p>\n\n\n\n<p>Fast jeder hat Haarprobleme &#8211; zu dick, zu d\u00fcnn, zu kurz, Haarausfall, besch\u00e4digt und viele mehr. Neben der richtigen Pflege und regelm\u00e4\u00dfigem Haareschneiden, k\u00f6nnen auch Vitalpilze zu gesundem Haar beitragen. <\/p>\n\n\n\n<p><\/p>\n\n\n\n<!--more-->\n\n\n\n<h3 class=\"wp-block-heading\">Haarprobleme<\/h3>\n\n\n\n<p>Haare bestehen vorwiegend aus Keratin und somit Proteinen. Durch F\u00e4rben, Blondieren oder sch\u00e4dliche Umwelteinfl\u00fcsse, wird diese Struktur zerst\u00f6rt. Das hat oftmals trockene und spr\u00f6de Haare zur Folge. Auch Stress, Vitaminmangel und falsche Ern\u00e4hrung wirken sich negativ auf die Haarstruktur aus und k\u00f6nnen sogar Haarausfall verursachen. <\/p>\n\n\n\n<p>Eine ausgewogene Ern\u00e4hrung und die Versorgung des K\u00f6rpers mit den Spurenelementen Zink und Kupfer, hat nachweislich einen positiven Einfluss auf das Haarwachstum und die gesunde Struktur des Haares. Zudem kann ein Mangel an Eisen, Fols\u00e4ure, Biotin und Vitamin C den Haarausfall f\u00f6rdern.<\/p>\n\n\n\n<h3 class=\"wp-block-heading\">TCM und Haare<\/h3>\n\n\n\n<p>In der Traditionellen Chinesischen Medizin&nbsp;werden seit Jahrtausenden Vitalpilze verwendet um eine Vielzahl an Krankheiten zu verhindern oder behandeln. Vitalpilze zeichnen sich unter anderem durch ihre ausgewogene Zusammensetzung von zahlreichen Vitaminen, Mineralstoffen, Spurenelementen, Aminos\u00e4uren, Polysaccharide und Polypeptide. Diesen so genannten Bioaktivstoffen wird eine regulierende und ausgleichende Wirkung auf den gesamten Organismus nachgesagt. Sie entsprechen vollst\u00e4ndig der Philosophie der Traditionellen Chinesischen Medizin, welche den Organismus ganzheitlich betrachtet und eine Krankheit als St\u00f6rung des Idealzustands definiert.<\/p>\n\n\n\n<h3 class=\"wp-block-heading\">Welche Vitalpilze bei Haarproblemen kommen in Frage?<\/h3>\n\n\n\n<p>Bei der Behandlung von Haarausfall ist der <a href=\"https:\/\/www.medela-vital.de\/polyporus-kapseln.html\">Bio Polyporus<\/a> (auch Eichhase genannt) die erste Wahl, und wird nicht umsonst &#8222;Pilz f\u00fcr Haut und Haar&#8220; genannt. In mehreren Studien (Wissenschaftliche Studien:<br><a href=\"https:\/\/www.researchgate.net\/scientific-contributions\/2013394571-Yasunori-INAOKA\">Yasunori Inaoka<\/a>  1994, Hitoshi Ishida 1999, Satish Patel 2015) wurde nachgewiesen, dass die Wirkstoffe des Polyporus das Haarwachstum anregen. Auch an vormals kahlen Stellen sollen sich wieder neue Haare bilden k\u00f6nnen. Somit ist best\u00e4tigt worden, was in der chinesischen Medizin seit Jahrtausenden bekannt ist.<\/p>\n\n\n\n<p>Bei hormonell bedingtem Haarausfall kann der <a href=\"https:\/\/www.medela-vital.de\/cordyceps-kapseln.html\" target=\"_blank\" rel=\"noreferrer noopener\">Cordyceps sinensis<\/a> empfohlen werden und bei ern\u00e4hrungsbedingtem Mangel der <a href=\"https:\/\/www.medela-vital.de\/reishi-kapseln.html\" target=\"_blank\" rel=\"noreferrer noopener\">Bio Reishi <\/a>Vitalpilz.<\/p>\n\n\n\n<p>Generell sollten Haarprobleme, wie Haarausfall oder kahle Stellen, immer zuerst mit einem Arzt abgekl\u00e4rt werden. Auch welcher Pilz eingenommen werden soll, muss immer mit Fachpersonal besprochen werden. <\/p>\n","protected":false},"excerpt":{"rendered":"<p>Welche Vitalpilze bei Haarproblemen ihr einnehmen k\u00f6nnt, erfahrt ihr in unserem Blogbeitrag. Fast jeder hat Haarprobleme &#8211; zu dick, zu d\u00fcnn, zu kurz, Haarausfall, besch\u00e4digt und viele mehr. Neben der richtigen Pflege und regelm\u00e4\u00dfigem Haareschneiden, k\u00f6nnen auch Vitalpilze zu gesundem Haar beitragen.<\/p>\n","protected":false},"author":2,"featured_media":355,"comment_status":"closed","ping_status":"open","sticky":false,"template":"","format":"standard","meta":{"footnotes":""},"categories":[1],"tags":[],"class_list":["post-346","post","type-post","status-publish","format-standard","has-post-thumbnail","hentry","category-allgemein"],"yoast_head":"<!-- This site is optimized with the Yoast SEO plugin v27.4 - https:\/\/yoast.com\/product\/yoast-seo-wordpress\/ -->\n<title>Welche Vitalpilze bei Haarproblemen? - medela-vital<\/title>\n<meta name=\"description\" content=\"Welche Bio Vitalpilze bei Haarproblemen, wie Haarausfall, kaputte Haare und Haarbruch, helfen k\u00f6nnen, zeigen wir euch in diesem Blogbeitrag.\" \/>\n<meta name=\"robots\" content=\"index, follow, max-snippet:-1, max-image-preview:large, max-video-preview:-1\" \/>\n<link rel=\"canonical\" href=\"https:\/\/www.medela-vital.de\/blog\/welche-vitalpilze-bei-haarproblemen\/\" \/>\n<meta property=\"og:locale\" content=\"de_DE\" \/>\n<meta property=\"og:type\" content=\"article\" \/>\n<meta property=\"og:title\" content=\"Welche Vitalpilze bei Haarproblemen? - medela-vital\" \/>\n<meta property=\"og:description\" content=\"Welche Bio Vitalpilze bei Haarproblemen, wie Haarausfall, kaputte Haare und Haarbruch, helfen k\u00f6nnen, zeigen wir euch in diesem Blogbeitrag.\" \/>\n<meta property=\"og:url\" content=\"https:\/\/www.medela-vital.de\/blog\/welche-vitalpilze-bei-haarproblemen\/\" \/>\n<meta property=\"og:site_name\" content=\"medela-vital\" \/>\n<meta property=\"article:publisher\" content=\"https:\/\/de-de.facebook.com\/medelavital\/\" \/>\n<meta property=\"article:published_time\" content=\"2020-09-06T14:03:48+00:00\" \/>\n<meta property=\"article:modified_time\" content=\"2021-03-15T15:30:17+00:00\" \/>\n<meta property=\"og:image\" content=\"https:\/\/www.medela-vital.de\/blog\/wp-content\/uploads\/2020\/09\/person-1014503_640-1.jpg\" \/>\n\t<meta property=\"og:image:width\" content=\"640\" \/>\n\t<meta property=\"og:image:height\" content=\"427\" \/>\n\t<meta property=\"og:image:type\" content=\"image\/jpeg\" \/>\n<meta name=\"author\" content=\"Nadine Geier\" \/>\n<meta name=\"twitter:card\" content=\"summary_large_image\" \/>\n<meta name=\"twitter:label1\" content=\"Verfasst von\" \/>\n\t<meta name=\"twitter:data1\" content=\"Nadine Geier\" \/>\n\t<meta name=\"twitter:label2\" content=\"Gesch\u00e4tzte Lesezeit\" \/>\n\t<meta name=\"twitter:data2\" content=\"2\u00a0Minuten\" \/>\n<script type=\"application\/ld+json\" class=\"yoast-schema-graph\">{\"@context\":\"https:\\\/\\\/schema.org\",\"@graph\":[{\"@type\":\"Article\",\"@id\":\"https:\\\/\\\/www.medela-vital.de\\\/blog\\\/welche-vitalpilze-bei-haarproblemen\\\/#article\",\"isPartOf\":{\"@id\":\"https:\\\/\\\/www.medela-vital.de\\\/blog\\\/welche-vitalpilze-bei-haarproblemen\\\/\"},\"author\":{\"name\":\"Nadine Geier\",\"@id\":\"https:\\\/\\\/www.medela-vital.de\\\/blog\\\/#\\\/schema\\\/person\\\/16abb051cea55a07709767e8a0117e9d\"},\"headline\":\"Welche Vitalpilze bei Haarproblemen?\",\"datePublished\":\"2020-09-06T14:03:48+00:00\",\"dateModified\":\"2021-03-15T15:30:17+00:00\",\"mainEntityOfPage\":{\"@id\":\"https:\\\/\\\/www.medela-vital.de\\\/blog\\\/welche-vitalpilze-bei-haarproblemen\\\/\"},\"wordCount\":359,\"publisher\":{\"@id\":\"https:\\\/\\\/www.medela-vital.de\\\/blog\\\/#organization\"},\"image\":{\"@id\":\"https:\\\/\\\/www.medela-vital.de\\\/blog\\\/welche-vitalpilze-bei-haarproblemen\\\/#primaryimage\"},\"thumbnailUrl\":\"https:\\\/\\\/www.medela-vital.de\\\/blog\\\/wp-content\\\/uploads\\\/2020\\\/09\\\/person-1014503_640-1.jpg\",\"inLanguage\":\"de\"},{\"@type\":\"WebPage\",\"@id\":\"https:\\\/\\\/www.medela-vital.de\\\/blog\\\/welche-vitalpilze-bei-haarproblemen\\\/\",\"url\":\"https:\\\/\\\/www.medela-vital.de\\\/blog\\\/welche-vitalpilze-bei-haarproblemen\\\/\",\"name\":\"Welche Vitalpilze bei Haarproblemen? - medela-vital\",\"isPartOf\":{\"@id\":\"https:\\\/\\\/www.medela-vital.de\\\/blog\\\/#website\"},\"primaryImageOfPage\":{\"@id\":\"https:\\\/\\\/www.medela-vital.de\\\/blog\\\/welche-vitalpilze-bei-haarproblemen\\\/#primaryimage\"},\"image\":{\"@id\":\"https:\\\/\\\/www.medela-vital.de\\\/blog\\\/welche-vitalpilze-bei-haarproblemen\\\/#primaryimage\"},\"thumbnailUrl\":\"https:\\\/\\\/www.medela-vital.de\\\/blog\\\/wp-content\\\/uploads\\\/2020\\\/09\\\/person-1014503_640-1.jpg\",\"datePublished\":\"2020-09-06T14:03:48+00:00\",\"dateModified\":\"2021-03-15T15:30:17+00:00\",\"description\":\"Welche Bio Vitalpilze bei Haarproblemen, wie Haarausfall, kaputte Haare und Haarbruch, helfen k\u00f6nnen, zeigen wir euch in diesem Blogbeitrag.\",\"breadcrumb\":{\"@id\":\"https:\\\/\\\/www.medela-vital.de\\\/blog\\\/welche-vitalpilze-bei-haarproblemen\\\/#breadcrumb\"},\"inLanguage\":\"de\",\"potentialAction\":[{\"@type\":\"ReadAction\",\"target\":[\"https:\\\/\\\/www.medela-vital.de\\\/blog\\\/welche-vitalpilze-bei-haarproblemen\\\/\"]}]},{\"@type\":\"ImageObject\",\"inLanguage\":\"de\",\"@id\":\"https:\\\/\\\/www.medela-vital.de\\\/blog\\\/welche-vitalpilze-bei-haarproblemen\\\/#primaryimage\",\"url\":\"https:\\\/\\\/www.medela-vital.de\\\/blog\\\/wp-content\\\/uploads\\\/2020\\\/09\\\/person-1014503_640-1.jpg\",\"contentUrl\":\"https:\\\/\\\/www.medela-vital.de\\\/blog\\\/wp-content\\\/uploads\\\/2020\\\/09\\\/person-1014503_640-1.jpg\",\"width\":640,\"height\":427,\"caption\":\"Vitalpilze bei Haarproblemen\"},{\"@type\":\"BreadcrumbList\",\"@id\":\"https:\\\/\\\/www.medela-vital.de\\\/blog\\\/welche-vitalpilze-bei-haarproblemen\\\/#breadcrumb\",\"itemListElement\":[{\"@type\":\"ListItem\",\"position\":1,\"name\":\"Startseite\",\"item\":\"https:\\\/\\\/www.medela-vital.de\\\/blog\\\/\"},{\"@type\":\"ListItem\",\"position\":2,\"name\":\"Welche Vitalpilze bei Haarproblemen?\"}]},{\"@type\":\"WebSite\",\"@id\":\"https:\\\/\\\/www.medela-vital.de\\\/blog\\\/#website\",\"url\":\"https:\\\/\\\/www.medela-vital.de\\\/blog\\\/\",\"name\":\"medela-vital\",\"description\":\"Unser neuer Vitalpilze-Blog\",\"publisher\":{\"@id\":\"https:\\\/\\\/www.medela-vital.de\\\/blog\\\/#organization\"},\"potentialAction\":[{\"@type\":\"SearchAction\",\"target\":{\"@type\":\"EntryPoint\",\"urlTemplate\":\"https:\\\/\\\/www.medela-vital.de\\\/blog\\\/?s={search_term_string}\"},\"query-input\":{\"@type\":\"PropertyValueSpecification\",\"valueRequired\":true,\"valueName\":\"search_term_string\"}}],\"inLanguage\":\"de\"},{\"@type\":\"Organization\",\"@id\":\"https:\\\/\\\/www.medela-vital.de\\\/blog\\\/#organization\",\"name\":\"Medela-vital\",\"url\":\"https:\\\/\\\/www.medela-vital.de\\\/blog\\\/\",\"logo\":{\"@type\":\"ImageObject\",\"inLanguage\":\"de\",\"@id\":\"https:\\\/\\\/www.medela-vital.de\\\/blog\\\/#\\\/schema\\\/logo\\\/image\\\/\",\"url\":\"https:\\\/\\\/www.medela-vital.de\\\/blog\\\/wp-content\\\/uploads\\\/2017\\\/12\\\/logo-medela-vital_logo.png\",\"contentUrl\":\"https:\\\/\\\/www.medela-vital.de\\\/blog\\\/wp-content\\\/uploads\\\/2017\\\/12\\\/logo-medela-vital_logo.png\",\"width\":739,\"height\":273,\"caption\":\"Medela-vital\"},\"image\":{\"@id\":\"https:\\\/\\\/www.medela-vital.de\\\/blog\\\/#\\\/schema\\\/logo\\\/image\\\/\"},\"sameAs\":[\"https:\\\/\\\/de-de.facebook.com\\\/medelavital\\\/\"]},{\"@type\":\"Person\",\"@id\":\"https:\\\/\\\/www.medela-vital.de\\\/blog\\\/#\\\/schema\\\/person\\\/16abb051cea55a07709767e8a0117e9d\",\"name\":\"Nadine Geier\",\"image\":{\"@type\":\"ImageObject\",\"inLanguage\":\"de\",\"@id\":\"https:\\\/\\\/secure.gravatar.com\\\/avatar\\\/92f1221f9fe110245bd315644e646de046d9246fade9f84be1b709ca4aacf355?s=96&d=mm&r=g\",\"url\":\"https:\\\/\\\/secure.gravatar.com\\\/avatar\\\/92f1221f9fe110245bd315644e646de046d9246fade9f84be1b709ca4aacf355?s=96&d=mm&r=g\",\"contentUrl\":\"https:\\\/\\\/secure.gravatar.com\\\/avatar\\\/92f1221f9fe110245bd315644e646de046d9246fade9f84be1b709ca4aacf355?s=96&d=mm&r=g\",\"caption\":\"Nadine Geier\"},\"sameAs\":[\"http:\\\/\\\/www.medela-vital.de\"]}]}<\/script>\n<!-- \/ Yoast SEO plugin. -->","yoast_head_json":{"title":"Welche Vitalpilze bei Haarproblemen? - medela-vital","description":"Welche Bio Vitalpilze bei Haarproblemen, wie Haarausfall, kaputte Haare und Haarbruch, helfen k\u00f6nnen, zeigen wir euch in diesem Blogbeitrag.","robots":{"index":"index","follow":"follow","max-snippet":"max-snippet:-1","max-image-preview":"max-image-preview:large","max-video-preview":"max-video-preview:-1"},"canonical":"https:\/\/www.medela-vital.de\/blog\/welche-vitalpilze-bei-haarproblemen\/","og_locale":"de_DE","og_type":"article","og_title":"Welche Vitalpilze bei Haarproblemen? - medela-vital","og_description":"Welche Bio Vitalpilze bei Haarproblemen, wie Haarausfall, kaputte Haare und Haarbruch, helfen k\u00f6nnen, zeigen wir euch in diesem Blogbeitrag.","og_url":"https:\/\/www.medela-vital.de\/blog\/welche-vitalpilze-bei-haarproblemen\/","og_site_name":"medela-vital","article_publisher":"https:\/\/de-de.facebook.com\/medelavital\/","article_published_time":"2020-09-06T14:03:48+00:00","article_modified_time":"2021-03-15T15:30:17+00:00","og_image":[{"width":640,"height":427,"url":"https:\/\/www.medela-vital.de\/blog\/wp-content\/uploads\/2020\/09\/person-1014503_640-1.jpg","type":"image\/jpeg"}],"author":"Nadine Geier","twitter_card":"summary_large_image","twitter_misc":{"Verfasst von":"Nadine Geier","Gesch\u00e4tzte Lesezeit":"2\u00a0Minuten"},"schema":{"@context":"https:\/\/schema.org","@graph":[{"@type":"Article","@id":"https:\/\/www.medela-vital.de\/blog\/welche-vitalpilze-bei-haarproblemen\/#article","isPartOf":{"@id":"https:\/\/www.medela-vital.de\/blog\/welche-vitalpilze-bei-haarproblemen\/"},"author":{"name":"Nadine Geier","@id":"https:\/\/www.medela-vital.de\/blog\/#\/schema\/person\/16abb051cea55a07709767e8a0117e9d"},"headline":"Welche Vitalpilze bei Haarproblemen?","datePublished":"2020-09-06T14:03:48+00:00","dateModified":"2021-03-15T15:30:17+00:00","mainEntityOfPage":{"@id":"https:\/\/www.medela-vital.de\/blog\/welche-vitalpilze-bei-haarproblemen\/"},"wordCount":359,"publisher":{"@id":"https:\/\/www.medela-vital.de\/blog\/#organization"},"image":{"@id":"https:\/\/www.medela-vital.de\/blog\/welche-vitalpilze-bei-haarproblemen\/#primaryimage"},"thumbnailUrl":"https:\/\/www.medela-vital.de\/blog\/wp-content\/uploads\/2020\/09\/person-1014503_640-1.jpg","inLanguage":"de"},{"@type":"WebPage","@id":"https:\/\/www.medela-vital.de\/blog\/welche-vitalpilze-bei-haarproblemen\/","url":"https:\/\/www.medela-vital.de\/blog\/welche-vitalpilze-bei-haarproblemen\/","name":"Welche Vitalpilze bei Haarproblemen? - medela-vital","isPartOf":{"@id":"https:\/\/www.medela-vital.de\/blog\/#website"},"primaryImageOfPage":{"@id":"https:\/\/www.medela-vital.de\/blog\/welche-vitalpilze-bei-haarproblemen\/#primaryimage"},"image":{"@id":"https:\/\/www.medela-vital.de\/blog\/welche-vitalpilze-bei-haarproblemen\/#primaryimage"},"thumbnailUrl":"https:\/\/www.medela-vital.de\/blog\/wp-content\/uploads\/2020\/09\/person-1014503_640-1.jpg","datePublished":"2020-09-06T14:03:48+00:00","dateModified":"2021-03-15T15:30:17+00:00","description":"Welche Bio Vitalpilze bei Haarproblemen, wie Haarausfall, kaputte Haare und Haarbruch, helfen k\u00f6nnen, zeigen wir euch in diesem Blogbeitrag.","breadcrumb":{"@id":"https:\/\/www.medela-vital.de\/blog\/welche-vitalpilze-bei-haarproblemen\/#breadcrumb"},"inLanguage":"de","potentialAction":[{"@type":"ReadAction","target":["https:\/\/www.medela-vital.de\/blog\/welche-vitalpilze-bei-haarproblemen\/"]}]},{"@type":"ImageObject","inLanguage":"de","@id":"https:\/\/www.medela-vital.de\/blog\/welche-vitalpilze-bei-haarproblemen\/#primaryimage","url":"https:\/\/www.medela-vital.de\/blog\/wp-content\/uploads\/2020\/09\/person-1014503_640-1.jpg","contentUrl":"https:\/\/www.medela-vital.de\/blog\/wp-content\/uploads\/2020\/09\/person-1014503_640-1.jpg","width":640,"height":427,"caption":"Vitalpilze bei Haarproblemen"},{"@type":"BreadcrumbList","@id":"https:\/\/www.medela-vital.de\/blog\/welche-vitalpilze-bei-haarproblemen\/#breadcrumb","itemListElement":[{"@type":"ListItem","position":1,"name":"Startseite","item":"https:\/\/www.medela-vital.de\/blog\/"},{"@type":"ListItem","position":2,"name":"Welche Vitalpilze bei Haarproblemen?"}]},{"@type":"WebSite","@id":"https:\/\/www.medela-vital.de\/blog\/#website","url":"https:\/\/www.medela-vital.de\/blog\/","name":"medela-vital","description":"Unser neuer Vitalpilze-Blog","publisher":{"@id":"https:\/\/www.medela-vital.de\/blog\/#organization"},"potentialAction":[{"@type":"SearchAction","target":{"@type":"EntryPoint","urlTemplate":"https:\/\/www.medela-vital.de\/blog\/?s={search_term_string}"},"query-input":{"@type":"PropertyValueSpecification","valueRequired":true,"valueName":"search_term_string"}}],"inLanguage":"de"},{"@type":"Organization","@id":"https:\/\/www.medela-vital.de\/blog\/#organization","name":"Medela-vital","url":"https:\/\/www.medela-vital.de\/blog\/","logo":{"@type":"ImageObject","inLanguage":"de","@id":"https:\/\/www.medela-vital.de\/blog\/#\/schema\/logo\/image\/","url":"https:\/\/www.medela-vital.de\/blog\/wp-content\/uploads\/2017\/12\/logo-medela-vital_logo.png","contentUrl":"https:\/\/www.medela-vital.de\/blog\/wp-content\/uploads\/2017\/12\/logo-medela-vital_logo.png","width":739,"height":273,"caption":"Medela-vital"},"image":{"@id":"https:\/\/www.medela-vital.de\/blog\/#\/schema\/logo\/image\/"},"sameAs":["https:\/\/de-de.facebook.com\/medelavital\/"]},{"@type":"Person","@id":"https:\/\/www.medela-vital.de\/blog\/#\/schema\/person\/16abb051cea55a07709767e8a0117e9d","name":"Nadine Geier","image":{"@type":"ImageObject","inLanguage":"de","@id":"https:\/\/secure.gravatar.com\/avatar\/92f1221f9fe110245bd315644e646de046d9246fade9f84be1b709ca4aacf355?s=96&d=mm&r=g","url":"https:\/\/secure.gravatar.com\/avatar\/92f1221f9fe110245bd315644e646de046d9246fade9f84be1b709ca4aacf355?s=96&d=mm&r=g","contentUrl":"https:\/\/secure.gravatar.com\/avatar\/92f1221f9fe110245bd315644e646de046d9246fade9f84be1b709ca4aacf355?s=96&d=mm&r=g","caption":"Nadine Geier"},"sameAs":["http:\/\/www.medela-vital.de"]}]}},"_links":{"self":[{"href":"https:\/\/www.medela-vital.de\/blog\/wp-json\/wp\/v2\/posts\/346","targetHints":{"allow":["GET"]}}],"collection":[{"href":"https:\/\/www.medela-vital.de\/blog\/wp-json\/wp\/v2\/posts"}],"about":[{"href":"https:\/\/www.medela-vital.de\/blog\/wp-json\/wp\/v2\/types\/post"}],"author":[{"embeddable":true,"href":"https:\/\/www.medela-vital.de\/blog\/wp-json\/wp\/v2\/users\/2"}],"replies":[{"embeddable":true,"href":"https:\/\/www.medela-vital.de\/blog\/wp-json\/wp\/v2\/comments?post=346"}],"version-history":[{"count":8,"href":"https:\/\/www.medela-vital.de\/blog\/wp-json\/wp\/v2\/posts\/346\/revisions"}],"predecessor-version":[{"id":371,"href":"https:\/\/www.medela-vital.de\/blog\/wp-json\/wp\/v2\/posts\/346\/revisions\/371"}],"wp:featuredmedia":[{"embeddable":true,"href":"https:\/\/www.medela-vital.de\/blog\/wp-json\/wp\/v2\/media\/355"}],"wp:attachment":[{"href":"https:\/\/www.medela-vital.de\/blog\/wp-json\/wp\/v2\/media?parent=346"}],"wp:term":[{"taxonomy":"category","embeddable":true,"href":"https:\/\/www.medela-vital.de\/blog\/wp-json\/wp\/v2\/categories?post=346"},{"taxonomy":"post_tag","embeddable":true,"href":"https:\/\/www.medela-vital.de\/blog\/wp-json\/wp\/v2\/tags?post=346"}],"curies":[{"name":"wp","href":"https:\/\/api.w.org\/{rel}","templated":true}]}}