{"id":333,"date":"2020-08-04T13:47:13","date_gmt":"2020-08-04T11:47:13","guid":{"rendered":"https:\/\/www.medela-vital.de\/blog\/?p=333"},"modified":"2021-03-15T16:31:02","modified_gmt":"2021-03-15T15:31:02","slug":"vitalpilze-therapeutisch-genutzt","status":"publish","type":"post","link":"https:\/\/www.medela-vital.de\/blog\/vitalpilze-therapeutisch-genutzt\/","title":{"rendered":"Bio Vitalpilze &#8211; seit Jahrhunderten therapeutisch genutzt."},"content":{"rendered":"\n<h2 class=\"wp-block-heading\">Sind sie auch f\u00fcr Kinder geeignet?<\/h2>\n\n\n\n<figure class=\"wp-block-image size-large is-resized\"><img loading=\"lazy\" decoding=\"async\" src=\"https:\/\/www.medela-vital.de\/blog\/wp-content\/uploads\/2020\/08\/little-girl-2516582_640.jpg\" alt=\"Vitalpilze therapeutisch genutzt\" class=\"wp-image-334\" width=\"600\" height=\"296\"\/><\/figure>\n\n\n\n<p>In Ostasien werden die sogenannten Vitalpilze bereits seit Jahrhunderten therapeutisch genutzt. Aufgrund ihrer positiven Wirkeigenschaften werden sie Heil- oder Vitalpilze genannt. <\/p>\n\n\n\n<!--more-->\n\n\n\n<p>Die als Mykotherapie bezeichnete Pilzheilkunde geh\u00f6rt zu den \u00e4ltesten Naturheilverfahren der Welt und hat ihren Ursprung in der Traditionellen Chinesischen Medizin. Auch bei uns geh\u00f6rt sie mittlerweile zu den klassischen Verfahren der Naturheilkunde. Die Wirksamkeit dieser Therapie beruht auf einer gro\u00dfen Bandbreite an nat\u00fcrlichen Inhaltsstoffen in den Pilzen, darunter Mineralstoffe, Vitamine, Spurenelemente,&nbsp;Polysaccharide, essenzielle Aminos\u00e4uren, Antioxidantien, Glykoproteine oder Triterpene.&nbsp;<\/p>\n\n\n\n<h3 class=\"wp-block-heading\">Vitalpilze werden seit Jahrhunderten therapeutisch genutzt &#8211;  k\u00f6nnen sie auch bei Kindern eingesetzt werden?<\/h3>\n\n\n\n<p>Generell k\u00f6nnen Vitalpilze auch von Kindern eingenommen und gut vertragen werden. Jedoch sollten Nahrungserg\u00e4nzungsmittel kein Ausgleich f\u00fcr mangelhafte Ern\u00e4hrung, wenig Bewegung und generell schlechte Lebensumst\u00e4nde sein. Vielmehr sollten Bio Vitalpilze das Gesamtkonzept der gesunden Lebensweise abrunden, oder von einem Heilpraktiker als Therapie begleitend eingesetzt werden. Zus\u00e4tzlich ist gerade bei Kindern viel Bewegung an der frischen Luft wichtig f\u00fcr K\u00f6rper und Geist und eine gesunde Entwicklung. <\/p>\n\n\n\n<p>Auch die Dosis sollte bei Kindern sehr gering gehalten und langsam hochgefahren werde, damit die Vertr\u00e4glichkeit langsam angetestet werden kann. Es ist wahrscheinlich auch ratsam das lose <a href=\"https:\/\/www.medela-vital.de\/vitalpilz-pulver\/\">Pulver<\/a> zu bestellen, da Kapseln oft nicht so gerne eingenommen werden (kommt auf das Alter des Kindes an). Dieses kann dann in Saft oder Wasser aufgel\u00f6st und getrunken werden.<\/p>\n\n\n\n<p>Die vielen gesunden Inhaltsstoffe, wie Vitamine, Mineralstoffe, Polysaccharide und Spurenelemente, kommen auch den Kleinsten unter uns zu Gute. Trotz allem sollte die Einnahme immer mit fachlich kompetenten und ausgebildeten Personen besprochen werden. Auch wenn Vitalpilze seit Jahrhunderten therapeutisch genutzt werden, muss es f\u00fcr jeden Einzelnen speziell abgestimmt werden.<\/p>\n\n\n\n<p>Vitalpilze gelten als Nahrungserg\u00e4nzungsmittel und haben generell keine Nebenwirkungen. Allerdings sollten nat\u00fcrlich vorher trotzdem Allergien und Unvertr\u00e4glichkeiten abgekl\u00e4rt werden, damit es zu keinen unerw\u00fcnschten Reaktion kommen kann.<\/p>\n\n\n\n<p><\/p>\n\n\n\n<p>Wenn Sie aus \u00d6sterreich bestellen wollen, besuchen Sie unseren Austria Shop: <\/p>\n\n\n\n<p><a href=\"http:\/\/www.bio-vitalpilze.at\">http:\/\/www.bio-vitalpilze.at<\/a><\/p>\n","protected":false},"excerpt":{"rendered":"<p>Sind sie auch f\u00fcr Kinder geeignet? In Ostasien werden die sogenannten Vitalpilze bereits seit Jahrhunderten therapeutisch genutzt. Aufgrund ihrer positiven Wirkeigenschaften werden sie Heil- oder Vitalpilze genannt.<\/p>\n","protected":false},"author":2,"featured_media":0,"comment_status":"closed","ping_status":"open","sticky":false,"template":"","format":"standard","meta":{"footnotes":""},"categories":[1],"tags":[],"class_list":["post-333","post","type-post","status-publish","format-standard","hentry","category-allgemein"],"yoast_head":"<!-- This site is optimized with the Yoast SEO plugin v27.4 - https:\/\/yoast.com\/product\/yoast-seo-wordpress\/ -->\n<title>Vitalpilze seit Jahrhunderten therapeutisch genutzt - auch f\u00fcr Kinder?<\/title>\n<meta name=\"description\" content=\"In Ostasien werden die sogenannten Vitalpilze bereits seit Jahrhunderten therapeutisch, vor allem in der Mykotherapie, genutzt.\" \/>\n<meta name=\"robots\" content=\"index, follow, max-snippet:-1, max-image-preview:large, max-video-preview:-1\" \/>\n<link rel=\"canonical\" href=\"https:\/\/www.medela-vital.de\/blog\/vitalpilze-therapeutisch-genutzt\/\" \/>\n<meta property=\"og:locale\" content=\"de_DE\" \/>\n<meta property=\"og:type\" content=\"article\" \/>\n<meta property=\"og:title\" content=\"Vitalpilze seit Jahrhunderten therapeutisch genutzt - auch f\u00fcr Kinder?\" \/>\n<meta property=\"og:description\" content=\"In Ostasien werden die sogenannten Vitalpilze bereits seit Jahrhunderten therapeutisch, vor allem in der Mykotherapie, genutzt.\" \/>\n<meta property=\"og:url\" content=\"https:\/\/www.medela-vital.de\/blog\/vitalpilze-therapeutisch-genutzt\/\" \/>\n<meta property=\"og:site_name\" content=\"medela-vital\" \/>\n<meta property=\"article:publisher\" content=\"https:\/\/de-de.facebook.com\/medelavital\/\" \/>\n<meta property=\"article:published_time\" content=\"2020-08-04T11:47:13+00:00\" \/>\n<meta property=\"article:modified_time\" content=\"2021-03-15T15:31:02+00:00\" \/>\n<meta property=\"og:image\" content=\"https:\/\/www.medela-vital.de\/blog\/wp-content\/uploads\/2020\/08\/little-girl-2516582_640.jpg\" \/>\n<meta name=\"author\" content=\"Nadine Geier\" \/>\n<meta name=\"twitter:card\" content=\"summary_large_image\" \/>\n<meta name=\"twitter:label1\" content=\"Verfasst von\" \/>\n\t<meta name=\"twitter:data1\" content=\"Nadine Geier\" \/>\n\t<meta name=\"twitter:label2\" content=\"Gesch\u00e4tzte Lesezeit\" \/>\n\t<meta name=\"twitter:data2\" content=\"2\u00a0Minuten\" \/>\n<script type=\"application\/ld+json\" class=\"yoast-schema-graph\">{\"@context\":\"https:\\\/\\\/schema.org\",\"@graph\":[{\"@type\":\"Article\",\"@id\":\"https:\\\/\\\/www.medela-vital.de\\\/blog\\\/vitalpilze-therapeutisch-genutzt\\\/#article\",\"isPartOf\":{\"@id\":\"https:\\\/\\\/www.medela-vital.de\\\/blog\\\/vitalpilze-therapeutisch-genutzt\\\/\"},\"author\":{\"name\":\"Nadine Geier\",\"@id\":\"https:\\\/\\\/www.medela-vital.de\\\/blog\\\/#\\\/schema\\\/person\\\/16abb051cea55a07709767e8a0117e9d\"},\"headline\":\"Bio Vitalpilze &#8211; seit Jahrhunderten therapeutisch genutzt.\",\"datePublished\":\"2020-08-04T11:47:13+00:00\",\"dateModified\":\"2021-03-15T15:31:02+00:00\",\"mainEntityOfPage\":{\"@id\":\"https:\\\/\\\/www.medela-vital.de\\\/blog\\\/vitalpilze-therapeutisch-genutzt\\\/\"},\"wordCount\":343,\"publisher\":{\"@id\":\"https:\\\/\\\/www.medela-vital.de\\\/blog\\\/#organization\"},\"image\":{\"@id\":\"https:\\\/\\\/www.medela-vital.de\\\/blog\\\/vitalpilze-therapeutisch-genutzt\\\/#primaryimage\"},\"thumbnailUrl\":\"https:\\\/\\\/www.medela-vital.de\\\/blog\\\/wp-content\\\/uploads\\\/2020\\\/08\\\/little-girl-2516582_640.jpg\",\"inLanguage\":\"de\"},{\"@type\":\"WebPage\",\"@id\":\"https:\\\/\\\/www.medela-vital.de\\\/blog\\\/vitalpilze-therapeutisch-genutzt\\\/\",\"url\":\"https:\\\/\\\/www.medela-vital.de\\\/blog\\\/vitalpilze-therapeutisch-genutzt\\\/\",\"name\":\"Vitalpilze seit Jahrhunderten therapeutisch genutzt - auch f\u00fcr Kinder?\",\"isPartOf\":{\"@id\":\"https:\\\/\\\/www.medela-vital.de\\\/blog\\\/#website\"},\"primaryImageOfPage\":{\"@id\":\"https:\\\/\\\/www.medela-vital.de\\\/blog\\\/vitalpilze-therapeutisch-genutzt\\\/#primaryimage\"},\"image\":{\"@id\":\"https:\\\/\\\/www.medela-vital.de\\\/blog\\\/vitalpilze-therapeutisch-genutzt\\\/#primaryimage\"},\"thumbnailUrl\":\"https:\\\/\\\/www.medela-vital.de\\\/blog\\\/wp-content\\\/uploads\\\/2020\\\/08\\\/little-girl-2516582_640.jpg\",\"datePublished\":\"2020-08-04T11:47:13+00:00\",\"dateModified\":\"2021-03-15T15:31:02+00:00\",\"description\":\"In Ostasien werden die sogenannten Vitalpilze bereits seit Jahrhunderten therapeutisch, vor allem in der Mykotherapie, genutzt.\",\"breadcrumb\":{\"@id\":\"https:\\\/\\\/www.medela-vital.de\\\/blog\\\/vitalpilze-therapeutisch-genutzt\\\/#breadcrumb\"},\"inLanguage\":\"de\",\"potentialAction\":[{\"@type\":\"ReadAction\",\"target\":[\"https:\\\/\\\/www.medela-vital.de\\\/blog\\\/vitalpilze-therapeutisch-genutzt\\\/\"]}]},{\"@type\":\"ImageObject\",\"inLanguage\":\"de\",\"@id\":\"https:\\\/\\\/www.medela-vital.de\\\/blog\\\/vitalpilze-therapeutisch-genutzt\\\/#primaryimage\",\"url\":\"https:\\\/\\\/www.medela-vital.de\\\/blog\\\/wp-content\\\/uploads\\\/2020\\\/08\\\/little-girl-2516582_640.jpg\",\"contentUrl\":\"https:\\\/\\\/www.medela-vital.de\\\/blog\\\/wp-content\\\/uploads\\\/2020\\\/08\\\/little-girl-2516582_640.jpg\",\"width\":640,\"height\":426,\"caption\":\"Vitalpilze therapeutisch\"},{\"@type\":\"BreadcrumbList\",\"@id\":\"https:\\\/\\\/www.medela-vital.de\\\/blog\\\/vitalpilze-therapeutisch-genutzt\\\/#breadcrumb\",\"itemListElement\":[{\"@type\":\"ListItem\",\"position\":1,\"name\":\"Startseite\",\"item\":\"https:\\\/\\\/www.medela-vital.de\\\/blog\\\/\"},{\"@type\":\"ListItem\",\"position\":2,\"name\":\"Bio Vitalpilze &#8211; seit Jahrhunderten therapeutisch genutzt.\"}]},{\"@type\":\"WebSite\",\"@id\":\"https:\\\/\\\/www.medela-vital.de\\\/blog\\\/#website\",\"url\":\"https:\\\/\\\/www.medela-vital.de\\\/blog\\\/\",\"name\":\"medela-vital\",\"description\":\"Unser neuer Vitalpilze-Blog\",\"publisher\":{\"@id\":\"https:\\\/\\\/www.medela-vital.de\\\/blog\\\/#organization\"},\"potentialAction\":[{\"@type\":\"SearchAction\",\"target\":{\"@type\":\"EntryPoint\",\"urlTemplate\":\"https:\\\/\\\/www.medela-vital.de\\\/blog\\\/?s={search_term_string}\"},\"query-input\":{\"@type\":\"PropertyValueSpecification\",\"valueRequired\":true,\"valueName\":\"search_term_string\"}}],\"inLanguage\":\"de\"},{\"@type\":\"Organization\",\"@id\":\"https:\\\/\\\/www.medela-vital.de\\\/blog\\\/#organization\",\"name\":\"Medela-vital\",\"url\":\"https:\\\/\\\/www.medela-vital.de\\\/blog\\\/\",\"logo\":{\"@type\":\"ImageObject\",\"inLanguage\":\"de\",\"@id\":\"https:\\\/\\\/www.medela-vital.de\\\/blog\\\/#\\\/schema\\\/logo\\\/image\\\/\",\"url\":\"https:\\\/\\\/www.medela-vital.de\\\/blog\\\/wp-content\\\/uploads\\\/2017\\\/12\\\/logo-medela-vital_logo.png\",\"contentUrl\":\"https:\\\/\\\/www.medela-vital.de\\\/blog\\\/wp-content\\\/uploads\\\/2017\\\/12\\\/logo-medela-vital_logo.png\",\"width\":739,\"height\":273,\"caption\":\"Medela-vital\"},\"image\":{\"@id\":\"https:\\\/\\\/www.medela-vital.de\\\/blog\\\/#\\\/schema\\\/logo\\\/image\\\/\"},\"sameAs\":[\"https:\\\/\\\/de-de.facebook.com\\\/medelavital\\\/\"]},{\"@type\":\"Person\",\"@id\":\"https:\\\/\\\/www.medela-vital.de\\\/blog\\\/#\\\/schema\\\/person\\\/16abb051cea55a07709767e8a0117e9d\",\"name\":\"Nadine Geier\",\"image\":{\"@type\":\"ImageObject\",\"inLanguage\":\"de\",\"@id\":\"https:\\\/\\\/secure.gravatar.com\\\/avatar\\\/92f1221f9fe110245bd315644e646de046d9246fade9f84be1b709ca4aacf355?s=96&d=mm&r=g\",\"url\":\"https:\\\/\\\/secure.gravatar.com\\\/avatar\\\/92f1221f9fe110245bd315644e646de046d9246fade9f84be1b709ca4aacf355?s=96&d=mm&r=g\",\"contentUrl\":\"https:\\\/\\\/secure.gravatar.com\\\/avatar\\\/92f1221f9fe110245bd315644e646de046d9246fade9f84be1b709ca4aacf355?s=96&d=mm&r=g\",\"caption\":\"Nadine Geier\"},\"sameAs\":[\"http:\\\/\\\/www.medela-vital.de\"]}]}<\/script>\n<!-- \/ Yoast SEO plugin. -->","yoast_head_json":{"title":"Vitalpilze seit Jahrhunderten therapeutisch genutzt - auch f\u00fcr Kinder?","description":"In Ostasien werden die sogenannten Vitalpilze bereits seit Jahrhunderten therapeutisch, vor allem in der Mykotherapie, genutzt.","robots":{"index":"index","follow":"follow","max-snippet":"max-snippet:-1","max-image-preview":"max-image-preview:large","max-video-preview":"max-video-preview:-1"},"canonical":"https:\/\/www.medela-vital.de\/blog\/vitalpilze-therapeutisch-genutzt\/","og_locale":"de_DE","og_type":"article","og_title":"Vitalpilze seit Jahrhunderten therapeutisch genutzt - auch f\u00fcr Kinder?","og_description":"In Ostasien werden die sogenannten Vitalpilze bereits seit Jahrhunderten therapeutisch, vor allem in der Mykotherapie, genutzt.","og_url":"https:\/\/www.medela-vital.de\/blog\/vitalpilze-therapeutisch-genutzt\/","og_site_name":"medela-vital","article_publisher":"https:\/\/de-de.facebook.com\/medelavital\/","article_published_time":"2020-08-04T11:47:13+00:00","article_modified_time":"2021-03-15T15:31:02+00:00","og_image":[{"url":"https:\/\/www.medela-vital.de\/blog\/wp-content\/uploads\/2020\/08\/little-girl-2516582_640.jpg","type":"","width":"","height":""}],"author":"Nadine Geier","twitter_card":"summary_large_image","twitter_misc":{"Verfasst von":"Nadine Geier","Gesch\u00e4tzte Lesezeit":"2\u00a0Minuten"},"schema":{"@context":"https:\/\/schema.org","@graph":[{"@type":"Article","@id":"https:\/\/www.medela-vital.de\/blog\/vitalpilze-therapeutisch-genutzt\/#article","isPartOf":{"@id":"https:\/\/www.medela-vital.de\/blog\/vitalpilze-therapeutisch-genutzt\/"},"author":{"name":"Nadine Geier","@id":"https:\/\/www.medela-vital.de\/blog\/#\/schema\/person\/16abb051cea55a07709767e8a0117e9d"},"headline":"Bio Vitalpilze &#8211; seit Jahrhunderten therapeutisch genutzt.","datePublished":"2020-08-04T11:47:13+00:00","dateModified":"2021-03-15T15:31:02+00:00","mainEntityOfPage":{"@id":"https:\/\/www.medela-vital.de\/blog\/vitalpilze-therapeutisch-genutzt\/"},"wordCount":343,"publisher":{"@id":"https:\/\/www.medela-vital.de\/blog\/#organization"},"image":{"@id":"https:\/\/www.medela-vital.de\/blog\/vitalpilze-therapeutisch-genutzt\/#primaryimage"},"thumbnailUrl":"https:\/\/www.medela-vital.de\/blog\/wp-content\/uploads\/2020\/08\/little-girl-2516582_640.jpg","inLanguage":"de"},{"@type":"WebPage","@id":"https:\/\/www.medela-vital.de\/blog\/vitalpilze-therapeutisch-genutzt\/","url":"https:\/\/www.medela-vital.de\/blog\/vitalpilze-therapeutisch-genutzt\/","name":"Vitalpilze seit Jahrhunderten therapeutisch genutzt - auch f\u00fcr Kinder?","isPartOf":{"@id":"https:\/\/www.medela-vital.de\/blog\/#website"},"primaryImageOfPage":{"@id":"https:\/\/www.medela-vital.de\/blog\/vitalpilze-therapeutisch-genutzt\/#primaryimage"},"image":{"@id":"https:\/\/www.medela-vital.de\/blog\/vitalpilze-therapeutisch-genutzt\/#primaryimage"},"thumbnailUrl":"https:\/\/www.medela-vital.de\/blog\/wp-content\/uploads\/2020\/08\/little-girl-2516582_640.jpg","datePublished":"2020-08-04T11:47:13+00:00","dateModified":"2021-03-15T15:31:02+00:00","description":"In Ostasien werden die sogenannten Vitalpilze bereits seit Jahrhunderten therapeutisch, vor allem in der Mykotherapie, genutzt.","breadcrumb":{"@id":"https:\/\/www.medela-vital.de\/blog\/vitalpilze-therapeutisch-genutzt\/#breadcrumb"},"inLanguage":"de","potentialAction":[{"@type":"ReadAction","target":["https:\/\/www.medela-vital.de\/blog\/vitalpilze-therapeutisch-genutzt\/"]}]},{"@type":"ImageObject","inLanguage":"de","@id":"https:\/\/www.medela-vital.de\/blog\/vitalpilze-therapeutisch-genutzt\/#primaryimage","url":"https:\/\/www.medela-vital.de\/blog\/wp-content\/uploads\/2020\/08\/little-girl-2516582_640.jpg","contentUrl":"https:\/\/www.medela-vital.de\/blog\/wp-content\/uploads\/2020\/08\/little-girl-2516582_640.jpg","width":640,"height":426,"caption":"Vitalpilze therapeutisch"},{"@type":"BreadcrumbList","@id":"https:\/\/www.medela-vital.de\/blog\/vitalpilze-therapeutisch-genutzt\/#breadcrumb","itemListElement":[{"@type":"ListItem","position":1,"name":"Startseite","item":"https:\/\/www.medela-vital.de\/blog\/"},{"@type":"ListItem","position":2,"name":"Bio Vitalpilze &#8211; seit Jahrhunderten therapeutisch genutzt."}]},{"@type":"WebSite","@id":"https:\/\/www.medela-vital.de\/blog\/#website","url":"https:\/\/www.medela-vital.de\/blog\/","name":"medela-vital","description":"Unser neuer Vitalpilze-Blog","publisher":{"@id":"https:\/\/www.medela-vital.de\/blog\/#organization"},"potentialAction":[{"@type":"SearchAction","target":{"@type":"EntryPoint","urlTemplate":"https:\/\/www.medela-vital.de\/blog\/?s={search_term_string}"},"query-input":{"@type":"PropertyValueSpecification","valueRequired":true,"valueName":"search_term_string"}}],"inLanguage":"de"},{"@type":"Organization","@id":"https:\/\/www.medela-vital.de\/blog\/#organization","name":"Medela-vital","url":"https:\/\/www.medela-vital.de\/blog\/","logo":{"@type":"ImageObject","inLanguage":"de","@id":"https:\/\/www.medela-vital.de\/blog\/#\/schema\/logo\/image\/","url":"https:\/\/www.medela-vital.de\/blog\/wp-content\/uploads\/2017\/12\/logo-medela-vital_logo.png","contentUrl":"https:\/\/www.medela-vital.de\/blog\/wp-content\/uploads\/2017\/12\/logo-medela-vital_logo.png","width":739,"height":273,"caption":"Medela-vital"},"image":{"@id":"https:\/\/www.medela-vital.de\/blog\/#\/schema\/logo\/image\/"},"sameAs":["https:\/\/de-de.facebook.com\/medelavital\/"]},{"@type":"Person","@id":"https:\/\/www.medela-vital.de\/blog\/#\/schema\/person\/16abb051cea55a07709767e8a0117e9d","name":"Nadine Geier","image":{"@type":"ImageObject","inLanguage":"de","@id":"https:\/\/secure.gravatar.com\/avatar\/92f1221f9fe110245bd315644e646de046d9246fade9f84be1b709ca4aacf355?s=96&d=mm&r=g","url":"https:\/\/secure.gravatar.com\/avatar\/92f1221f9fe110245bd315644e646de046d9246fade9f84be1b709ca4aacf355?s=96&d=mm&r=g","contentUrl":"https:\/\/secure.gravatar.com\/avatar\/92f1221f9fe110245bd315644e646de046d9246fade9f84be1b709ca4aacf355?s=96&d=mm&r=g","caption":"Nadine Geier"},"sameAs":["http:\/\/www.medela-vital.de"]}]}},"_links":{"self":[{"href":"https:\/\/www.medela-vital.de\/blog\/wp-json\/wp\/v2\/posts\/333","targetHints":{"allow":["GET"]}}],"collection":[{"href":"https:\/\/www.medela-vital.de\/blog\/wp-json\/wp\/v2\/posts"}],"about":[{"href":"https:\/\/www.medela-vital.de\/blog\/wp-json\/wp\/v2\/types\/post"}],"author":[{"embeddable":true,"href":"https:\/\/www.medela-vital.de\/blog\/wp-json\/wp\/v2\/users\/2"}],"replies":[{"embeddable":true,"href":"https:\/\/www.medela-vital.de\/blog\/wp-json\/wp\/v2\/comments?post=333"}],"version-history":[{"count":9,"href":"https:\/\/www.medela-vital.de\/blog\/wp-json\/wp\/v2\/posts\/333\/revisions"}],"predecessor-version":[{"id":372,"href":"https:\/\/www.medela-vital.de\/blog\/wp-json\/wp\/v2\/posts\/333\/revisions\/372"}],"wp:attachment":[{"href":"https:\/\/www.medela-vital.de\/blog\/wp-json\/wp\/v2\/media?parent=333"}],"wp:term":[{"taxonomy":"category","embeddable":true,"href":"https:\/\/www.medela-vital.de\/blog\/wp-json\/wp\/v2\/categories?post=333"},{"taxonomy":"post_tag","embeddable":true,"href":"https:\/\/www.medela-vital.de\/blog\/wp-json\/wp\/v2\/tags?post=333"}],"curies":[{"name":"wp","href":"https:\/\/api.w.org\/{rel}","templated":true}]}}