{"id":301,"date":"2020-03-30T16:01:12","date_gmt":"2020-03-30T14:01:12","guid":{"rendered":"https:\/\/www.medela-vital.de\/blog\/?p=301"},"modified":"2021-03-15T16:54:55","modified_gmt":"2021-03-15T15:54:55","slug":"reishi-schrot-tee","status":"publish","type":"post","link":"https:\/\/www.medela-vital.de\/blog\/reishi-schrot-tee\/","title":{"rendered":"Bio Reishi Schrot Tee"},"content":{"rendered":"\n<figure class=\"wp-block-image size-large is-resized is-style-default\"><img loading=\"lazy\" decoding=\"async\" src=\"https:\/\/www.medela-vital.de\/blog\/wp-content\/uploads\/2020\/03\/tee-1024x369.jpg\" alt=\"Reishi Tee\" class=\"wp-image-302\" width=\"600\" height=\"280\"\/><\/figure>\n\n\n\n<hr class=\"wp-block-separator\"\/>\n\n\n\n<!--more-->\n\n\n\n<h3 class=\"wp-block-heading\">9 neue Bio Reishi Schrot Teesorten<\/h3>\n\n\n\n<figure class=\"wp-block-image size-medium\"><img loading=\"lazy\" decoding=\"async\" width=\"300\" height=\"200\" src=\"https:\/\/www.medela-vital.de\/blog\/wp-content\/uploads\/2020\/03\/tea-1209428_640-2-300x200.jpg\" alt=\"Bio Reishi Schrot Tee\" class=\"wp-image-313\" srcset=\"https:\/\/www.medela-vital.de\/blog\/wp-content\/uploads\/2020\/03\/tea-1209428_640-2-300x200.jpg 300w, https:\/\/www.medela-vital.de\/blog\/wp-content\/uploads\/2020\/03\/tea-1209428_640-2.jpg 640w\" sizes=\"auto, (max-width: 300px) 100vw, 300px\" \/><\/figure>\n\n\n\n<p>Unsere Bio Teesorten bieten f\u00fcr jeden Geschmack etwas, denn wir haben schwarzen Tee, Fr\u00fcchtetee, Kr\u00e4utertee, Matetee, Rooibos Tee, Olivenblatt Tee und gr\u00fcnen Tee im Angebot. Das Besondere an dem Tee ist nicht nur unser Reishi Schrot, sondern die Premium Qualit\u00e4t:<\/p>\n\n\n\n<ul class=\"wp-block-list\"><li>100 % nat\u00fcrliche Zutaten<\/li><li>keine k\u00fcnstlichen Geschmacksverst\u00e4rker<\/li><li>liebevoll von Hand verarbeitet<\/li><li>keine kandierten Fr\u00fcchte<\/li><\/ul>\n\n\n\n<p>Auch unser Reishi Schrot ist von h\u00f6chster Qualit\u00e4t und 100 % Bio.&nbsp;<\/p>\n\n\n\n<hr class=\"wp-block-separator\"\/>\n\n\n\n<h3 class=\"wp-block-heading\">Bio Reishi Schrot<\/h3>\n\n\n\n<figure class=\"wp-block-image size-medium\"><img loading=\"lazy\" decoding=\"async\" width=\"300\" height=\"205\" src=\"https:\/\/www.medela-vital.de\/blog\/wp-content\/uploads\/2020\/03\/reishi-1962244_640-1-300x205.jpg\" alt=\"Bio Reishi Schrot\" class=\"wp-image-314\" srcset=\"https:\/\/www.medela-vital.de\/blog\/wp-content\/uploads\/2020\/03\/reishi-1962244_640-1-300x205.jpg 300w, https:\/\/www.medela-vital.de\/blog\/wp-content\/uploads\/2020\/03\/reishi-1962244_640-1.jpg 640w\" sizes=\"auto, (max-width: 300px) 100vw, 300px\" \/><\/figure>\n\n\n\n<p>Unser&nbsp;Bio Reishi Schrot&nbsp;eignet sich bestens, um als Tee aufgebr\u00fcht zu werden. Bei uns im Shop erh\u00e4ltlich, womit man selbst Reishi Tee herstellen kann.<\/p>\n\n\n\n<p>Wir haben f\u00fcr Euch die besten Teesorten ausgesucht und diese vorab mit dem Bio Reishi Schrot verfeinert. Der Reishi Pilz gilt als &#8222;Pilz der Unsterblichkeit&#8220;, da er sich positiv auf das Immunsystem und den gesamten K\u00f6rper auswirken kann. Er enth\u00e4lt viele Mineralien, Spurenelemente und ist reich an wertvollen Polysacchariden. Somit k\u00f6nnt ihr eine hochwertige Tasse Tee genie\u00dfen und gleichzeitig dem K\u00f6rper wichtige Vitamine und Mineralstoffe zuf\u00fchren.&nbsp;<\/p>\n\n\n\n<hr class=\"wp-block-separator\"\/>\n\n\n\n<h3 class=\"wp-block-heading\">Eistee im Fr\u00fchling<\/h3>\n\n\n\n<figure class=\"wp-block-image size-medium\"><img loading=\"lazy\" decoding=\"async\" width=\"300\" height=\"200\" src=\"https:\/\/www.medela-vital.de\/blog\/wp-content\/uploads\/2020\/03\/iced-tea-3442815_640-1-300x200.jpg\" alt=\"Tee im Fr\u00fchling\" class=\"wp-image-315\" srcset=\"https:\/\/www.medela-vital.de\/blog\/wp-content\/uploads\/2020\/03\/iced-tea-3442815_640-1-300x200.jpg 300w, https:\/\/www.medela-vital.de\/blog\/wp-content\/uploads\/2020\/03\/iced-tea-3442815_640-1.jpg 640w\" sizes=\"auto, (max-width: 300px) 100vw, 300px\" \/><\/figure>\n\n\n\n<p>Wenn ihr jetzt denkt: &#8222;Tee im Fr\u00fchling?????&#8220; &#8211; Kein Problem, ihr k\u00f6nnt unsere leckeren Bio Reishi Schrot Tee auch alle als Eistee zubereiten.<\/p>\n\n\n\n<p>Daf\u00fcr einfach den Tee wie angegeben zubereiten, in den K\u00fchlschrank kalt stellen und anschlie\u00dfend mit Eisw\u00fcrfeln kalt servieren. Nat\u00fcrlich kann man den Eistee noch mit Zitronen, Minze oder Honig verfeinern.&nbsp;<\/p>\n\n\n\n<p>Der Wirkung des Reishi ist damit keine Einschr\u00e4nkung gegeben. Auch als Eistee sind noch alle positiven Inhaltsstoffe vorhanden.<\/p>\n\n\n\n<p>Bei der n\u00e4chsten Gartenparty oder dem n\u00e4chsten Grillabend, bleibt ihr mit dem Reishi Eistee sicher in aller Munde. Oder in der Quarant\u00e4nezeit einfach alleine oder mit den Mitbewohnern genie\u00dfen. Bald dann hoffentlich wieder beim Grillabend.<\/p>\n\n\n\n<p><\/p>\n\n\n\n<p><\/p>\n\n\n\n<p>Bestellt jetzt direkt in unserem Online Shop und genie\u00dft schon in wenigen Tagen Euren eigenen Reishi Schrot Tee. Wir liefern weiterhin direkt zu Ihnen nach Hause.<\/p>\n\n\n\n<p><a href=\"http:\/\/www.medela-vital.de\">www.medela-vital.de<\/a><\/p>\n\n\n\n<p><\/p>\n\n\n\n<p>Oder wenn ihr aus \u00d6sterreich bestellen wollt dann<\/p>\n\n\n\n<p><a href=\"http:\/\/www.bio-vitalpilze.at\">www.bio-vitalpilze.at<\/a><\/p>\n","protected":false},"excerpt":{"rendered":"","protected":false},"author":2,"featured_media":0,"comment_status":"closed","ping_status":"open","sticky":false,"template":"","format":"standard","meta":{"footnotes":""},"categories":[1],"tags":[],"class_list":["post-301","post","type-post","status-publish","format-standard","hentry","category-allgemein"],"yoast_head":"<!-- This site is optimized with the Yoast SEO plugin v27.4 - https:\/\/yoast.com\/product\/yoast-seo-wordpress\/ -->\n<title>Bio Reishi Schrot Tee im Winter, Fr\u00fchling und Sommer<\/title>\n<meta name=\"description\" content=\"Unser Bio Reishi Schrot Tee lecker und wohltuend nicht nur im Winter, sondern sind auch im Fr\u00fchling und Sommer ein Hochgenu\u00df.\" \/>\n<meta name=\"robots\" content=\"index, follow, max-snippet:-1, max-image-preview:large, max-video-preview:-1\" \/>\n<link rel=\"canonical\" href=\"https:\/\/www.medela-vital.de\/blog\/reishi-schrot-tee\/\" \/>\n<meta property=\"og:locale\" content=\"de_DE\" \/>\n<meta property=\"og:type\" content=\"article\" \/>\n<meta property=\"og:title\" content=\"Bio Reishi Schrot Tee im Winter, Fr\u00fchling und Sommer\" \/>\n<meta property=\"og:description\" content=\"Unser Bio Reishi Schrot Tee lecker und wohltuend nicht nur im Winter, sondern sind auch im Fr\u00fchling und Sommer ein Hochgenu\u00df.\" \/>\n<meta property=\"og:url\" content=\"https:\/\/www.medela-vital.de\/blog\/reishi-schrot-tee\/\" \/>\n<meta property=\"og:site_name\" content=\"medela-vital\" \/>\n<meta property=\"article:publisher\" content=\"https:\/\/de-de.facebook.com\/medelavital\/\" \/>\n<meta property=\"article:published_time\" content=\"2020-03-30T14:01:12+00:00\" \/>\n<meta property=\"article:modified_time\" content=\"2021-03-15T15:54:55+00:00\" \/>\n<meta property=\"og:image\" content=\"https:\/\/www.medela-vital.de\/blog\/wp-content\/uploads\/2020\/03\/tee-1024x369.jpg\" \/>\n<meta name=\"author\" content=\"Nadine Geier\" \/>\n<meta name=\"twitter:card\" content=\"summary_large_image\" \/>\n<meta name=\"twitter:label1\" content=\"Verfasst von\" \/>\n\t<meta name=\"twitter:data1\" content=\"Nadine Geier\" \/>\n\t<meta name=\"twitter:label2\" content=\"Gesch\u00e4tzte Lesezeit\" \/>\n\t<meta name=\"twitter:data2\" content=\"3\u00a0Minuten\" \/>\n<script type=\"application\/ld+json\" class=\"yoast-schema-graph\">{\"@context\":\"https:\\\/\\\/schema.org\",\"@graph\":[{\"@type\":\"Article\",\"@id\":\"https:\\\/\\\/www.medela-vital.de\\\/blog\\\/reishi-schrot-tee\\\/#article\",\"isPartOf\":{\"@id\":\"https:\\\/\\\/www.medela-vital.de\\\/blog\\\/reishi-schrot-tee\\\/\"},\"author\":{\"name\":\"Nadine Geier\",\"@id\":\"https:\\\/\\\/www.medela-vital.de\\\/blog\\\/#\\\/schema\\\/person\\\/16abb051cea55a07709767e8a0117e9d\"},\"headline\":\"Bio Reishi Schrot Tee\",\"datePublished\":\"2020-03-30T14:01:12+00:00\",\"dateModified\":\"2021-03-15T15:54:55+00:00\",\"mainEntityOfPage\":{\"@id\":\"https:\\\/\\\/www.medela-vital.de\\\/blog\\\/reishi-schrot-tee\\\/\"},\"wordCount\":353,\"publisher\":{\"@id\":\"https:\\\/\\\/www.medela-vital.de\\\/blog\\\/#organization\"},\"image\":{\"@id\":\"https:\\\/\\\/www.medela-vital.de\\\/blog\\\/reishi-schrot-tee\\\/#primaryimage\"},\"thumbnailUrl\":\"https:\\\/\\\/www.medela-vital.de\\\/blog\\\/wp-content\\\/uploads\\\/2020\\\/03\\\/tee-1024x369.jpg\",\"inLanguage\":\"de\"},{\"@type\":\"WebPage\",\"@id\":\"https:\\\/\\\/www.medela-vital.de\\\/blog\\\/reishi-schrot-tee\\\/\",\"url\":\"https:\\\/\\\/www.medela-vital.de\\\/blog\\\/reishi-schrot-tee\\\/\",\"name\":\"Bio Reishi Schrot Tee im Winter, Fr\u00fchling und Sommer\",\"isPartOf\":{\"@id\":\"https:\\\/\\\/www.medela-vital.de\\\/blog\\\/#website\"},\"primaryImageOfPage\":{\"@id\":\"https:\\\/\\\/www.medela-vital.de\\\/blog\\\/reishi-schrot-tee\\\/#primaryimage\"},\"image\":{\"@id\":\"https:\\\/\\\/www.medela-vital.de\\\/blog\\\/reishi-schrot-tee\\\/#primaryimage\"},\"thumbnailUrl\":\"https:\\\/\\\/www.medela-vital.de\\\/blog\\\/wp-content\\\/uploads\\\/2020\\\/03\\\/tee-1024x369.jpg\",\"datePublished\":\"2020-03-30T14:01:12+00:00\",\"dateModified\":\"2021-03-15T15:54:55+00:00\",\"description\":\"Unser Bio Reishi Schrot Tee lecker und wohltuend nicht nur im Winter, sondern sind auch im Fr\u00fchling und Sommer ein Hochgenu\u00df.\",\"breadcrumb\":{\"@id\":\"https:\\\/\\\/www.medela-vital.de\\\/blog\\\/reishi-schrot-tee\\\/#breadcrumb\"},\"inLanguage\":\"de\",\"potentialAction\":[{\"@type\":\"ReadAction\",\"target\":[\"https:\\\/\\\/www.medela-vital.de\\\/blog\\\/reishi-schrot-tee\\\/\"]}]},{\"@type\":\"ImageObject\",\"inLanguage\":\"de\",\"@id\":\"https:\\\/\\\/www.medela-vital.de\\\/blog\\\/reishi-schrot-tee\\\/#primaryimage\",\"url\":\"https:\\\/\\\/www.medela-vital.de\\\/blog\\\/wp-content\\\/uploads\\\/2020\\\/03\\\/tee.jpg\",\"contentUrl\":\"https:\\\/\\\/www.medela-vital.de\\\/blog\\\/wp-content\\\/uploads\\\/2020\\\/03\\\/tee.jpg\",\"width\":1216,\"height\":438,\"caption\":\"Vitalpilz Tee\"},{\"@type\":\"BreadcrumbList\",\"@id\":\"https:\\\/\\\/www.medela-vital.de\\\/blog\\\/reishi-schrot-tee\\\/#breadcrumb\",\"itemListElement\":[{\"@type\":\"ListItem\",\"position\":1,\"name\":\"Startseite\",\"item\":\"https:\\\/\\\/www.medela-vital.de\\\/blog\\\/\"},{\"@type\":\"ListItem\",\"position\":2,\"name\":\"Bio Reishi Schrot Tee\"}]},{\"@type\":\"WebSite\",\"@id\":\"https:\\\/\\\/www.medela-vital.de\\\/blog\\\/#website\",\"url\":\"https:\\\/\\\/www.medela-vital.de\\\/blog\\\/\",\"name\":\"medela-vital\",\"description\":\"Unser neuer Vitalpilze-Blog\",\"publisher\":{\"@id\":\"https:\\\/\\\/www.medela-vital.de\\\/blog\\\/#organization\"},\"potentialAction\":[{\"@type\":\"SearchAction\",\"target\":{\"@type\":\"EntryPoint\",\"urlTemplate\":\"https:\\\/\\\/www.medela-vital.de\\\/blog\\\/?s={search_term_string}\"},\"query-input\":{\"@type\":\"PropertyValueSpecification\",\"valueRequired\":true,\"valueName\":\"search_term_string\"}}],\"inLanguage\":\"de\"},{\"@type\":\"Organization\",\"@id\":\"https:\\\/\\\/www.medela-vital.de\\\/blog\\\/#organization\",\"name\":\"Medela-vital\",\"url\":\"https:\\\/\\\/www.medela-vital.de\\\/blog\\\/\",\"logo\":{\"@type\":\"ImageObject\",\"inLanguage\":\"de\",\"@id\":\"https:\\\/\\\/www.medela-vital.de\\\/blog\\\/#\\\/schema\\\/logo\\\/image\\\/\",\"url\":\"https:\\\/\\\/www.medela-vital.de\\\/blog\\\/wp-content\\\/uploads\\\/2017\\\/12\\\/logo-medela-vital_logo.png\",\"contentUrl\":\"https:\\\/\\\/www.medela-vital.de\\\/blog\\\/wp-content\\\/uploads\\\/2017\\\/12\\\/logo-medela-vital_logo.png\",\"width\":739,\"height\":273,\"caption\":\"Medela-vital\"},\"image\":{\"@id\":\"https:\\\/\\\/www.medela-vital.de\\\/blog\\\/#\\\/schema\\\/logo\\\/image\\\/\"},\"sameAs\":[\"https:\\\/\\\/de-de.facebook.com\\\/medelavital\\\/\"]},{\"@type\":\"Person\",\"@id\":\"https:\\\/\\\/www.medela-vital.de\\\/blog\\\/#\\\/schema\\\/person\\\/16abb051cea55a07709767e8a0117e9d\",\"name\":\"Nadine Geier\",\"image\":{\"@type\":\"ImageObject\",\"inLanguage\":\"de\",\"@id\":\"https:\\\/\\\/secure.gravatar.com\\\/avatar\\\/92f1221f9fe110245bd315644e646de046d9246fade9f84be1b709ca4aacf355?s=96&d=mm&r=g\",\"url\":\"https:\\\/\\\/secure.gravatar.com\\\/avatar\\\/92f1221f9fe110245bd315644e646de046d9246fade9f84be1b709ca4aacf355?s=96&d=mm&r=g\",\"contentUrl\":\"https:\\\/\\\/secure.gravatar.com\\\/avatar\\\/92f1221f9fe110245bd315644e646de046d9246fade9f84be1b709ca4aacf355?s=96&d=mm&r=g\",\"caption\":\"Nadine Geier\"},\"sameAs\":[\"http:\\\/\\\/www.medela-vital.de\"]}]}<\/script>\n<!-- \/ Yoast SEO plugin. -->","yoast_head_json":{"title":"Bio Reishi Schrot Tee im Winter, Fr\u00fchling und Sommer","description":"Unser Bio Reishi Schrot Tee lecker und wohltuend nicht nur im Winter, sondern sind auch im Fr\u00fchling und Sommer ein Hochgenu\u00df.","robots":{"index":"index","follow":"follow","max-snippet":"max-snippet:-1","max-image-preview":"max-image-preview:large","max-video-preview":"max-video-preview:-1"},"canonical":"https:\/\/www.medela-vital.de\/blog\/reishi-schrot-tee\/","og_locale":"de_DE","og_type":"article","og_title":"Bio Reishi Schrot Tee im Winter, Fr\u00fchling und Sommer","og_description":"Unser Bio Reishi Schrot Tee lecker und wohltuend nicht nur im Winter, sondern sind auch im Fr\u00fchling und Sommer ein Hochgenu\u00df.","og_url":"https:\/\/www.medela-vital.de\/blog\/reishi-schrot-tee\/","og_site_name":"medela-vital","article_publisher":"https:\/\/de-de.facebook.com\/medelavital\/","article_published_time":"2020-03-30T14:01:12+00:00","article_modified_time":"2021-03-15T15:54:55+00:00","og_image":[{"url":"https:\/\/www.medela-vital.de\/blog\/wp-content\/uploads\/2020\/03\/tee-1024x369.jpg","type":"","width":"","height":""}],"author":"Nadine Geier","twitter_card":"summary_large_image","twitter_misc":{"Verfasst von":"Nadine Geier","Gesch\u00e4tzte Lesezeit":"3\u00a0Minuten"},"schema":{"@context":"https:\/\/schema.org","@graph":[{"@type":"Article","@id":"https:\/\/www.medela-vital.de\/blog\/reishi-schrot-tee\/#article","isPartOf":{"@id":"https:\/\/www.medela-vital.de\/blog\/reishi-schrot-tee\/"},"author":{"name":"Nadine Geier","@id":"https:\/\/www.medela-vital.de\/blog\/#\/schema\/person\/16abb051cea55a07709767e8a0117e9d"},"headline":"Bio Reishi Schrot Tee","datePublished":"2020-03-30T14:01:12+00:00","dateModified":"2021-03-15T15:54:55+00:00","mainEntityOfPage":{"@id":"https:\/\/www.medela-vital.de\/blog\/reishi-schrot-tee\/"},"wordCount":353,"publisher":{"@id":"https:\/\/www.medela-vital.de\/blog\/#organization"},"image":{"@id":"https:\/\/www.medela-vital.de\/blog\/reishi-schrot-tee\/#primaryimage"},"thumbnailUrl":"https:\/\/www.medela-vital.de\/blog\/wp-content\/uploads\/2020\/03\/tee-1024x369.jpg","inLanguage":"de"},{"@type":"WebPage","@id":"https:\/\/www.medela-vital.de\/blog\/reishi-schrot-tee\/","url":"https:\/\/www.medela-vital.de\/blog\/reishi-schrot-tee\/","name":"Bio Reishi Schrot Tee im Winter, Fr\u00fchling und Sommer","isPartOf":{"@id":"https:\/\/www.medela-vital.de\/blog\/#website"},"primaryImageOfPage":{"@id":"https:\/\/www.medela-vital.de\/blog\/reishi-schrot-tee\/#primaryimage"},"image":{"@id":"https:\/\/www.medela-vital.de\/blog\/reishi-schrot-tee\/#primaryimage"},"thumbnailUrl":"https:\/\/www.medela-vital.de\/blog\/wp-content\/uploads\/2020\/03\/tee-1024x369.jpg","datePublished":"2020-03-30T14:01:12+00:00","dateModified":"2021-03-15T15:54:55+00:00","description":"Unser Bio Reishi Schrot Tee lecker und wohltuend nicht nur im Winter, sondern sind auch im Fr\u00fchling und Sommer ein Hochgenu\u00df.","breadcrumb":{"@id":"https:\/\/www.medela-vital.de\/blog\/reishi-schrot-tee\/#breadcrumb"},"inLanguage":"de","potentialAction":[{"@type":"ReadAction","target":["https:\/\/www.medela-vital.de\/blog\/reishi-schrot-tee\/"]}]},{"@type":"ImageObject","inLanguage":"de","@id":"https:\/\/www.medela-vital.de\/blog\/reishi-schrot-tee\/#primaryimage","url":"https:\/\/www.medela-vital.de\/blog\/wp-content\/uploads\/2020\/03\/tee.jpg","contentUrl":"https:\/\/www.medela-vital.de\/blog\/wp-content\/uploads\/2020\/03\/tee.jpg","width":1216,"height":438,"caption":"Vitalpilz Tee"},{"@type":"BreadcrumbList","@id":"https:\/\/www.medela-vital.de\/blog\/reishi-schrot-tee\/#breadcrumb","itemListElement":[{"@type":"ListItem","position":1,"name":"Startseite","item":"https:\/\/www.medela-vital.de\/blog\/"},{"@type":"ListItem","position":2,"name":"Bio Reishi Schrot Tee"}]},{"@type":"WebSite","@id":"https:\/\/www.medela-vital.de\/blog\/#website","url":"https:\/\/www.medela-vital.de\/blog\/","name":"medela-vital","description":"Unser neuer Vitalpilze-Blog","publisher":{"@id":"https:\/\/www.medela-vital.de\/blog\/#organization"},"potentialAction":[{"@type":"SearchAction","target":{"@type":"EntryPoint","urlTemplate":"https:\/\/www.medela-vital.de\/blog\/?s={search_term_string}"},"query-input":{"@type":"PropertyValueSpecification","valueRequired":true,"valueName":"search_term_string"}}],"inLanguage":"de"},{"@type":"Organization","@id":"https:\/\/www.medela-vital.de\/blog\/#organization","name":"Medela-vital","url":"https:\/\/www.medela-vital.de\/blog\/","logo":{"@type":"ImageObject","inLanguage":"de","@id":"https:\/\/www.medela-vital.de\/blog\/#\/schema\/logo\/image\/","url":"https:\/\/www.medela-vital.de\/blog\/wp-content\/uploads\/2017\/12\/logo-medela-vital_logo.png","contentUrl":"https:\/\/www.medela-vital.de\/blog\/wp-content\/uploads\/2017\/12\/logo-medela-vital_logo.png","width":739,"height":273,"caption":"Medela-vital"},"image":{"@id":"https:\/\/www.medela-vital.de\/blog\/#\/schema\/logo\/image\/"},"sameAs":["https:\/\/de-de.facebook.com\/medelavital\/"]},{"@type":"Person","@id":"https:\/\/www.medela-vital.de\/blog\/#\/schema\/person\/16abb051cea55a07709767e8a0117e9d","name":"Nadine Geier","image":{"@type":"ImageObject","inLanguage":"de","@id":"https:\/\/secure.gravatar.com\/avatar\/92f1221f9fe110245bd315644e646de046d9246fade9f84be1b709ca4aacf355?s=96&d=mm&r=g","url":"https:\/\/secure.gravatar.com\/avatar\/92f1221f9fe110245bd315644e646de046d9246fade9f84be1b709ca4aacf355?s=96&d=mm&r=g","contentUrl":"https:\/\/secure.gravatar.com\/avatar\/92f1221f9fe110245bd315644e646de046d9246fade9f84be1b709ca4aacf355?s=96&d=mm&r=g","caption":"Nadine Geier"},"sameAs":["http:\/\/www.medela-vital.de"]}]}},"_links":{"self":[{"href":"https:\/\/www.medela-vital.de\/blog\/wp-json\/wp\/v2\/posts\/301","targetHints":{"allow":["GET"]}}],"collection":[{"href":"https:\/\/www.medela-vital.de\/blog\/wp-json\/wp\/v2\/posts"}],"about":[{"href":"https:\/\/www.medela-vital.de\/blog\/wp-json\/wp\/v2\/types\/post"}],"author":[{"embeddable":true,"href":"https:\/\/www.medela-vital.de\/blog\/wp-json\/wp\/v2\/users\/2"}],"replies":[{"embeddable":true,"href":"https:\/\/www.medela-vital.de\/blog\/wp-json\/wp\/v2\/comments?post=301"}],"version-history":[{"count":5,"href":"https:\/\/www.medela-vital.de\/blog\/wp-json\/wp\/v2\/posts\/301\/revisions"}],"predecessor-version":[{"id":376,"href":"https:\/\/www.medela-vital.de\/blog\/wp-json\/wp\/v2\/posts\/301\/revisions\/376"}],"wp:attachment":[{"href":"https:\/\/www.medela-vital.de\/blog\/wp-json\/wp\/v2\/media?parent=301"}],"wp:term":[{"taxonomy":"category","embeddable":true,"href":"https:\/\/www.medela-vital.de\/blog\/wp-json\/wp\/v2\/categories?post=301"},{"taxonomy":"post_tag","embeddable":true,"href":"https:\/\/www.medela-vital.de\/blog\/wp-json\/wp\/v2\/tags?post=301"}],"curies":[{"name":"wp","href":"https:\/\/api.w.org\/{rel}","templated":true}]}}