{"id":294,"date":"2020-02-07T13:31:46","date_gmt":"2020-02-07T12:31:46","guid":{"rendered":"https:\/\/www.medela-vital.de\/blog\/?p=294"},"modified":"2021-03-07T17:15:26","modified_gmt":"2021-03-07T16:15:26","slug":"mykotherapie-bei-katzen","status":"publish","type":"post","link":"https:\/\/www.medela-vital.de\/blog\/mykotherapie-bei-katzen\/","title":{"rendered":"Mykotherapie bei Katzen"},"content":{"rendered":"\n<div class=\"wp-block-cover has-background-dim\" style=\"background-image:url(https:\/\/www.medela-vital.de\/blog\/wp-content\/uploads\/2020\/02\/cat-649164_640.jpg)\"><div class=\"wp-block-cover__inner-container is-layout-flow wp-block-cover-is-layout-flow\">\n<p class=\"has-text-align-center has-large-font-size\">Vitalpilze f\u00fcr Katzen in der Mykotherapie<\/p>\n\n\n\n<p class=\"has-text-align-center\">&#8211; nat\u00fcrliche Behandlung von Krankheiten-<\/p>\n<\/div><\/div>\n\n\n\n<p>Vitalpilze f\u00fcr Katzen in der Mykotherapie sind bereits weit verbreitet. Bei der <a href=\"https:\/\/de.wikipedia.org\/wiki\/Mykotherapie\">Mykotherapie <\/a>handelt es sich um eine Therapieform, bei der Vitalpilze zur Behandlung von Krankheiten oder zur Vorbeugung solcher eingesetzt werden. Pilze kennen die meisten Menschen als Nahrungsmittel.  Dass einige dieser Pilze sogar zu therapeutischen Zwecken eingesetzt werden, wissen l\u00e4ngst noch nicht alle. Dabei ist die Anwendung von Vitalpilzen in China schon mehrere tausend Jahre alt und hat ihren Ursprung in der Traditionellen Chinesischen Medizin (TCM). <\/p>\n\n\n\n<!--more-->\n\n\n\n<p>Aber auch in anderen Kulturen sind Pilze schon seit \u00e4ltester Zeit als Heilmittel bekannt. So wurde sogar \u00d6tzi, der Mann aus dem Eis, mit einem Birkenporling gefunden, der bei Magenkr\u00e4mpfen und Verdauungsproblemen eingesetzt werden kann. Bei ihm wurde der Magenkeim Helicobacter pylori nachgewiesen. Dieser kann Probleme wie Sodbrennen und Verdauungschwierigkeiten bereiten. Man nimmt an dass \u00d6tzi auch deshalb den Zunderschwamm bei sich hatte. <\/p>\n\n\n\n<h3 class=\"wp-block-heading\">Pilze, weder Pflanze noch Tier<\/h3>\n\n\n\n<p>Was auch sehr erstaunlich und interessant ist, dass Pilze weder zu den Pflanzen, noch zu den Tieren geh\u00f6ren. Sie bilden ein ganz eigenes Reich, das 25% der Biomasse unseres Planeten ausmacht und k\u00f6nnen fast \u00fcberall \u00fcberleben und es gibt Arten, die K\u00e4lte oder auch W\u00e4rme lieben, andere m\u00f6gen es lieber feucht und wieder andere eher trocken. Pilze ern\u00e4hren sich heterotroph, d.h. sie ziehen ihre N\u00e4hrstoffe durch die Zellwand aus einem Wirt oder dem Untergrund, auf dem sie wachsen.<\/p>\n\n\n\n<p>F\u00fcr unsere Ern\u00e4hrung sind sie interessant, da sie eine gro\u00dfe Anzahl an Mineralstoffen, Spurenelementen, Vitaminen, Ballaststoffen, essentiellen Aminos\u00e4uren und sekund\u00e4ren Inhaltsstoffen mit hoher Bioaktivit\u00e4t besitzen. Aber auch in der Naturheilkunde werden Pilze immer beliebter, da sie zu den oben genannten, einige pharmakologisch wirksame Inhaltsstoffe, wie Polysaccharide, Triterpene und nat\u00fcrliche Antibiotika besitzen. Durch diese Vielfalt an Inhaltsstoffen wirken sie antifungal, antibakteriell oder sogar antiviral.<\/p>\n\n\n\n<h3 class=\"wp-block-heading\">Vitalpilze bei Katzen<\/h3>\n\n\n\n<p>Vitalpilze f\u00fcr Katzen in der Mykotherapie k\u00f6nnen als Pulver oder Extrakt verabreicht werden. Das Pulver wird durch Zermahlen des getrockneten Pilzes hergestellt und enth\u00e4lt daher alle nat\u00fcrlichen Inhaltsstoffe des Pilzes. Extrakte werden aus Pilzpulver mit Hilfe eines L\u00f6sungsmittels (meist Wasser) hergestellt. Die Konzentration der Inhaltsstoffe ist daher im Extrakt 18-23 &#8211; fach h\u00f6her als im Pulver. Allerdings sind nicht mehr alle Inhaltsstoffe enthalten, sondern nur die wasserl\u00f6slichen Bestandteile. Daher werden Extrakte eher bei akutem Krankheitsgeschehen, bei dem eine schnelle Wirkung erforderlich ist, eingesetzt. Das Pulver wird eher zur Prophylaxe oder bei einem erh\u00f6hten Mineralstoff- und Vitaminbedarf angewendet. Oft werden Pulver und Extrakt aber auch in Kombination eingesetzt.<\/p>\n\n\n\n<p>Von Katzen werden Vitalpilze oft problemlos angenommen, da man sie gut unter das Futter mischen kann. Auch kann man die Pilze gut mit etwas Sahne, Butter, Streichwurst oder anderen Leckereien vermischen. Um eine optimale Aufnahme der Wirkstoffe zu gew\u00e4hrleisten, bietet sich eine zus\u00e4tzlich Gabe von Vitamin C w\u00e4hrend der Dauer der Therapie an. Hierf\u00fcr eignet sich unser <strong><a href=\"https:\/\/www.medela-vital.de\/camu-camu-kapseln.html\">Bio Camu Camu<\/a><\/strong> Pulver besonders gut, da es reich an nat\u00fcrlichem Vitamin C ist. Die verschiedenen Vitalpilze kann man problemlos miteinander kombinieren und bei einer Vielzahl von Krankheiten einsetzen. <\/p>\n\n\n\n<p>Da die Vitalpilze den Stoffwechsel und die Organfunktionen anregen, wirken sie stark entgiftend. Daher kann es bei der Gabe der Pilze auch zu dementsprechenden Symptomen, wie h\u00e4ufiger Harndrang, Durchfall, Erbrechen kommen. Bei derartigen Erstreaktionen empfiehlt es sich, die Dosis zun\u00e4chst zu reduzieren. Anschlie\u00dfend kann man die Dosierung dann Schritt f\u00fcr Schritt wieder steigern. So kann sich der Organismus langsam an die Wirkstoffe gew\u00f6hnen. <\/p>\n\n\n\n<h3 class=\"wp-block-heading\">Was gilt es zu beachten?<\/h3>\n\n\n\n<p>Man sollte Dosierung und Anwendung der Vitalpilze vorab immer mit einem Tierheilpraktiker, Tierarzt oder Mykotherapeuten besprechen!<\/p>\n\n\n\n<p>Es ist auch wichtig, immer genug Wasser zur Verf\u00fcgung zu stellen und die Katze ggf. durch einen Trinkbrunnen o.\u00e4. zum Trinken zu animieren. Nat\u00fcrlich sollte man die Katze immer als Ganzes betrachten und sich nicht nur auf die Krankheit konzentrieren. Zu einem gesunden Tier geh\u00f6ren nicht nur die richtigen Vitalpilze, sondern auch eine artgerechte Ern\u00e4hrung und eine m\u00f6glichst abwechslungsreiche Haltung. <\/p>\n","protected":false},"excerpt":{"rendered":"<p>Vitalpilze f\u00fcr Katzen in der Mykotherapie sind bereits weit verbreitet. Bei der Mykotherapie handelt es sich um eine Therapieform, bei der Vitalpilze zur Behandlung von Krankheiten oder zur Vorbeugung solcher eingesetzt werden. Pilze kennen die meisten Menschen als Nahrungsmittel. Dass einige dieser Pilze sogar zu therapeutischen Zwecken eingesetzt werden, wissen l\u00e4ngst noch nicht alle. Dabei &hellip; <a href=\"https:\/\/www.medela-vital.de\/blog\/mykotherapie-bei-katzen\/\">Weiterlesen<\/a><\/p>\n","protected":false},"author":2,"featured_media":297,"comment_status":"closed","ping_status":"open","sticky":false,"template":"","format":"standard","meta":{"footnotes":""},"categories":[1],"tags":[7,6,8],"class_list":["post-294","post","type-post","status-publish","format-standard","has-post-thumbnail","hentry","category-allgemein","tag-katze","tag-tiere","tag-vitalpilze"],"yoast_head":"<!-- This site is optimized with the Yoast SEO plugin v27.4 - https:\/\/yoast.com\/product\/yoast-seo-wordpress\/ -->\n<title>Mykotherapie bei Katzen - Vitalpilze f\u00fcr Katzen in der Mykotherapie<\/title>\n<meta name=\"description\" content=\"Vitalpilze f\u00fcr Katzen sind in der Mykotherapie bereits weit verbreitet und werden von Tierheilpraktikern gerne eingesetzt.\" \/>\n<meta name=\"robots\" content=\"index, follow, max-snippet:-1, max-image-preview:large, max-video-preview:-1\" \/>\n<link rel=\"canonical\" href=\"https:\/\/www.medela-vital.de\/blog\/mykotherapie-bei-katzen\/\" \/>\n<meta property=\"og:locale\" content=\"de_DE\" \/>\n<meta property=\"og:type\" content=\"article\" \/>\n<meta property=\"og:title\" content=\"Mykotherapie bei Katzen - Vitalpilze f\u00fcr Katzen in der Mykotherapie\" \/>\n<meta property=\"og:description\" content=\"Vitalpilze f\u00fcr Katzen sind in der Mykotherapie bereits weit verbreitet und werden von Tierheilpraktikern gerne eingesetzt.\" \/>\n<meta property=\"og:url\" content=\"https:\/\/www.medela-vital.de\/blog\/mykotherapie-bei-katzen\/\" \/>\n<meta property=\"og:site_name\" content=\"medela-vital\" \/>\n<meta property=\"article:publisher\" content=\"https:\/\/de-de.facebook.com\/medelavital\/\" \/>\n<meta property=\"article:published_time\" content=\"2020-02-07T12:31:46+00:00\" \/>\n<meta property=\"article:modified_time\" content=\"2021-03-07T16:15:26+00:00\" \/>\n<meta property=\"og:image\" content=\"https:\/\/www.medela-vital.de\/blog\/wp-content\/uploads\/2020\/02\/cat-3374422_640.jpg\" \/>\n\t<meta property=\"og:image:width\" content=\"640\" \/>\n\t<meta property=\"og:image:height\" content=\"512\" \/>\n\t<meta property=\"og:image:type\" content=\"image\/jpeg\" \/>\n<meta name=\"author\" content=\"Nadine Geier\" \/>\n<meta name=\"twitter:card\" content=\"summary_large_image\" \/>\n<meta name=\"twitter:label1\" content=\"Verfasst von\" \/>\n\t<meta name=\"twitter:data1\" content=\"Nadine Geier\" \/>\n\t<meta name=\"twitter:label2\" content=\"Gesch\u00e4tzte Lesezeit\" \/>\n\t<meta name=\"twitter:data2\" content=\"3\u00a0Minuten\" \/>\n<script type=\"application\/ld+json\" class=\"yoast-schema-graph\">{\"@context\":\"https:\\\/\\\/schema.org\",\"@graph\":[{\"@type\":\"Article\",\"@id\":\"https:\\\/\\\/www.medela-vital.de\\\/blog\\\/mykotherapie-bei-katzen\\\/#article\",\"isPartOf\":{\"@id\":\"https:\\\/\\\/www.medela-vital.de\\\/blog\\\/mykotherapie-bei-katzen\\\/\"},\"author\":{\"name\":\"Nadine Geier\",\"@id\":\"https:\\\/\\\/www.medela-vital.de\\\/blog\\\/#\\\/schema\\\/person\\\/16abb051cea55a07709767e8a0117e9d\"},\"headline\":\"Mykotherapie bei Katzen\",\"datePublished\":\"2020-02-07T12:31:46+00:00\",\"dateModified\":\"2021-03-07T16:15:26+00:00\",\"mainEntityOfPage\":{\"@id\":\"https:\\\/\\\/www.medela-vital.de\\\/blog\\\/mykotherapie-bei-katzen\\\/\"},\"wordCount\":682,\"publisher\":{\"@id\":\"https:\\\/\\\/www.medela-vital.de\\\/blog\\\/#organization\"},\"image\":{\"@id\":\"https:\\\/\\\/www.medela-vital.de\\\/blog\\\/mykotherapie-bei-katzen\\\/#primaryimage\"},\"thumbnailUrl\":\"https:\\\/\\\/www.medela-vital.de\\\/blog\\\/wp-content\\\/uploads\\\/2020\\\/02\\\/cat-3374422_640.jpg\",\"keywords\":[\"Katze\",\"Tiere\",\"Vitalpilze\"],\"inLanguage\":\"de\"},{\"@type\":\"WebPage\",\"@id\":\"https:\\\/\\\/www.medela-vital.de\\\/blog\\\/mykotherapie-bei-katzen\\\/\",\"url\":\"https:\\\/\\\/www.medela-vital.de\\\/blog\\\/mykotherapie-bei-katzen\\\/\",\"name\":\"Mykotherapie bei Katzen - Vitalpilze f\u00fcr Katzen in der Mykotherapie\",\"isPartOf\":{\"@id\":\"https:\\\/\\\/www.medela-vital.de\\\/blog\\\/#website\"},\"primaryImageOfPage\":{\"@id\":\"https:\\\/\\\/www.medela-vital.de\\\/blog\\\/mykotherapie-bei-katzen\\\/#primaryimage\"},\"image\":{\"@id\":\"https:\\\/\\\/www.medela-vital.de\\\/blog\\\/mykotherapie-bei-katzen\\\/#primaryimage\"},\"thumbnailUrl\":\"https:\\\/\\\/www.medela-vital.de\\\/blog\\\/wp-content\\\/uploads\\\/2020\\\/02\\\/cat-3374422_640.jpg\",\"datePublished\":\"2020-02-07T12:31:46+00:00\",\"dateModified\":\"2021-03-07T16:15:26+00:00\",\"description\":\"Vitalpilze f\u00fcr Katzen sind in der Mykotherapie bereits weit verbreitet und werden von Tierheilpraktikern gerne eingesetzt.\",\"breadcrumb\":{\"@id\":\"https:\\\/\\\/www.medela-vital.de\\\/blog\\\/mykotherapie-bei-katzen\\\/#breadcrumb\"},\"inLanguage\":\"de\",\"potentialAction\":[{\"@type\":\"ReadAction\",\"target\":[\"https:\\\/\\\/www.medela-vital.de\\\/blog\\\/mykotherapie-bei-katzen\\\/\"]}]},{\"@type\":\"ImageObject\",\"inLanguage\":\"de\",\"@id\":\"https:\\\/\\\/www.medela-vital.de\\\/blog\\\/mykotherapie-bei-katzen\\\/#primaryimage\",\"url\":\"https:\\\/\\\/www.medela-vital.de\\\/blog\\\/wp-content\\\/uploads\\\/2020\\\/02\\\/cat-3374422_640.jpg\",\"contentUrl\":\"https:\\\/\\\/www.medela-vital.de\\\/blog\\\/wp-content\\\/uploads\\\/2020\\\/02\\\/cat-3374422_640.jpg\",\"width\":640,\"height\":512,\"caption\":\"Katze Vitalpilze\"},{\"@type\":\"BreadcrumbList\",\"@id\":\"https:\\\/\\\/www.medela-vital.de\\\/blog\\\/mykotherapie-bei-katzen\\\/#breadcrumb\",\"itemListElement\":[{\"@type\":\"ListItem\",\"position\":1,\"name\":\"Startseite\",\"item\":\"https:\\\/\\\/www.medela-vital.de\\\/blog\\\/\"},{\"@type\":\"ListItem\",\"position\":2,\"name\":\"Mykotherapie bei Katzen\"}]},{\"@type\":\"WebSite\",\"@id\":\"https:\\\/\\\/www.medela-vital.de\\\/blog\\\/#website\",\"url\":\"https:\\\/\\\/www.medela-vital.de\\\/blog\\\/\",\"name\":\"medela-vital\",\"description\":\"Unser neuer Vitalpilze-Blog\",\"publisher\":{\"@id\":\"https:\\\/\\\/www.medela-vital.de\\\/blog\\\/#organization\"},\"potentialAction\":[{\"@type\":\"SearchAction\",\"target\":{\"@type\":\"EntryPoint\",\"urlTemplate\":\"https:\\\/\\\/www.medela-vital.de\\\/blog\\\/?s={search_term_string}\"},\"query-input\":{\"@type\":\"PropertyValueSpecification\",\"valueRequired\":true,\"valueName\":\"search_term_string\"}}],\"inLanguage\":\"de\"},{\"@type\":\"Organization\",\"@id\":\"https:\\\/\\\/www.medela-vital.de\\\/blog\\\/#organization\",\"name\":\"Medela-vital\",\"url\":\"https:\\\/\\\/www.medela-vital.de\\\/blog\\\/\",\"logo\":{\"@type\":\"ImageObject\",\"inLanguage\":\"de\",\"@id\":\"https:\\\/\\\/www.medela-vital.de\\\/blog\\\/#\\\/schema\\\/logo\\\/image\\\/\",\"url\":\"https:\\\/\\\/www.medela-vital.de\\\/blog\\\/wp-content\\\/uploads\\\/2017\\\/12\\\/logo-medela-vital_logo.png\",\"contentUrl\":\"https:\\\/\\\/www.medela-vital.de\\\/blog\\\/wp-content\\\/uploads\\\/2017\\\/12\\\/logo-medela-vital_logo.png\",\"width\":739,\"height\":273,\"caption\":\"Medela-vital\"},\"image\":{\"@id\":\"https:\\\/\\\/www.medela-vital.de\\\/blog\\\/#\\\/schema\\\/logo\\\/image\\\/\"},\"sameAs\":[\"https:\\\/\\\/de-de.facebook.com\\\/medelavital\\\/\"]},{\"@type\":\"Person\",\"@id\":\"https:\\\/\\\/www.medela-vital.de\\\/blog\\\/#\\\/schema\\\/person\\\/16abb051cea55a07709767e8a0117e9d\",\"name\":\"Nadine Geier\",\"image\":{\"@type\":\"ImageObject\",\"inLanguage\":\"de\",\"@id\":\"https:\\\/\\\/secure.gravatar.com\\\/avatar\\\/92f1221f9fe110245bd315644e646de046d9246fade9f84be1b709ca4aacf355?s=96&d=mm&r=g\",\"url\":\"https:\\\/\\\/secure.gravatar.com\\\/avatar\\\/92f1221f9fe110245bd315644e646de046d9246fade9f84be1b709ca4aacf355?s=96&d=mm&r=g\",\"contentUrl\":\"https:\\\/\\\/secure.gravatar.com\\\/avatar\\\/92f1221f9fe110245bd315644e646de046d9246fade9f84be1b709ca4aacf355?s=96&d=mm&r=g\",\"caption\":\"Nadine Geier\"},\"sameAs\":[\"http:\\\/\\\/www.medela-vital.de\"]}]}<\/script>\n<!-- \/ Yoast SEO plugin. -->","yoast_head_json":{"title":"Mykotherapie bei Katzen - Vitalpilze f\u00fcr Katzen in der Mykotherapie","description":"Vitalpilze f\u00fcr Katzen sind in der Mykotherapie bereits weit verbreitet und werden von Tierheilpraktikern gerne eingesetzt.","robots":{"index":"index","follow":"follow","max-snippet":"max-snippet:-1","max-image-preview":"max-image-preview:large","max-video-preview":"max-video-preview:-1"},"canonical":"https:\/\/www.medela-vital.de\/blog\/mykotherapie-bei-katzen\/","og_locale":"de_DE","og_type":"article","og_title":"Mykotherapie bei Katzen - Vitalpilze f\u00fcr Katzen in der Mykotherapie","og_description":"Vitalpilze f\u00fcr Katzen sind in der Mykotherapie bereits weit verbreitet und werden von Tierheilpraktikern gerne eingesetzt.","og_url":"https:\/\/www.medela-vital.de\/blog\/mykotherapie-bei-katzen\/","og_site_name":"medela-vital","article_publisher":"https:\/\/de-de.facebook.com\/medelavital\/","article_published_time":"2020-02-07T12:31:46+00:00","article_modified_time":"2021-03-07T16:15:26+00:00","og_image":[{"width":640,"height":512,"url":"https:\/\/www.medela-vital.de\/blog\/wp-content\/uploads\/2020\/02\/cat-3374422_640.jpg","type":"image\/jpeg"}],"author":"Nadine Geier","twitter_card":"summary_large_image","twitter_misc":{"Verfasst von":"Nadine Geier","Gesch\u00e4tzte Lesezeit":"3\u00a0Minuten"},"schema":{"@context":"https:\/\/schema.org","@graph":[{"@type":"Article","@id":"https:\/\/www.medela-vital.de\/blog\/mykotherapie-bei-katzen\/#article","isPartOf":{"@id":"https:\/\/www.medela-vital.de\/blog\/mykotherapie-bei-katzen\/"},"author":{"name":"Nadine Geier","@id":"https:\/\/www.medela-vital.de\/blog\/#\/schema\/person\/16abb051cea55a07709767e8a0117e9d"},"headline":"Mykotherapie bei Katzen","datePublished":"2020-02-07T12:31:46+00:00","dateModified":"2021-03-07T16:15:26+00:00","mainEntityOfPage":{"@id":"https:\/\/www.medela-vital.de\/blog\/mykotherapie-bei-katzen\/"},"wordCount":682,"publisher":{"@id":"https:\/\/www.medela-vital.de\/blog\/#organization"},"image":{"@id":"https:\/\/www.medela-vital.de\/blog\/mykotherapie-bei-katzen\/#primaryimage"},"thumbnailUrl":"https:\/\/www.medela-vital.de\/blog\/wp-content\/uploads\/2020\/02\/cat-3374422_640.jpg","keywords":["Katze","Tiere","Vitalpilze"],"inLanguage":"de"},{"@type":"WebPage","@id":"https:\/\/www.medela-vital.de\/blog\/mykotherapie-bei-katzen\/","url":"https:\/\/www.medela-vital.de\/blog\/mykotherapie-bei-katzen\/","name":"Mykotherapie bei Katzen - Vitalpilze f\u00fcr Katzen in der Mykotherapie","isPartOf":{"@id":"https:\/\/www.medela-vital.de\/blog\/#website"},"primaryImageOfPage":{"@id":"https:\/\/www.medela-vital.de\/blog\/mykotherapie-bei-katzen\/#primaryimage"},"image":{"@id":"https:\/\/www.medela-vital.de\/blog\/mykotherapie-bei-katzen\/#primaryimage"},"thumbnailUrl":"https:\/\/www.medela-vital.de\/blog\/wp-content\/uploads\/2020\/02\/cat-3374422_640.jpg","datePublished":"2020-02-07T12:31:46+00:00","dateModified":"2021-03-07T16:15:26+00:00","description":"Vitalpilze f\u00fcr Katzen sind in der Mykotherapie bereits weit verbreitet und werden von Tierheilpraktikern gerne eingesetzt.","breadcrumb":{"@id":"https:\/\/www.medela-vital.de\/blog\/mykotherapie-bei-katzen\/#breadcrumb"},"inLanguage":"de","potentialAction":[{"@type":"ReadAction","target":["https:\/\/www.medela-vital.de\/blog\/mykotherapie-bei-katzen\/"]}]},{"@type":"ImageObject","inLanguage":"de","@id":"https:\/\/www.medela-vital.de\/blog\/mykotherapie-bei-katzen\/#primaryimage","url":"https:\/\/www.medela-vital.de\/blog\/wp-content\/uploads\/2020\/02\/cat-3374422_640.jpg","contentUrl":"https:\/\/www.medela-vital.de\/blog\/wp-content\/uploads\/2020\/02\/cat-3374422_640.jpg","width":640,"height":512,"caption":"Katze Vitalpilze"},{"@type":"BreadcrumbList","@id":"https:\/\/www.medela-vital.de\/blog\/mykotherapie-bei-katzen\/#breadcrumb","itemListElement":[{"@type":"ListItem","position":1,"name":"Startseite","item":"https:\/\/www.medela-vital.de\/blog\/"},{"@type":"ListItem","position":2,"name":"Mykotherapie bei Katzen"}]},{"@type":"WebSite","@id":"https:\/\/www.medela-vital.de\/blog\/#website","url":"https:\/\/www.medela-vital.de\/blog\/","name":"medela-vital","description":"Unser neuer Vitalpilze-Blog","publisher":{"@id":"https:\/\/www.medela-vital.de\/blog\/#organization"},"potentialAction":[{"@type":"SearchAction","target":{"@type":"EntryPoint","urlTemplate":"https:\/\/www.medela-vital.de\/blog\/?s={search_term_string}"},"query-input":{"@type":"PropertyValueSpecification","valueRequired":true,"valueName":"search_term_string"}}],"inLanguage":"de"},{"@type":"Organization","@id":"https:\/\/www.medela-vital.de\/blog\/#organization","name":"Medela-vital","url":"https:\/\/www.medela-vital.de\/blog\/","logo":{"@type":"ImageObject","inLanguage":"de","@id":"https:\/\/www.medela-vital.de\/blog\/#\/schema\/logo\/image\/","url":"https:\/\/www.medela-vital.de\/blog\/wp-content\/uploads\/2017\/12\/logo-medela-vital_logo.png","contentUrl":"https:\/\/www.medela-vital.de\/blog\/wp-content\/uploads\/2017\/12\/logo-medela-vital_logo.png","width":739,"height":273,"caption":"Medela-vital"},"image":{"@id":"https:\/\/www.medela-vital.de\/blog\/#\/schema\/logo\/image\/"},"sameAs":["https:\/\/de-de.facebook.com\/medelavital\/"]},{"@type":"Person","@id":"https:\/\/www.medela-vital.de\/blog\/#\/schema\/person\/16abb051cea55a07709767e8a0117e9d","name":"Nadine Geier","image":{"@type":"ImageObject","inLanguage":"de","@id":"https:\/\/secure.gravatar.com\/avatar\/92f1221f9fe110245bd315644e646de046d9246fade9f84be1b709ca4aacf355?s=96&d=mm&r=g","url":"https:\/\/secure.gravatar.com\/avatar\/92f1221f9fe110245bd315644e646de046d9246fade9f84be1b709ca4aacf355?s=96&d=mm&r=g","contentUrl":"https:\/\/secure.gravatar.com\/avatar\/92f1221f9fe110245bd315644e646de046d9246fade9f84be1b709ca4aacf355?s=96&d=mm&r=g","caption":"Nadine Geier"},"sameAs":["http:\/\/www.medela-vital.de"]}]}},"_links":{"self":[{"href":"https:\/\/www.medela-vital.de\/blog\/wp-json\/wp\/v2\/posts\/294","targetHints":{"allow":["GET"]}}],"collection":[{"href":"https:\/\/www.medela-vital.de\/blog\/wp-json\/wp\/v2\/posts"}],"about":[{"href":"https:\/\/www.medela-vital.de\/blog\/wp-json\/wp\/v2\/types\/post"}],"author":[{"embeddable":true,"href":"https:\/\/www.medela-vital.de\/blog\/wp-json\/wp\/v2\/users\/2"}],"replies":[{"embeddable":true,"href":"https:\/\/www.medela-vital.de\/blog\/wp-json\/wp\/v2\/comments?post=294"}],"version-history":[{"count":3,"href":"https:\/\/www.medela-vital.de\/blog\/wp-json\/wp\/v2\/posts\/294\/revisions"}],"predecessor-version":[{"id":299,"href":"https:\/\/www.medela-vital.de\/blog\/wp-json\/wp\/v2\/posts\/294\/revisions\/299"}],"wp:featuredmedia":[{"embeddable":true,"href":"https:\/\/www.medela-vital.de\/blog\/wp-json\/wp\/v2\/media\/297"}],"wp:attachment":[{"href":"https:\/\/www.medela-vital.de\/blog\/wp-json\/wp\/v2\/media?parent=294"}],"wp:term":[{"taxonomy":"category","embeddable":true,"href":"https:\/\/www.medela-vital.de\/blog\/wp-json\/wp\/v2\/categories?post=294"},{"taxonomy":"post_tag","embeddable":true,"href":"https:\/\/www.medela-vital.de\/blog\/wp-json\/wp\/v2\/tags?post=294"}],"curies":[{"name":"wp","href":"https:\/\/api.w.org\/{rel}","templated":true}]}}