{"id":268,"date":"2020-01-13T10:38:39","date_gmt":"2020-01-13T09:38:39","guid":{"rendered":"https:\/\/www.medela-vital.de\/blog\/?p=268"},"modified":"2021-03-07T17:15:26","modified_gmt":"2021-03-07T16:15:26","slug":"cordycepsmilitaris","status":"publish","type":"post","link":"https:\/\/www.medela-vital.de\/blog\/cordycepsmilitaris\/","title":{"rendered":"Cordyceps militaris"},"content":{"rendered":"\n<p>&#8222;Puppenkernkeule&#8220; &#8211; ein lang bekannter Vitalpilz&#8220;<\/p>\n\n\n\n<ul class=\"wp-block-gallery columns-3 is-cropped wp-block-gallery-1 is-layout-flex wp-block-gallery-is-layout-flex\"><li class=\"blocks-gallery-item\"><figure><img loading=\"lazy\" decoding=\"async\" width=\"1024\" height=\"681\" src=\"https:\/\/www.medela-vital.de\/blog\/wp-content\/uploads\/2020\/01\/iStock_000002299637_Large-1024x681.jpg\" alt=\"\" data-id=\"271\" data-link=\"https:\/\/www.medela-vital.de\/blog\/?attachment_id=271\" class=\"wp-image-271\" srcset=\"https:\/\/www.medela-vital.de\/blog\/wp-content\/uploads\/2020\/01\/iStock_000002299637_Large-1024x681.jpg 1024w, https:\/\/www.medela-vital.de\/blog\/wp-content\/uploads\/2020\/01\/iStock_000002299637_Large-300x199.jpg 300w, https:\/\/www.medela-vital.de\/blog\/wp-content\/uploads\/2020\/01\/iStock_000002299637_Large-768x511.jpg 768w\" sizes=\"auto, (max-width: 1024px) 100vw, 1024px\" \/><\/figure><\/li><li class=\"blocks-gallery-item\"><figure><img loading=\"lazy\" decoding=\"async\" width=\"1024\" height=\"716\" src=\"https:\/\/www.medela-vital.de\/blog\/wp-content\/uploads\/2020\/01\/Cordyceps-militaris-1-1024x716.jpg\" alt=\"\" data-id=\"272\" data-link=\"https:\/\/www.medela-vital.de\/blog\/?attachment_id=272\" class=\"wp-image-272\" srcset=\"https:\/\/www.medela-vital.de\/blog\/wp-content\/uploads\/2020\/01\/Cordyceps-militaris-1-1024x716.jpg 1024w, https:\/\/www.medela-vital.de\/blog\/wp-content\/uploads\/2020\/01\/Cordyceps-militaris-1-300x210.jpg 300w, https:\/\/www.medela-vital.de\/blog\/wp-content\/uploads\/2020\/01\/Cordyceps-militaris-1-768x537.jpg 768w\" sizes=\"auto, (max-width: 1024px) 100vw, 1024px\" \/><\/figure><\/li><li class=\"blocks-gallery-item\"><figure><img loading=\"lazy\" decoding=\"async\" width=\"1024\" height=\"683\" src=\"https:\/\/www.medela-vital.de\/blog\/wp-content\/uploads\/2020\/01\/Cordyceps-iStock_000023113294_Full-1-1024x683.jpg\" alt=\"\" data-id=\"275\" data-link=\"https:\/\/www.medela-vital.de\/blog\/?attachment_id=275\" class=\"wp-image-275\" srcset=\"https:\/\/www.medela-vital.de\/blog\/wp-content\/uploads\/2020\/01\/Cordyceps-iStock_000023113294_Full-1-1024x683.jpg 1024w, https:\/\/www.medela-vital.de\/blog\/wp-content\/uploads\/2020\/01\/Cordyceps-iStock_000023113294_Full-1-300x200.jpg 300w, https:\/\/www.medela-vital.de\/blog\/wp-content\/uploads\/2020\/01\/Cordyceps-iStock_000023113294_Full-1-768x512.jpg 768w\" sizes=\"auto, (max-width: 1024px) 100vw, 1024px\" \/><\/figure><\/li><\/ul>\n\n\n\n<p>Der <a href=\"https:\/\/www.medela-vital.de\/cordyceps-militaris-kapseln.html\">Cordyceps militaris<\/a> ist ein \u00e4u\u00dferst wichtiger Vitalpilz, nicht nur in Asien sondern mittlerweile auch in Europa. Er w\u00e4chst im Gegensatz zu seinem Artverwandtem, dem Cordyceps sinensis, auf der ganzen Nordhemisph\u00e4re. Im Herbst ist er sogar bei uns in Europa zu finden. Keulenf\u00f6rmig und in einem orange-gelben Ton w\u00e4chst dieser parasit\u00e4re Pilz aus vorher infizierten, toten Schmetterlingspuppen. <\/p>\n\n\n\n<!--more-->\n\n\n\n<h3 class=\"wp-block-heading\">Was macht den Cordyceps militaris so besonders?<\/h3>\n\n\n\n<p>W\u00e4hrend der wild gewachsene Cordyceps sinensis aufgrund seiner Seltenheit und der hohen Nachfrage immer mehr mit einer abnehmenden Population zu k\u00e4mpfen hat, ist der Cordyceps militaris viel einfacher zu kultivieren und somit auch sehr gut erh\u00e4ltlich. <\/p>\n\n\n\n<p>Die Gesellschaft f\u00fcr Mykologie k\u00fcrte die Puppenkernkeule 2007, vor allem wegen seines hohen Nutzens f\u00fcr unser \u00d6kosystem, zum Pilz des Jahres. Bereits im Altertum wurde er im ostasiatischen Raum als tonisches Nahrungsmittel verwendet. Die Wirksamkeit dieses Vitalpilzes wurde schon in \u00fcber 2000 Jahre alten Kr\u00e4uterb\u00fcchern dokumentiert. In China gibt es heute viele Gesundheitsprodukte, welche den Cordyceps militaris enthalten und dieser Pilz wird in Asien wirklich hoch gesch\u00e4tzt. <\/p>\n\n\n\n<p>Sein wesentlicher Bestandteil ist das Cordycepin. Daneben finden sich die Wirkstoffe Ergosterol, Mannitol, Vitamine und viele bedeutsame Polysaccharide. Er ist also \u00e4hnlich beschaffen wir der Cordyceps sinensis, wobei Studien dem Militaris sogar einen h\u00f6heren Gehalt an Cordycepin und Cordycepins\u00e4ure zuschreiben. Er soll entz\u00fcndungshemmend und durch das Cordycepin stimulierend auf das Immunsystem wirken. Viele Studien haben bereits den gro\u00dfen Nutzen des Cordyceps militaris auf unsere Gesundheit bewiesen. In Asien ist seine hervorragende Wirkung also schon seit Jahrtausenden bekannt, doch auch in Europa wenden immer mehr Heilpraktiker und auch \u00c4rzte diesen Vitalpilz an. <\/p>\n\n\n\n<p><\/p>\n\n\n\n<p>Der <a href=\"https:\/\/www.medela-vital.de\/cordyceps-militaris-kapseln.html\">Cordyceps militaris<\/a> ist ein \u00e4u\u00dferst wichtiger Vitalpilz, nicht nur in Asien und deshalb bei uns erh\u00e4ltlich als <a href=\"https:\/\/www.medela-vital.de\/cordyceps-militaris-kapseln.html\">Bio Cordyceps militaris Pulver Kapseln<\/a> und als  <a href=\"https:\/\/www.medela-vital.de\/cordyceps-minitaris-extrakt.html\">Bio Cordyceps militaris Extrakt Kapseln<\/a>. In verschiedenen Dosengr\u00f6\u00dfen und nat\u00fcrlich in h\u00f6chster Bio Qualit\u00e4t.<\/p>\n\n\n\n<p>Aus \u00d6sterreich k\u00f6nnt ihr gerne hier bestellen:<\/p>\n\n\n\n<p><a href=\"https:\/\/www.bio-vitalpilze.at\/\">https:\/\/www.bio-vitalpilze.at\/<\/a><\/p>\n","protected":false},"excerpt":{"rendered":"<p>Der Cordyceps militaris w\u00e4chst im Gegensatz zu seinem Artverwandtem, dem Cordyceps sinensis, auf der ganzen Nordhemisph\u00e4re. Im Herbst ist er sogar bei uns in Europa zu finden. Keulenf\u00f6rmig und in einem orange-gelben Ton w\u00e4chst dieser parasit\u00e4re Pilz aus vorher infizierten, toten Schmetterlingspuppen. <\/p>\n","protected":false},"author":2,"featured_media":270,"comment_status":"closed","ping_status":"open","sticky":false,"template":"","format":"standard","meta":{"footnotes":""},"categories":[1],"tags":[],"class_list":["post-268","post","type-post","status-publish","format-standard","has-post-thumbnail","hentry","category-allgemein"],"yoast_head":"<!-- This site is optimized with the Yoast SEO plugin v27.4 - https:\/\/yoast.com\/product\/yoast-seo-wordpress\/ -->\n<title>Bio Cordyceps militaris - ein \u00e4u\u00dferst wichtiger Vitalpilz<\/title>\n<meta name=\"description\" content=\"Der Cordyceps militaris ist ein \u00e4u\u00dferst wichtiger Vitalpilz, nicht nur in Asien. Wir zeigen euch seine au\u00dfergew\u00f6hnlichen Eigenschaften.\" \/>\n<meta name=\"robots\" content=\"index, follow, max-snippet:-1, max-image-preview:large, max-video-preview:-1\" \/>\n<link rel=\"canonical\" href=\"https:\/\/www.medela-vital.de\/blog\/cordycepsmilitaris\/\" \/>\n<meta property=\"og:locale\" content=\"de_DE\" \/>\n<meta property=\"og:type\" content=\"article\" \/>\n<meta property=\"og:title\" content=\"Bio Cordyceps militaris - ein \u00e4u\u00dferst wichtiger Vitalpilz\" \/>\n<meta property=\"og:description\" content=\"Der Cordyceps militaris ist ein \u00e4u\u00dferst wichtiger Vitalpilz, nicht nur in Asien. Wir zeigen euch seine au\u00dfergew\u00f6hnlichen Eigenschaften.\" \/>\n<meta property=\"og:url\" content=\"https:\/\/www.medela-vital.de\/blog\/cordycepsmilitaris\/\" \/>\n<meta property=\"og:site_name\" content=\"medela-vital\" \/>\n<meta property=\"article:publisher\" content=\"https:\/\/de-de.facebook.com\/medelavital\/\" \/>\n<meta property=\"article:published_time\" content=\"2020-01-13T09:38:39+00:00\" \/>\n<meta property=\"article:modified_time\" content=\"2021-03-07T16:15:26+00:00\" \/>\n<meta property=\"og:image\" content=\"https:\/\/www.medela-vital.de\/blog\/wp-content\/uploads\/2020\/01\/Cordyceps-iStock_000023113294_Full-1024x683.jpg\" \/>\n\t<meta property=\"og:image:width\" content=\"1024\" \/>\n\t<meta property=\"og:image:height\" content=\"683\" \/>\n\t<meta property=\"og:image:type\" content=\"image\/jpeg\" \/>\n<meta name=\"author\" content=\"Nadine Geier\" \/>\n<meta name=\"twitter:card\" content=\"summary_large_image\" \/>\n<meta name=\"twitter:label1\" content=\"Verfasst von\" \/>\n\t<meta name=\"twitter:data1\" content=\"Nadine Geier\" \/>\n\t<meta name=\"twitter:label2\" content=\"Gesch\u00e4tzte Lesezeit\" \/>\n\t<meta name=\"twitter:data2\" content=\"2\u00a0Minuten\" \/>\n<script type=\"application\/ld+json\" class=\"yoast-schema-graph\">{\"@context\":\"https:\\\/\\\/schema.org\",\"@graph\":[{\"@type\":\"Article\",\"@id\":\"https:\\\/\\\/www.medela-vital.de\\\/blog\\\/cordycepsmilitaris\\\/#article\",\"isPartOf\":{\"@id\":\"https:\\\/\\\/www.medela-vital.de\\\/blog\\\/cordycepsmilitaris\\\/\"},\"author\":{\"name\":\"Nadine Geier\",\"@id\":\"https:\\\/\\\/www.medela-vital.de\\\/blog\\\/#\\\/schema\\\/person\\\/16abb051cea55a07709767e8a0117e9d\"},\"headline\":\"Cordyceps militaris\",\"datePublished\":\"2020-01-13T09:38:39+00:00\",\"dateModified\":\"2021-03-07T16:15:26+00:00\",\"mainEntityOfPage\":{\"@id\":\"https:\\\/\\\/www.medela-vital.de\\\/blog\\\/cordycepsmilitaris\\\/\"},\"wordCount\":340,\"publisher\":{\"@id\":\"https:\\\/\\\/www.medela-vital.de\\\/blog\\\/#organization\"},\"image\":{\"@id\":\"https:\\\/\\\/www.medela-vital.de\\\/blog\\\/cordycepsmilitaris\\\/#primaryimage\"},\"thumbnailUrl\":\"https:\\\/\\\/www.medela-vital.de\\\/blog\\\/wp-content\\\/uploads\\\/2020\\\/01\\\/Cordyceps-iStock_000023113294_Full.jpg\",\"inLanguage\":\"de\"},{\"@type\":\"WebPage\",\"@id\":\"https:\\\/\\\/www.medela-vital.de\\\/blog\\\/cordycepsmilitaris\\\/\",\"url\":\"https:\\\/\\\/www.medela-vital.de\\\/blog\\\/cordycepsmilitaris\\\/\",\"name\":\"Bio Cordyceps militaris - ein \u00e4u\u00dferst wichtiger Vitalpilz\",\"isPartOf\":{\"@id\":\"https:\\\/\\\/www.medela-vital.de\\\/blog\\\/#website\"},\"primaryImageOfPage\":{\"@id\":\"https:\\\/\\\/www.medela-vital.de\\\/blog\\\/cordycepsmilitaris\\\/#primaryimage\"},\"image\":{\"@id\":\"https:\\\/\\\/www.medela-vital.de\\\/blog\\\/cordycepsmilitaris\\\/#primaryimage\"},\"thumbnailUrl\":\"https:\\\/\\\/www.medela-vital.de\\\/blog\\\/wp-content\\\/uploads\\\/2020\\\/01\\\/Cordyceps-iStock_000023113294_Full.jpg\",\"datePublished\":\"2020-01-13T09:38:39+00:00\",\"dateModified\":\"2021-03-07T16:15:26+00:00\",\"description\":\"Der Cordyceps militaris ist ein \u00e4u\u00dferst wichtiger Vitalpilz, nicht nur in Asien. Wir zeigen euch seine au\u00dfergew\u00f6hnlichen Eigenschaften.\",\"breadcrumb\":{\"@id\":\"https:\\\/\\\/www.medela-vital.de\\\/blog\\\/cordycepsmilitaris\\\/#breadcrumb\"},\"inLanguage\":\"de\",\"potentialAction\":[{\"@type\":\"ReadAction\",\"target\":[\"https:\\\/\\\/www.medela-vital.de\\\/blog\\\/cordycepsmilitaris\\\/\"]}]},{\"@type\":\"ImageObject\",\"inLanguage\":\"de\",\"@id\":\"https:\\\/\\\/www.medela-vital.de\\\/blog\\\/cordycepsmilitaris\\\/#primaryimage\",\"url\":\"https:\\\/\\\/www.medela-vital.de\\\/blog\\\/wp-content\\\/uploads\\\/2020\\\/01\\\/Cordyceps-iStock_000023113294_Full.jpg\",\"contentUrl\":\"https:\\\/\\\/www.medela-vital.de\\\/blog\\\/wp-content\\\/uploads\\\/2020\\\/01\\\/Cordyceps-iStock_000023113294_Full.jpg\",\"width\":4275,\"height\":2850,\"caption\":\"Cordyceps militaris\"},{\"@type\":\"BreadcrumbList\",\"@id\":\"https:\\\/\\\/www.medela-vital.de\\\/blog\\\/cordycepsmilitaris\\\/#breadcrumb\",\"itemListElement\":[{\"@type\":\"ListItem\",\"position\":1,\"name\":\"Startseite\",\"item\":\"https:\\\/\\\/www.medela-vital.de\\\/blog\\\/\"},{\"@type\":\"ListItem\",\"position\":2,\"name\":\"Cordyceps militaris\"}]},{\"@type\":\"WebSite\",\"@id\":\"https:\\\/\\\/www.medela-vital.de\\\/blog\\\/#website\",\"url\":\"https:\\\/\\\/www.medela-vital.de\\\/blog\\\/\",\"name\":\"medela-vital\",\"description\":\"Unser neuer Vitalpilze-Blog\",\"publisher\":{\"@id\":\"https:\\\/\\\/www.medela-vital.de\\\/blog\\\/#organization\"},\"potentialAction\":[{\"@type\":\"SearchAction\",\"target\":{\"@type\":\"EntryPoint\",\"urlTemplate\":\"https:\\\/\\\/www.medela-vital.de\\\/blog\\\/?s={search_term_string}\"},\"query-input\":{\"@type\":\"PropertyValueSpecification\",\"valueRequired\":true,\"valueName\":\"search_term_string\"}}],\"inLanguage\":\"de\"},{\"@type\":\"Organization\",\"@id\":\"https:\\\/\\\/www.medela-vital.de\\\/blog\\\/#organization\",\"name\":\"Medela-vital\",\"url\":\"https:\\\/\\\/www.medela-vital.de\\\/blog\\\/\",\"logo\":{\"@type\":\"ImageObject\",\"inLanguage\":\"de\",\"@id\":\"https:\\\/\\\/www.medela-vital.de\\\/blog\\\/#\\\/schema\\\/logo\\\/image\\\/\",\"url\":\"https:\\\/\\\/www.medela-vital.de\\\/blog\\\/wp-content\\\/uploads\\\/2017\\\/12\\\/logo-medela-vital_logo.png\",\"contentUrl\":\"https:\\\/\\\/www.medela-vital.de\\\/blog\\\/wp-content\\\/uploads\\\/2017\\\/12\\\/logo-medela-vital_logo.png\",\"width\":739,\"height\":273,\"caption\":\"Medela-vital\"},\"image\":{\"@id\":\"https:\\\/\\\/www.medela-vital.de\\\/blog\\\/#\\\/schema\\\/logo\\\/image\\\/\"},\"sameAs\":[\"https:\\\/\\\/de-de.facebook.com\\\/medelavital\\\/\"]},{\"@type\":\"Person\",\"@id\":\"https:\\\/\\\/www.medela-vital.de\\\/blog\\\/#\\\/schema\\\/person\\\/16abb051cea55a07709767e8a0117e9d\",\"name\":\"Nadine Geier\",\"image\":{\"@type\":\"ImageObject\",\"inLanguage\":\"de\",\"@id\":\"https:\\\/\\\/secure.gravatar.com\\\/avatar\\\/92f1221f9fe110245bd315644e646de046d9246fade9f84be1b709ca4aacf355?s=96&d=mm&r=g\",\"url\":\"https:\\\/\\\/secure.gravatar.com\\\/avatar\\\/92f1221f9fe110245bd315644e646de046d9246fade9f84be1b709ca4aacf355?s=96&d=mm&r=g\",\"contentUrl\":\"https:\\\/\\\/secure.gravatar.com\\\/avatar\\\/92f1221f9fe110245bd315644e646de046d9246fade9f84be1b709ca4aacf355?s=96&d=mm&r=g\",\"caption\":\"Nadine Geier\"},\"sameAs\":[\"http:\\\/\\\/www.medela-vital.de\"]}]}<\/script>\n<!-- \/ Yoast SEO plugin. -->","yoast_head_json":{"title":"Bio Cordyceps militaris - ein \u00e4u\u00dferst wichtiger Vitalpilz","description":"Der Cordyceps militaris ist ein \u00e4u\u00dferst wichtiger Vitalpilz, nicht nur in Asien. Wir zeigen euch seine au\u00dfergew\u00f6hnlichen Eigenschaften.","robots":{"index":"index","follow":"follow","max-snippet":"max-snippet:-1","max-image-preview":"max-image-preview:large","max-video-preview":"max-video-preview:-1"},"canonical":"https:\/\/www.medela-vital.de\/blog\/cordycepsmilitaris\/","og_locale":"de_DE","og_type":"article","og_title":"Bio Cordyceps militaris - ein \u00e4u\u00dferst wichtiger Vitalpilz","og_description":"Der Cordyceps militaris ist ein \u00e4u\u00dferst wichtiger Vitalpilz, nicht nur in Asien. Wir zeigen euch seine au\u00dfergew\u00f6hnlichen Eigenschaften.","og_url":"https:\/\/www.medela-vital.de\/blog\/cordycepsmilitaris\/","og_site_name":"medela-vital","article_publisher":"https:\/\/de-de.facebook.com\/medelavital\/","article_published_time":"2020-01-13T09:38:39+00:00","article_modified_time":"2021-03-07T16:15:26+00:00","og_image":[{"width":1024,"height":683,"url":"https:\/\/www.medela-vital.de\/blog\/wp-content\/uploads\/2020\/01\/Cordyceps-iStock_000023113294_Full-1024x683.jpg","type":"image\/jpeg"}],"author":"Nadine Geier","twitter_card":"summary_large_image","twitter_misc":{"Verfasst von":"Nadine Geier","Gesch\u00e4tzte Lesezeit":"2\u00a0Minuten"},"schema":{"@context":"https:\/\/schema.org","@graph":[{"@type":"Article","@id":"https:\/\/www.medela-vital.de\/blog\/cordycepsmilitaris\/#article","isPartOf":{"@id":"https:\/\/www.medela-vital.de\/blog\/cordycepsmilitaris\/"},"author":{"name":"Nadine Geier","@id":"https:\/\/www.medela-vital.de\/blog\/#\/schema\/person\/16abb051cea55a07709767e8a0117e9d"},"headline":"Cordyceps militaris","datePublished":"2020-01-13T09:38:39+00:00","dateModified":"2021-03-07T16:15:26+00:00","mainEntityOfPage":{"@id":"https:\/\/www.medela-vital.de\/blog\/cordycepsmilitaris\/"},"wordCount":340,"publisher":{"@id":"https:\/\/www.medela-vital.de\/blog\/#organization"},"image":{"@id":"https:\/\/www.medela-vital.de\/blog\/cordycepsmilitaris\/#primaryimage"},"thumbnailUrl":"https:\/\/www.medela-vital.de\/blog\/wp-content\/uploads\/2020\/01\/Cordyceps-iStock_000023113294_Full.jpg","inLanguage":"de"},{"@type":"WebPage","@id":"https:\/\/www.medela-vital.de\/blog\/cordycepsmilitaris\/","url":"https:\/\/www.medela-vital.de\/blog\/cordycepsmilitaris\/","name":"Bio Cordyceps militaris - ein \u00e4u\u00dferst wichtiger Vitalpilz","isPartOf":{"@id":"https:\/\/www.medela-vital.de\/blog\/#website"},"primaryImageOfPage":{"@id":"https:\/\/www.medela-vital.de\/blog\/cordycepsmilitaris\/#primaryimage"},"image":{"@id":"https:\/\/www.medela-vital.de\/blog\/cordycepsmilitaris\/#primaryimage"},"thumbnailUrl":"https:\/\/www.medela-vital.de\/blog\/wp-content\/uploads\/2020\/01\/Cordyceps-iStock_000023113294_Full.jpg","datePublished":"2020-01-13T09:38:39+00:00","dateModified":"2021-03-07T16:15:26+00:00","description":"Der Cordyceps militaris ist ein \u00e4u\u00dferst wichtiger Vitalpilz, nicht nur in Asien. Wir zeigen euch seine au\u00dfergew\u00f6hnlichen Eigenschaften.","breadcrumb":{"@id":"https:\/\/www.medela-vital.de\/blog\/cordycepsmilitaris\/#breadcrumb"},"inLanguage":"de","potentialAction":[{"@type":"ReadAction","target":["https:\/\/www.medela-vital.de\/blog\/cordycepsmilitaris\/"]}]},{"@type":"ImageObject","inLanguage":"de","@id":"https:\/\/www.medela-vital.de\/blog\/cordycepsmilitaris\/#primaryimage","url":"https:\/\/www.medela-vital.de\/blog\/wp-content\/uploads\/2020\/01\/Cordyceps-iStock_000023113294_Full.jpg","contentUrl":"https:\/\/www.medela-vital.de\/blog\/wp-content\/uploads\/2020\/01\/Cordyceps-iStock_000023113294_Full.jpg","width":4275,"height":2850,"caption":"Cordyceps militaris"},{"@type":"BreadcrumbList","@id":"https:\/\/www.medela-vital.de\/blog\/cordycepsmilitaris\/#breadcrumb","itemListElement":[{"@type":"ListItem","position":1,"name":"Startseite","item":"https:\/\/www.medela-vital.de\/blog\/"},{"@type":"ListItem","position":2,"name":"Cordyceps militaris"}]},{"@type":"WebSite","@id":"https:\/\/www.medela-vital.de\/blog\/#website","url":"https:\/\/www.medela-vital.de\/blog\/","name":"medela-vital","description":"Unser neuer Vitalpilze-Blog","publisher":{"@id":"https:\/\/www.medela-vital.de\/blog\/#organization"},"potentialAction":[{"@type":"SearchAction","target":{"@type":"EntryPoint","urlTemplate":"https:\/\/www.medela-vital.de\/blog\/?s={search_term_string}"},"query-input":{"@type":"PropertyValueSpecification","valueRequired":true,"valueName":"search_term_string"}}],"inLanguage":"de"},{"@type":"Organization","@id":"https:\/\/www.medela-vital.de\/blog\/#organization","name":"Medela-vital","url":"https:\/\/www.medela-vital.de\/blog\/","logo":{"@type":"ImageObject","inLanguage":"de","@id":"https:\/\/www.medela-vital.de\/blog\/#\/schema\/logo\/image\/","url":"https:\/\/www.medela-vital.de\/blog\/wp-content\/uploads\/2017\/12\/logo-medela-vital_logo.png","contentUrl":"https:\/\/www.medela-vital.de\/blog\/wp-content\/uploads\/2017\/12\/logo-medela-vital_logo.png","width":739,"height":273,"caption":"Medela-vital"},"image":{"@id":"https:\/\/www.medela-vital.de\/blog\/#\/schema\/logo\/image\/"},"sameAs":["https:\/\/de-de.facebook.com\/medelavital\/"]},{"@type":"Person","@id":"https:\/\/www.medela-vital.de\/blog\/#\/schema\/person\/16abb051cea55a07709767e8a0117e9d","name":"Nadine Geier","image":{"@type":"ImageObject","inLanguage":"de","@id":"https:\/\/secure.gravatar.com\/avatar\/92f1221f9fe110245bd315644e646de046d9246fade9f84be1b709ca4aacf355?s=96&d=mm&r=g","url":"https:\/\/secure.gravatar.com\/avatar\/92f1221f9fe110245bd315644e646de046d9246fade9f84be1b709ca4aacf355?s=96&d=mm&r=g","contentUrl":"https:\/\/secure.gravatar.com\/avatar\/92f1221f9fe110245bd315644e646de046d9246fade9f84be1b709ca4aacf355?s=96&d=mm&r=g","caption":"Nadine Geier"},"sameAs":["http:\/\/www.medela-vital.de"]}]}},"_links":{"self":[{"href":"https:\/\/www.medela-vital.de\/blog\/wp-json\/wp\/v2\/posts\/268","targetHints":{"allow":["GET"]}}],"collection":[{"href":"https:\/\/www.medela-vital.de\/blog\/wp-json\/wp\/v2\/posts"}],"about":[{"href":"https:\/\/www.medela-vital.de\/blog\/wp-json\/wp\/v2\/types\/post"}],"author":[{"embeddable":true,"href":"https:\/\/www.medela-vital.de\/blog\/wp-json\/wp\/v2\/users\/2"}],"replies":[{"embeddable":true,"href":"https:\/\/www.medela-vital.de\/blog\/wp-json\/wp\/v2\/comments?post=268"}],"version-history":[{"count":7,"href":"https:\/\/www.medela-vital.de\/blog\/wp-json\/wp\/v2\/posts\/268\/revisions"}],"predecessor-version":[{"id":280,"href":"https:\/\/www.medela-vital.de\/blog\/wp-json\/wp\/v2\/posts\/268\/revisions\/280"}],"wp:featuredmedia":[{"embeddable":true,"href":"https:\/\/www.medela-vital.de\/blog\/wp-json\/wp\/v2\/media\/270"}],"wp:attachment":[{"href":"https:\/\/www.medela-vital.de\/blog\/wp-json\/wp\/v2\/media?parent=268"}],"wp:term":[{"taxonomy":"category","embeddable":true,"href":"https:\/\/www.medela-vital.de\/blog\/wp-json\/wp\/v2\/categories?post=268"},{"taxonomy":"post_tag","embeddable":true,"href":"https:\/\/www.medela-vital.de\/blog\/wp-json\/wp\/v2\/tags?post=268"}],"curies":[{"name":"wp","href":"https:\/\/api.w.org\/{rel}","templated":true}]}}