{"id":257,"date":"2020-01-03T10:09:17","date_gmt":"2020-01-03T09:09:17","guid":{"rendered":"https:\/\/www.medela-vital.de\/blog\/?p=257"},"modified":"2021-03-07T17:15:26","modified_gmt":"2021-03-07T16:15:26","slug":"allergie-und-vitalpilze","status":"publish","type":"post","link":"https:\/\/www.medela-vital.de\/blog\/allergie-und-vitalpilze\/","title":{"rendered":"Allergie und Vitalpilze"},"content":{"rendered":"\n<div class=\"wp-block-cover has-background-dim\" style=\"background-image:url(https:\/\/www.medela-vital.de\/blog\/wp-content\/uploads\/2020\/01\/plant-691394_640-1.jpg)\"><div class=\"wp-block-cover__inner-container is-layout-flow wp-block-cover-is-layout-flow\">\n<p style=\"text-align:center\" class=\"has-large-font-size\">Mit Vitalpilzen Allergien bek\u00e4mpfen<\/p>\n\n\n\n<p>&#8230;wir zeigen Euch wie Vitalpilze bei Allergien unterst\u00fctzend eingesetzt werden k\u00f6nnen&#8230;<\/p>\n<\/div><\/div>\n\n\n\n<h3 class=\"wp-block-heading\">Was sind Allergien?<\/h3>\n\n\n\n<p style=\"text-align:left\">Allergien sind Krankheiten, f\u00fcr die unser Immunsystem verantwortlich ist. Besonders verbreitet sind Allergien vom Typ I. Der Heuschnupfen oder Asthma geh\u00f6ren zu diesem &#8222;Soforttyp&#8220;, da die allergische Reaktion unmittelbar nach dem Kontakt mit dem jeweiligen Allergen auftritt. Allergien k\u00f6nnen in jeder Phase des Lebens entstehen. So dringen beim Atmen, bei der Nahrungsaufnahme, bei Ber\u00fchrungen etc. st\u00e4ndig k\u00f6rperfremde Stoffe in unseren Organismus ein. <\/p>\n\n\n\n<!--more-->\n\n\n\n<p>F\u00fcr unser Abwehrsystem sind diese Stoffe zun\u00e4chst Fremdstoffe (Antigene), weshalb unser Immunsystem aktiv wird und Antik\u00f6rper bildet. Das ist ein \u00fcberaus n\u00fctzlicher Vorgang um unseren K\u00f6rper z.B. gegen Krankheitserreger oder sch\u00e4dliche Fremdk\u00f6rper zu sch\u00fctzen. Anders als der Gesunde reagiert der Allergiker aber nach dem Kontakt mit einem Allergen mit einer \u00dcberproduktion spezieller Antik\u00f6rper, so genannter Immunglobuline E (IgE). Mit diesem Vorgang, der Sensibilisierung genannt wird, hat der K\u00f6rper eine Art Steckbrief zur Erkennung des Allergens angelegt, ohne dass es der Betroffene zun\u00e4chst merkt. Kommt es sp\u00e4ter zu einem erneuten Kontakt mit dem Allergen, reagiert der K\u00f6rper sofort: Es kommt zu allergischen Reaktionen, d.h. die IgE-Antik\u00f6rper aus den Mastzellen erkennen das Allergen wieder und bewirken die Aussch\u00fcttung von Botenstoffen aus den Zellen.<\/p>\n\n\n\n<p>Der wichtigste Botenstoff ist das Histamin. Es wird sehr schnell \u00fcber den ganzen K\u00f6rper verteilt und f\u00fchrt zu den bekannten heftigen und unangenehmen Reaktionen wie Augentr\u00e4nen, Juckreiz, Flie\u00dfschnupfen und in manchen F\u00e4llen sogar zu Herzrasen und Atemnot. Bei allergischen Reaktionen antwortet der K\u00f6rper also auf im Allgemeinen harmlose Stoffe mit unangemessener Heftigkeit, das Immunsystem schie\u00dft also \u00fcber das eigentliche Ziel hinaus.<\/p>\n\n\n\n<p>Neben dem hier beschriebenen Mechanismus einer allergischen Reaktion, der durch gewisse Eiwei\u00dfstoffe in Gang gesetzt wird, gibt es andere, an deren Ausbildung vor allem eosinophile Zellen beteiligt sind. Diese Allergie tritt oft verz\u00f6gert nach 24-48 h ein (Typ IV Allergie), da der K\u00f6rper diese Abwehrzellen erst &#8222;losschicken&#8220; muss. Diese Allergie tritt oft bei Nahrungsmitteln ein und betrifft meistens den Verdauungstrakt.<\/p>\n\n\n\n<h3 class=\"wp-block-heading\">Was kann man tun?<\/h3>\n\n\n\n<p>Um Allergien zu lindern gibt es verschiedene M\u00f6glichkeiten:<\/p>\n\n\n\n<ol class=\"wp-block-list\"><li>Die Meidung von Kontakten (insofern man den ausl\u00f6senden Stoff kennt) &#8211; oftmals leider nicht immer komplett m\u00f6glich wie beispielsweise bei Pollen- oder Stauballergien<\/li><li>Die Einnahme von Medikamenten &#8211; damit k\u00f6nnen Beschwerden gelindert werden und vorbeugend auch die Aussch\u00fcttung der Botenstoffe gehemmt werden<\/li><li>Die Hypersensibilisierung &#8211; diese Methode ist nicht bei allen Allergien m\u00f6glich und sehr langwierig, allerdings auch am erfolgreichsten und langanhaltendsten. Hier wird versucht den Organismus langsam an das Allergen heranzuf\u00fchren und eine Toleranz dagegen entwickeln zu lassen.<\/li><\/ol>\n\n\n\n<p>Neben all diesen Behandlungsmethode bringt in vielen F\u00e4llen der Einsatz von Naturheilverfahren, wie z.B. Akupunktur oder die Einnahme von pflanzlichen Mitteln Linderung. Auch Vitalpilze haben sich bei der Bek\u00e4mpfung von Allergien als hilfreich erwiesen. Diese k\u00f6nnen beruhigend auf das \u00fcberschie\u00dfende Immunsystem wirken. Das ist haupts\u00e4chlich den enthaltenen Polysacchariden und Triterpenen zuzuschreiben.  Zus\u00e4tzlich verhalten sich die Vitalpilze adaptogen. Adaptogene sind gewisserma\u00dfen &#8222;mitdenkende&#8220; Natursubstanzen, die das Verm\u00f6gen des menschlichen Organismus erh\u00f6hen, sich auf bestimmte Situationen (Stress, Krankheit usw.) einzustellen und durch die Steigerung der Immunabwehr diese zu bew\u00e4ltigen. <\/p>\n\n\n\n<h2 class=\"wp-block-heading\">Welche Vitalpilze k\u00f6nnen helfen?<\/h2>\n\n\n\n<p>Bei Allergien gibt es viele positive Berichte mit Vitalpilzen, besonders werden hier der <a href=\"https:\/\/www.medela-vital.de\/reishi-kapseln.html\">Reishi<\/a>, <a href=\"https:\/\/www.medela-vital.de\/shiitake-kapseln.html\">Shiitake<\/a>, <a href=\"https:\/\/www.medela-vital.de\/bio-hericium-kapseln-140-stueck.html\">Hericium <\/a>und <a href=\"https:\/\/www.medela-vital.de\/bio-agaricus-kapseln-140-stueck.html\">Agaricus <\/a>hervorgehoben. <\/p>\n\n\n\n<p>Gut wirksam gegen allergische Reaktionen sind wohl die sogenannten Triterpenoide, welche vor allem im Reishi enthalten sind und die Histaminaussch\u00fcttung hemmen sollen. Der Hericium wird gerne bei Allergien im Magen-Darm-Bereich angewendet. Der Agaricus wird in Heilpraxen bei Bl\u00fctenstauballergie eingesetzt.<\/p>\n","protected":false},"excerpt":{"rendered":"<p>Was sind Allergien? Allergien sind Krankheiten, f\u00fcr die unser Immunsystem verantwortlich ist. Besonders verbreitet sind Allergien vom Typ I. Der Heuschnupfen oder Asthma geh\u00f6ren zu diesem &#8222;Soforttyp&#8220;, da die allergische Reaktion unmittelbar nach dem Kontakt mit dem jeweiligen Allergen auftritt. Allergien k\u00f6nnen in jeder Phase des Lebens entstehen. So dringen beim Atmen, bei der Nahrungsaufnahme, &hellip; <a href=\"https:\/\/www.medela-vital.de\/blog\/allergie-und-vitalpilze\/\">Weiterlesen<\/a><\/p>\n","protected":false},"author":2,"featured_media":37,"comment_status":"closed","ping_status":"open","sticky":false,"template":"","format":"standard","meta":{"footnotes":""},"categories":[1],"tags":[],"class_list":["post-257","post","type-post","status-publish","format-standard","has-post-thumbnail","hentry","category-allgemein"],"yoast_head":"<!-- This site is optimized with the Yoast SEO plugin v27.4 - https:\/\/yoast.com\/product\/yoast-seo-wordpress\/ -->\n<title>Allergie und Vitalpilze - medela-vital<\/title>\n<meta name=\"robots\" content=\"index, follow, max-snippet:-1, max-image-preview:large, max-video-preview:-1\" \/>\n<link rel=\"canonical\" href=\"https:\/\/www.medela-vital.de\/blog\/allergie-und-vitalpilze\/\" \/>\n<meta property=\"og:locale\" content=\"de_DE\" \/>\n<meta property=\"og:type\" content=\"article\" \/>\n<meta property=\"og:title\" content=\"Allergie und Vitalpilze - medela-vital\" \/>\n<meta property=\"og:description\" content=\"Was sind Allergien? Allergien sind Krankheiten, f\u00fcr die unser Immunsystem verantwortlich ist. Besonders verbreitet sind Allergien vom Typ I. Der Heuschnupfen oder Asthma geh\u00f6ren zu diesem &#8222;Soforttyp&#8220;, da die allergische Reaktion unmittelbar nach dem Kontakt mit dem jeweiligen Allergen auftritt. Allergien k\u00f6nnen in jeder Phase des Lebens entstehen. So dringen beim Atmen, bei der Nahrungsaufnahme, &hellip; Weiterlesen\" \/>\n<meta property=\"og:url\" content=\"https:\/\/www.medela-vital.de\/blog\/allergie-und-vitalpilze\/\" \/>\n<meta property=\"og:site_name\" content=\"medela-vital\" \/>\n<meta property=\"article:publisher\" content=\"https:\/\/de-de.facebook.com\/medelavital\/\" \/>\n<meta property=\"article:published_time\" content=\"2020-01-03T09:09:17+00:00\" \/>\n<meta property=\"article:modified_time\" content=\"2021-03-07T16:15:26+00:00\" \/>\n<meta property=\"og:image\" content=\"https:\/\/www.medela-vital.de\/blog\/wp-content\/uploads\/2017\/08\/dandelion-1806772_640.jpg\" \/>\n\t<meta property=\"og:image:width\" content=\"426\" \/>\n\t<meta property=\"og:image:height\" content=\"640\" \/>\n\t<meta property=\"og:image:type\" content=\"image\/jpeg\" \/>\n<meta name=\"author\" content=\"Nadine Geier\" \/>\n<meta name=\"twitter:card\" content=\"summary_large_image\" \/>\n<meta name=\"twitter:label1\" content=\"Verfasst von\" \/>\n\t<meta name=\"twitter:data1\" content=\"Nadine Geier\" \/>\n\t<meta name=\"twitter:label2\" content=\"Gesch\u00e4tzte Lesezeit\" \/>\n\t<meta name=\"twitter:data2\" content=\"3\u00a0Minuten\" \/>\n<script type=\"application\/ld+json\" class=\"yoast-schema-graph\">{\"@context\":\"https:\\\/\\\/schema.org\",\"@graph\":[{\"@type\":\"Article\",\"@id\":\"https:\\\/\\\/www.medela-vital.de\\\/blog\\\/allergie-und-vitalpilze\\\/#article\",\"isPartOf\":{\"@id\":\"https:\\\/\\\/www.medela-vital.de\\\/blog\\\/allergie-und-vitalpilze\\\/\"},\"author\":{\"name\":\"Nadine Geier\",\"@id\":\"https:\\\/\\\/www.medela-vital.de\\\/blog\\\/#\\\/schema\\\/person\\\/16abb051cea55a07709767e8a0117e9d\"},\"headline\":\"Allergie und Vitalpilze\",\"datePublished\":\"2020-01-03T09:09:17+00:00\",\"dateModified\":\"2021-03-07T16:15:26+00:00\",\"mainEntityOfPage\":{\"@id\":\"https:\\\/\\\/www.medela-vital.de\\\/blog\\\/allergie-und-vitalpilze\\\/\"},\"wordCount\":621,\"publisher\":{\"@id\":\"https:\\\/\\\/www.medela-vital.de\\\/blog\\\/#organization\"},\"image\":{\"@id\":\"https:\\\/\\\/www.medela-vital.de\\\/blog\\\/allergie-und-vitalpilze\\\/#primaryimage\"},\"thumbnailUrl\":\"https:\\\/\\\/www.medela-vital.de\\\/blog\\\/wp-content\\\/uploads\\\/2017\\\/08\\\/dandelion-1806772_640.jpg\",\"inLanguage\":\"de\"},{\"@type\":\"WebPage\",\"@id\":\"https:\\\/\\\/www.medela-vital.de\\\/blog\\\/allergie-und-vitalpilze\\\/\",\"url\":\"https:\\\/\\\/www.medela-vital.de\\\/blog\\\/allergie-und-vitalpilze\\\/\",\"name\":\"Allergie und Vitalpilze - medela-vital\",\"isPartOf\":{\"@id\":\"https:\\\/\\\/www.medela-vital.de\\\/blog\\\/#website\"},\"primaryImageOfPage\":{\"@id\":\"https:\\\/\\\/www.medela-vital.de\\\/blog\\\/allergie-und-vitalpilze\\\/#primaryimage\"},\"image\":{\"@id\":\"https:\\\/\\\/www.medela-vital.de\\\/blog\\\/allergie-und-vitalpilze\\\/#primaryimage\"},\"thumbnailUrl\":\"https:\\\/\\\/www.medela-vital.de\\\/blog\\\/wp-content\\\/uploads\\\/2017\\\/08\\\/dandelion-1806772_640.jpg\",\"datePublished\":\"2020-01-03T09:09:17+00:00\",\"dateModified\":\"2021-03-07T16:15:26+00:00\",\"breadcrumb\":{\"@id\":\"https:\\\/\\\/www.medela-vital.de\\\/blog\\\/allergie-und-vitalpilze\\\/#breadcrumb\"},\"inLanguage\":\"de\",\"potentialAction\":[{\"@type\":\"ReadAction\",\"target\":[\"https:\\\/\\\/www.medela-vital.de\\\/blog\\\/allergie-und-vitalpilze\\\/\"]}]},{\"@type\":\"ImageObject\",\"inLanguage\":\"de\",\"@id\":\"https:\\\/\\\/www.medela-vital.de\\\/blog\\\/allergie-und-vitalpilze\\\/#primaryimage\",\"url\":\"https:\\\/\\\/www.medela-vital.de\\\/blog\\\/wp-content\\\/uploads\\\/2017\\\/08\\\/dandelion-1806772_640.jpg\",\"contentUrl\":\"https:\\\/\\\/www.medela-vital.de\\\/blog\\\/wp-content\\\/uploads\\\/2017\\\/08\\\/dandelion-1806772_640.jpg\",\"width\":426,\"height\":640,\"caption\":\"Pollen Allergie\"},{\"@type\":\"BreadcrumbList\",\"@id\":\"https:\\\/\\\/www.medela-vital.de\\\/blog\\\/allergie-und-vitalpilze\\\/#breadcrumb\",\"itemListElement\":[{\"@type\":\"ListItem\",\"position\":1,\"name\":\"Startseite\",\"item\":\"https:\\\/\\\/www.medela-vital.de\\\/blog\\\/\"},{\"@type\":\"ListItem\",\"position\":2,\"name\":\"Allergie und Vitalpilze\"}]},{\"@type\":\"WebSite\",\"@id\":\"https:\\\/\\\/www.medela-vital.de\\\/blog\\\/#website\",\"url\":\"https:\\\/\\\/www.medela-vital.de\\\/blog\\\/\",\"name\":\"medela-vital\",\"description\":\"Unser neuer Vitalpilze-Blog\",\"publisher\":{\"@id\":\"https:\\\/\\\/www.medela-vital.de\\\/blog\\\/#organization\"},\"potentialAction\":[{\"@type\":\"SearchAction\",\"target\":{\"@type\":\"EntryPoint\",\"urlTemplate\":\"https:\\\/\\\/www.medela-vital.de\\\/blog\\\/?s={search_term_string}\"},\"query-input\":{\"@type\":\"PropertyValueSpecification\",\"valueRequired\":true,\"valueName\":\"search_term_string\"}}],\"inLanguage\":\"de\"},{\"@type\":\"Organization\",\"@id\":\"https:\\\/\\\/www.medela-vital.de\\\/blog\\\/#organization\",\"name\":\"Medela-vital\",\"url\":\"https:\\\/\\\/www.medela-vital.de\\\/blog\\\/\",\"logo\":{\"@type\":\"ImageObject\",\"inLanguage\":\"de\",\"@id\":\"https:\\\/\\\/www.medela-vital.de\\\/blog\\\/#\\\/schema\\\/logo\\\/image\\\/\",\"url\":\"https:\\\/\\\/www.medela-vital.de\\\/blog\\\/wp-content\\\/uploads\\\/2017\\\/12\\\/logo-medela-vital_logo.png\",\"contentUrl\":\"https:\\\/\\\/www.medela-vital.de\\\/blog\\\/wp-content\\\/uploads\\\/2017\\\/12\\\/logo-medela-vital_logo.png\",\"width\":739,\"height\":273,\"caption\":\"Medela-vital\"},\"image\":{\"@id\":\"https:\\\/\\\/www.medela-vital.de\\\/blog\\\/#\\\/schema\\\/logo\\\/image\\\/\"},\"sameAs\":[\"https:\\\/\\\/de-de.facebook.com\\\/medelavital\\\/\"]},{\"@type\":\"Person\",\"@id\":\"https:\\\/\\\/www.medela-vital.de\\\/blog\\\/#\\\/schema\\\/person\\\/16abb051cea55a07709767e8a0117e9d\",\"name\":\"Nadine Geier\",\"image\":{\"@type\":\"ImageObject\",\"inLanguage\":\"de\",\"@id\":\"https:\\\/\\\/secure.gravatar.com\\\/avatar\\\/92f1221f9fe110245bd315644e646de046d9246fade9f84be1b709ca4aacf355?s=96&d=mm&r=g\",\"url\":\"https:\\\/\\\/secure.gravatar.com\\\/avatar\\\/92f1221f9fe110245bd315644e646de046d9246fade9f84be1b709ca4aacf355?s=96&d=mm&r=g\",\"contentUrl\":\"https:\\\/\\\/secure.gravatar.com\\\/avatar\\\/92f1221f9fe110245bd315644e646de046d9246fade9f84be1b709ca4aacf355?s=96&d=mm&r=g\",\"caption\":\"Nadine Geier\"},\"sameAs\":[\"http:\\\/\\\/www.medela-vital.de\"]}]}<\/script>\n<!-- \/ Yoast SEO plugin. -->","yoast_head_json":{"title":"Allergie und Vitalpilze - medela-vital","robots":{"index":"index","follow":"follow","max-snippet":"max-snippet:-1","max-image-preview":"max-image-preview:large","max-video-preview":"max-video-preview:-1"},"canonical":"https:\/\/www.medela-vital.de\/blog\/allergie-und-vitalpilze\/","og_locale":"de_DE","og_type":"article","og_title":"Allergie und Vitalpilze - medela-vital","og_description":"Was sind Allergien? Allergien sind Krankheiten, f\u00fcr die unser Immunsystem verantwortlich ist. Besonders verbreitet sind Allergien vom Typ I. Der Heuschnupfen oder Asthma geh\u00f6ren zu diesem &#8222;Soforttyp&#8220;, da die allergische Reaktion unmittelbar nach dem Kontakt mit dem jeweiligen Allergen auftritt. Allergien k\u00f6nnen in jeder Phase des Lebens entstehen. So dringen beim Atmen, bei der Nahrungsaufnahme, &hellip; Weiterlesen","og_url":"https:\/\/www.medela-vital.de\/blog\/allergie-und-vitalpilze\/","og_site_name":"medela-vital","article_publisher":"https:\/\/de-de.facebook.com\/medelavital\/","article_published_time":"2020-01-03T09:09:17+00:00","article_modified_time":"2021-03-07T16:15:26+00:00","og_image":[{"width":426,"height":640,"url":"https:\/\/www.medela-vital.de\/blog\/wp-content\/uploads\/2017\/08\/dandelion-1806772_640.jpg","type":"image\/jpeg"}],"author":"Nadine Geier","twitter_card":"summary_large_image","twitter_misc":{"Verfasst von":"Nadine Geier","Gesch\u00e4tzte Lesezeit":"3\u00a0Minuten"},"schema":{"@context":"https:\/\/schema.org","@graph":[{"@type":"Article","@id":"https:\/\/www.medela-vital.de\/blog\/allergie-und-vitalpilze\/#article","isPartOf":{"@id":"https:\/\/www.medela-vital.de\/blog\/allergie-und-vitalpilze\/"},"author":{"name":"Nadine Geier","@id":"https:\/\/www.medela-vital.de\/blog\/#\/schema\/person\/16abb051cea55a07709767e8a0117e9d"},"headline":"Allergie und Vitalpilze","datePublished":"2020-01-03T09:09:17+00:00","dateModified":"2021-03-07T16:15:26+00:00","mainEntityOfPage":{"@id":"https:\/\/www.medela-vital.de\/blog\/allergie-und-vitalpilze\/"},"wordCount":621,"publisher":{"@id":"https:\/\/www.medela-vital.de\/blog\/#organization"},"image":{"@id":"https:\/\/www.medela-vital.de\/blog\/allergie-und-vitalpilze\/#primaryimage"},"thumbnailUrl":"https:\/\/www.medela-vital.de\/blog\/wp-content\/uploads\/2017\/08\/dandelion-1806772_640.jpg","inLanguage":"de"},{"@type":"WebPage","@id":"https:\/\/www.medela-vital.de\/blog\/allergie-und-vitalpilze\/","url":"https:\/\/www.medela-vital.de\/blog\/allergie-und-vitalpilze\/","name":"Allergie und Vitalpilze - medela-vital","isPartOf":{"@id":"https:\/\/www.medela-vital.de\/blog\/#website"},"primaryImageOfPage":{"@id":"https:\/\/www.medela-vital.de\/blog\/allergie-und-vitalpilze\/#primaryimage"},"image":{"@id":"https:\/\/www.medela-vital.de\/blog\/allergie-und-vitalpilze\/#primaryimage"},"thumbnailUrl":"https:\/\/www.medela-vital.de\/blog\/wp-content\/uploads\/2017\/08\/dandelion-1806772_640.jpg","datePublished":"2020-01-03T09:09:17+00:00","dateModified":"2021-03-07T16:15:26+00:00","breadcrumb":{"@id":"https:\/\/www.medela-vital.de\/blog\/allergie-und-vitalpilze\/#breadcrumb"},"inLanguage":"de","potentialAction":[{"@type":"ReadAction","target":["https:\/\/www.medela-vital.de\/blog\/allergie-und-vitalpilze\/"]}]},{"@type":"ImageObject","inLanguage":"de","@id":"https:\/\/www.medela-vital.de\/blog\/allergie-und-vitalpilze\/#primaryimage","url":"https:\/\/www.medela-vital.de\/blog\/wp-content\/uploads\/2017\/08\/dandelion-1806772_640.jpg","contentUrl":"https:\/\/www.medela-vital.de\/blog\/wp-content\/uploads\/2017\/08\/dandelion-1806772_640.jpg","width":426,"height":640,"caption":"Pollen Allergie"},{"@type":"BreadcrumbList","@id":"https:\/\/www.medela-vital.de\/blog\/allergie-und-vitalpilze\/#breadcrumb","itemListElement":[{"@type":"ListItem","position":1,"name":"Startseite","item":"https:\/\/www.medela-vital.de\/blog\/"},{"@type":"ListItem","position":2,"name":"Allergie und Vitalpilze"}]},{"@type":"WebSite","@id":"https:\/\/www.medela-vital.de\/blog\/#website","url":"https:\/\/www.medela-vital.de\/blog\/","name":"medela-vital","description":"Unser neuer Vitalpilze-Blog","publisher":{"@id":"https:\/\/www.medela-vital.de\/blog\/#organization"},"potentialAction":[{"@type":"SearchAction","target":{"@type":"EntryPoint","urlTemplate":"https:\/\/www.medela-vital.de\/blog\/?s={search_term_string}"},"query-input":{"@type":"PropertyValueSpecification","valueRequired":true,"valueName":"search_term_string"}}],"inLanguage":"de"},{"@type":"Organization","@id":"https:\/\/www.medela-vital.de\/blog\/#organization","name":"Medela-vital","url":"https:\/\/www.medela-vital.de\/blog\/","logo":{"@type":"ImageObject","inLanguage":"de","@id":"https:\/\/www.medela-vital.de\/blog\/#\/schema\/logo\/image\/","url":"https:\/\/www.medela-vital.de\/blog\/wp-content\/uploads\/2017\/12\/logo-medela-vital_logo.png","contentUrl":"https:\/\/www.medela-vital.de\/blog\/wp-content\/uploads\/2017\/12\/logo-medela-vital_logo.png","width":739,"height":273,"caption":"Medela-vital"},"image":{"@id":"https:\/\/www.medela-vital.de\/blog\/#\/schema\/logo\/image\/"},"sameAs":["https:\/\/de-de.facebook.com\/medelavital\/"]},{"@type":"Person","@id":"https:\/\/www.medela-vital.de\/blog\/#\/schema\/person\/16abb051cea55a07709767e8a0117e9d","name":"Nadine Geier","image":{"@type":"ImageObject","inLanguage":"de","@id":"https:\/\/secure.gravatar.com\/avatar\/92f1221f9fe110245bd315644e646de046d9246fade9f84be1b709ca4aacf355?s=96&d=mm&r=g","url":"https:\/\/secure.gravatar.com\/avatar\/92f1221f9fe110245bd315644e646de046d9246fade9f84be1b709ca4aacf355?s=96&d=mm&r=g","contentUrl":"https:\/\/secure.gravatar.com\/avatar\/92f1221f9fe110245bd315644e646de046d9246fade9f84be1b709ca4aacf355?s=96&d=mm&r=g","caption":"Nadine Geier"},"sameAs":["http:\/\/www.medela-vital.de"]}]}},"_links":{"self":[{"href":"https:\/\/www.medela-vital.de\/blog\/wp-json\/wp\/v2\/posts\/257","targetHints":{"allow":["GET"]}}],"collection":[{"href":"https:\/\/www.medela-vital.de\/blog\/wp-json\/wp\/v2\/posts"}],"about":[{"href":"https:\/\/www.medela-vital.de\/blog\/wp-json\/wp\/v2\/types\/post"}],"author":[{"embeddable":true,"href":"https:\/\/www.medela-vital.de\/blog\/wp-json\/wp\/v2\/users\/2"}],"replies":[{"embeddable":true,"href":"https:\/\/www.medela-vital.de\/blog\/wp-json\/wp\/v2\/comments?post=257"}],"version-history":[{"count":5,"href":"https:\/\/www.medela-vital.de\/blog\/wp-json\/wp\/v2\/posts\/257\/revisions"}],"predecessor-version":[{"id":266,"href":"https:\/\/www.medela-vital.de\/blog\/wp-json\/wp\/v2\/posts\/257\/revisions\/266"}],"wp:featuredmedia":[{"embeddable":true,"href":"https:\/\/www.medela-vital.de\/blog\/wp-json\/wp\/v2\/media\/37"}],"wp:attachment":[{"href":"https:\/\/www.medela-vital.de\/blog\/wp-json\/wp\/v2\/media?parent=257"}],"wp:term":[{"taxonomy":"category","embeddable":true,"href":"https:\/\/www.medela-vital.de\/blog\/wp-json\/wp\/v2\/categories?post=257"},{"taxonomy":"post_tag","embeddable":true,"href":"https:\/\/www.medela-vital.de\/blog\/wp-json\/wp\/v2\/tags?post=257"}],"curies":[{"name":"wp","href":"https:\/\/api.w.org\/{rel}","templated":true}]}}