{"id":248,"date":"2019-12-18T10:09:28","date_gmt":"2019-12-18T09:09:28","guid":{"rendered":"https:\/\/www.medela-vital.de\/blog\/?p=248"},"modified":"2021-03-07T17:15:26","modified_gmt":"2021-03-07T16:15:26","slug":"vitalpilze-unter-dem-weihnachtsbaum","status":"publish","type":"post","link":"https:\/\/www.medela-vital.de\/blog\/vitalpilze-unter-dem-weihnachtsbaum\/","title":{"rendered":"Vitalpilze unter dem Weihnachtsbaum"},"content":{"rendered":"\n<figure class=\"wp-block-image\"><img loading=\"lazy\" decoding=\"async\" width=\"640\" height=\"426\" src=\"https:\/\/www.medela-vital.de\/blog\/wp-content\/uploads\/2019\/12\/christmas-1869902_640.jpg\" alt=\"Weihnachtsgeschenk Vitalpilze\" class=\"wp-image-250\" srcset=\"https:\/\/www.medela-vital.de\/blog\/wp-content\/uploads\/2019\/12\/christmas-1869902_640.jpg 640w, https:\/\/www.medela-vital.de\/blog\/wp-content\/uploads\/2019\/12\/christmas-1869902_640-300x200.jpg 300w\" sizes=\"auto, (max-width: 640px) 100vw, 640px\" \/><\/figure>\n\n\n\n<p style=\"text-align:left\">Jeder kennt das Problem. Was schenke ich zu Weihnachten? Was bei Kindern durch lange Wunschzettel noch h\u00e4ufig recht einfach ist, wird bei Erwachsenen schon eher schwierig. Doch wieso nicht einen Geschenkekorb mit verschiedenen Vitalpilzen zusammenstellen und unter den Weihnachtsbaum legen? Wir zeigen Euch was Vitalpilze k\u00f6nnen und weshalb sie wirklich eine gute Geschenkidee f\u00fcr Jedermann oder Frau sind. <\/p>\n\n\n\n<!--more-->\n\n\n\n<h2 class=\"wp-block-heading\">Was sind Vitalpilze?<\/h2>\n\n\n\n<p>Pilze waren schon von immer bei den Menschen begehrt und gef\u00fcrchtet zugleich \u2013 als Nahrungsquelle einerseits, als Giftproduzenten, Krankheitserreger oder Schadorganismen andererseits.<\/p>\n\n\n\n<p>Ohne die Mitwirkung ganz unterschiedlicher Pilzarten ist die Herstellung wichtiger Nahrungs- und Genussmittel, wie zum Beispiel K\u00e4se oder Wein gar nicht m\u00f6glich.<\/p>\n\n\n\n<p>Die Inhaltsstoffe der Vitalpilze sind ern\u00e4hrungsphysiologisch sehr wertvoll und nicht umsonst nennt man diese Pilze auch Gesundheitspilze. Die Pilze beeinflussen viele lebenswichtige K\u00f6rperfunktionen, k\u00f6nnen den Alterungsprozess verlangsamen und bewirken oder unterst\u00fctzen die Besserung bei zahlreichen Beschwerden und dies ohne Nebenwirkungen.<\/p>\n\n\n\n<p>Durch den geringen Kaloriengehalt der Gesundheitspilze, die entschlackenden Inhaltsstoffe und den reichlichen Anteil an lebenswichtigen N\u00e4hrstoffen besitzen die Vitalpilze und Heilpilze einen unerl\u00e4sslichen Wert bei Di\u00e4ten. Somit ist die allgemein vitalisierende, lebensverl\u00e4ngernde und jung erhaltende Wirkung der Vitalpilze und Heilpilze nicht mehr nur allein durch die Erfahrungen der Traditionellen Chinesischen Medizin \u00fcberliefert, sondern inzwischen auch durch die Wissenschaft und die moderne medizinische Praxis belegt.<\/p>\n\n\n\n<p>Vitalpilze und Heilpilze sind keine alten oder gar neuen \u201eWundermittel\u201c aus der Welt der Natur. Sie k\u00f6nnen die k\u00f6rpereigenen Regulationsmechanismen positiv beeinflussen und eine ganzheitliche, die Selbstheilungskr\u00e4fte des K\u00f6rpers anregende Wirkung entfalten. In zahlreichen wissenschaftlichen Studien konnte nachgewiesen werden, dass einige Inhaltsstoffe der Pilze unser Immunsystem ungew\u00f6hnlich stark aktivieren. <\/p>\n\n\n\n<p>An dieser Stelle warnen wir ausdr\u00fccklich vor allzu hohen Erwartungen an die Pilze, denn jeder Erkrankung muss ein Einsatz von Vitalpilzen stets mit einem Arzt oder einem Heilpraktiker beraten werden. <\/p>\n\n\n\n<h3 class=\"wp-block-heading\">Warum Vitalpilze unter dem Weihnachtsbaum eine gute Idee sind<\/h3>\n\n\n\n<p>Der Vitalpilze Reishi ist ein sehr bekannter Pilz aus der TCM und eignet sich somit hervorragend als Weihnachtsgeschenk, da er allgemein und ganzheitlich den K\u00f6rper positiv beeinflussen kann. Besonders unser Aktionsangebot bestehend aus Reishi und Cordyceps eignet sich als kleine Gabe unter dem Baum. Es ist eine besondere Geschenkidee und wird den Lieben sicher ein L\u00e4cheln auf die Lippen zaubern. So k\u00f6nnt Ihr zeigen, dass Euch die Gesundheit derer wirklich am Herzen liegt.<\/p>\n\n\n\n<p><\/p>\n\n\n\n<div class=\"wp-block-image\"><figure class=\"aligncenter\"><img loading=\"lazy\" decoding=\"async\" width=\"1024\" height=\"742\" src=\"https:\/\/www.medela-vital.de\/blog\/wp-content\/uploads\/2019\/12\/Weihnachtssparset-1024x742.jpg\" alt=\"Weihnachtssparset\" class=\"wp-image-249\" srcset=\"https:\/\/www.medela-vital.de\/blog\/wp-content\/uploads\/2019\/12\/Weihnachtssparset-1024x742.jpg 1024w, https:\/\/www.medela-vital.de\/blog\/wp-content\/uploads\/2019\/12\/Weihnachtssparset-300x217.jpg 300w, https:\/\/www.medela-vital.de\/blog\/wp-content\/uploads\/2019\/12\/Weihnachtssparset-768x557.jpg 768w, https:\/\/www.medela-vital.de\/blog\/wp-content\/uploads\/2019\/12\/Weihnachtssparset.jpg 1380w\" sizes=\"auto, (max-width: 1024px) 100vw, 1024px\" \/><figcaption> <a href=\"https:\/\/www.medela-vital.de\/winterkombi-set-bio-reishi-cordyceps-sinensis.html\">https:\/\/www.medela-vital.de\/winterkombi-set-bio-reishi-cordyceps-sinensis.html<\/a> <\/figcaption><\/figure><\/div>\n\n\n\n<p><\/p>\n","protected":false},"excerpt":{"rendered":"<p>Vitalpilze zu Weihnachten verschenken? Warum nicht- wir zeigen weshalb Vitalpilze eine tolle Geschenkidee sind.<\/p>\n","protected":false},"author":2,"featured_media":250,"comment_status":"closed","ping_status":"open","sticky":false,"template":"","format":"standard","meta":{"footnotes":""},"categories":[1,2],"tags":[],"class_list":["post-248","post","type-post","status-publish","format-standard","has-post-thumbnail","hentry","category-allgemein","category-vitalpilze"],"yoast_head":"<!-- This site is optimized with the Yoast SEO plugin v27.4 - https:\/\/yoast.com\/product\/yoast-seo-wordpress\/ -->\n<title>Vitalpilze unter dem Weihnachtsbaum-eine tolle Geschenkidee<\/title>\n<meta name=\"description\" content=\"Vitalpilze unter dem Weihnachtsbaum zeigen den Lieben dass einem deren Gesundheit am Herzen liegt. Verschenkt dieses Gl\u00fcck\" \/>\n<meta name=\"robots\" content=\"index, follow, max-snippet:-1, max-image-preview:large, max-video-preview:-1\" \/>\n<link rel=\"canonical\" href=\"https:\/\/www.medela-vital.de\/blog\/vitalpilze-unter-dem-weihnachtsbaum\/\" \/>\n<meta property=\"og:locale\" content=\"de_DE\" \/>\n<meta property=\"og:type\" content=\"article\" \/>\n<meta property=\"og:title\" content=\"Vitalpilze unter dem Weihnachtsbaum-eine tolle Geschenkidee\" \/>\n<meta property=\"og:description\" content=\"Vitalpilze unter dem Weihnachtsbaum zeigen den Lieben dass einem deren Gesundheit am Herzen liegt. Verschenkt dieses Gl\u00fcck\" \/>\n<meta property=\"og:url\" content=\"https:\/\/www.medela-vital.de\/blog\/vitalpilze-unter-dem-weihnachtsbaum\/\" \/>\n<meta property=\"og:site_name\" content=\"medela-vital\" \/>\n<meta property=\"article:publisher\" content=\"https:\/\/de-de.facebook.com\/medelavital\/\" \/>\n<meta property=\"article:published_time\" content=\"2019-12-18T09:09:28+00:00\" \/>\n<meta property=\"article:modified_time\" content=\"2021-03-07T16:15:26+00:00\" \/>\n<meta property=\"og:image\" content=\"https:\/\/www.medela-vital.de\/blog\/wp-content\/uploads\/2019\/12\/christmas-1869902_640.jpg\" \/>\n\t<meta property=\"og:image:width\" content=\"640\" \/>\n\t<meta property=\"og:image:height\" content=\"426\" \/>\n\t<meta property=\"og:image:type\" content=\"image\/jpeg\" \/>\n<meta name=\"author\" content=\"Nadine Geier\" \/>\n<meta name=\"twitter:card\" content=\"summary_large_image\" \/>\n<meta name=\"twitter:label1\" content=\"Verfasst von\" \/>\n\t<meta name=\"twitter:data1\" content=\"Nadine Geier\" \/>\n\t<meta name=\"twitter:label2\" content=\"Gesch\u00e4tzte Lesezeit\" \/>\n\t<meta name=\"twitter:data2\" content=\"2\u00a0Minuten\" \/>\n<script type=\"application\/ld+json\" class=\"yoast-schema-graph\">{\"@context\":\"https:\\\/\\\/schema.org\",\"@graph\":[{\"@type\":\"Article\",\"@id\":\"https:\\\/\\\/www.medela-vital.de\\\/blog\\\/vitalpilze-unter-dem-weihnachtsbaum\\\/#article\",\"isPartOf\":{\"@id\":\"https:\\\/\\\/www.medela-vital.de\\\/blog\\\/vitalpilze-unter-dem-weihnachtsbaum\\\/\"},\"author\":{\"name\":\"Nadine Geier\",\"@id\":\"https:\\\/\\\/www.medela-vital.de\\\/blog\\\/#\\\/schema\\\/person\\\/16abb051cea55a07709767e8a0117e9d\"},\"headline\":\"Vitalpilze unter dem Weihnachtsbaum\",\"datePublished\":\"2019-12-18T09:09:28+00:00\",\"dateModified\":\"2021-03-07T16:15:26+00:00\",\"mainEntityOfPage\":{\"@id\":\"https:\\\/\\\/www.medela-vital.de\\\/blog\\\/vitalpilze-unter-dem-weihnachtsbaum\\\/\"},\"wordCount\":402,\"publisher\":{\"@id\":\"https:\\\/\\\/www.medela-vital.de\\\/blog\\\/#organization\"},\"image\":{\"@id\":\"https:\\\/\\\/www.medela-vital.de\\\/blog\\\/vitalpilze-unter-dem-weihnachtsbaum\\\/#primaryimage\"},\"thumbnailUrl\":\"https:\\\/\\\/www.medela-vital.de\\\/blog\\\/wp-content\\\/uploads\\\/2019\\\/12\\\/christmas-1869902_640.jpg\",\"articleSection\":{\"1\":\"Vitalpilze\"},\"inLanguage\":\"de\"},{\"@type\":\"WebPage\",\"@id\":\"https:\\\/\\\/www.medela-vital.de\\\/blog\\\/vitalpilze-unter-dem-weihnachtsbaum\\\/\",\"url\":\"https:\\\/\\\/www.medela-vital.de\\\/blog\\\/vitalpilze-unter-dem-weihnachtsbaum\\\/\",\"name\":\"Vitalpilze unter dem Weihnachtsbaum-eine tolle Geschenkidee\",\"isPartOf\":{\"@id\":\"https:\\\/\\\/www.medela-vital.de\\\/blog\\\/#website\"},\"primaryImageOfPage\":{\"@id\":\"https:\\\/\\\/www.medela-vital.de\\\/blog\\\/vitalpilze-unter-dem-weihnachtsbaum\\\/#primaryimage\"},\"image\":{\"@id\":\"https:\\\/\\\/www.medela-vital.de\\\/blog\\\/vitalpilze-unter-dem-weihnachtsbaum\\\/#primaryimage\"},\"thumbnailUrl\":\"https:\\\/\\\/www.medela-vital.de\\\/blog\\\/wp-content\\\/uploads\\\/2019\\\/12\\\/christmas-1869902_640.jpg\",\"datePublished\":\"2019-12-18T09:09:28+00:00\",\"dateModified\":\"2021-03-07T16:15:26+00:00\",\"description\":\"Vitalpilze unter dem Weihnachtsbaum zeigen den Lieben dass einem deren Gesundheit am Herzen liegt. Verschenkt dieses Gl\u00fcck\",\"breadcrumb\":{\"@id\":\"https:\\\/\\\/www.medela-vital.de\\\/blog\\\/vitalpilze-unter-dem-weihnachtsbaum\\\/#breadcrumb\"},\"inLanguage\":\"de\",\"potentialAction\":[{\"@type\":\"ReadAction\",\"target\":[\"https:\\\/\\\/www.medela-vital.de\\\/blog\\\/vitalpilze-unter-dem-weihnachtsbaum\\\/\"]}]},{\"@type\":\"ImageObject\",\"inLanguage\":\"de\",\"@id\":\"https:\\\/\\\/www.medela-vital.de\\\/blog\\\/vitalpilze-unter-dem-weihnachtsbaum\\\/#primaryimage\",\"url\":\"https:\\\/\\\/www.medela-vital.de\\\/blog\\\/wp-content\\\/uploads\\\/2019\\\/12\\\/christmas-1869902_640.jpg\",\"contentUrl\":\"https:\\\/\\\/www.medela-vital.de\\\/blog\\\/wp-content\\\/uploads\\\/2019\\\/12\\\/christmas-1869902_640.jpg\",\"width\":640,\"height\":426,\"caption\":\"Sparset\"},{\"@type\":\"BreadcrumbList\",\"@id\":\"https:\\\/\\\/www.medela-vital.de\\\/blog\\\/vitalpilze-unter-dem-weihnachtsbaum\\\/#breadcrumb\",\"itemListElement\":[{\"@type\":\"ListItem\",\"position\":1,\"name\":\"Startseite\",\"item\":\"https:\\\/\\\/www.medela-vital.de\\\/blog\\\/\"},{\"@type\":\"ListItem\",\"position\":2,\"name\":\"Vitalpilze unter dem Weihnachtsbaum\"}]},{\"@type\":\"WebSite\",\"@id\":\"https:\\\/\\\/www.medela-vital.de\\\/blog\\\/#website\",\"url\":\"https:\\\/\\\/www.medela-vital.de\\\/blog\\\/\",\"name\":\"medela-vital\",\"description\":\"Unser neuer Vitalpilze-Blog\",\"publisher\":{\"@id\":\"https:\\\/\\\/www.medela-vital.de\\\/blog\\\/#organization\"},\"potentialAction\":[{\"@type\":\"SearchAction\",\"target\":{\"@type\":\"EntryPoint\",\"urlTemplate\":\"https:\\\/\\\/www.medela-vital.de\\\/blog\\\/?s={search_term_string}\"},\"query-input\":{\"@type\":\"PropertyValueSpecification\",\"valueRequired\":true,\"valueName\":\"search_term_string\"}}],\"inLanguage\":\"de\"},{\"@type\":\"Organization\",\"@id\":\"https:\\\/\\\/www.medela-vital.de\\\/blog\\\/#organization\",\"name\":\"Medela-vital\",\"url\":\"https:\\\/\\\/www.medela-vital.de\\\/blog\\\/\",\"logo\":{\"@type\":\"ImageObject\",\"inLanguage\":\"de\",\"@id\":\"https:\\\/\\\/www.medela-vital.de\\\/blog\\\/#\\\/schema\\\/logo\\\/image\\\/\",\"url\":\"https:\\\/\\\/www.medela-vital.de\\\/blog\\\/wp-content\\\/uploads\\\/2017\\\/12\\\/logo-medela-vital_logo.png\",\"contentUrl\":\"https:\\\/\\\/www.medela-vital.de\\\/blog\\\/wp-content\\\/uploads\\\/2017\\\/12\\\/logo-medela-vital_logo.png\",\"width\":739,\"height\":273,\"caption\":\"Medela-vital\"},\"image\":{\"@id\":\"https:\\\/\\\/www.medela-vital.de\\\/blog\\\/#\\\/schema\\\/logo\\\/image\\\/\"},\"sameAs\":[\"https:\\\/\\\/de-de.facebook.com\\\/medelavital\\\/\"]},{\"@type\":\"Person\",\"@id\":\"https:\\\/\\\/www.medela-vital.de\\\/blog\\\/#\\\/schema\\\/person\\\/16abb051cea55a07709767e8a0117e9d\",\"name\":\"Nadine Geier\",\"image\":{\"@type\":\"ImageObject\",\"inLanguage\":\"de\",\"@id\":\"https:\\\/\\\/secure.gravatar.com\\\/avatar\\\/92f1221f9fe110245bd315644e646de046d9246fade9f84be1b709ca4aacf355?s=96&d=mm&r=g\",\"url\":\"https:\\\/\\\/secure.gravatar.com\\\/avatar\\\/92f1221f9fe110245bd315644e646de046d9246fade9f84be1b709ca4aacf355?s=96&d=mm&r=g\",\"contentUrl\":\"https:\\\/\\\/secure.gravatar.com\\\/avatar\\\/92f1221f9fe110245bd315644e646de046d9246fade9f84be1b709ca4aacf355?s=96&d=mm&r=g\",\"caption\":\"Nadine Geier\"},\"sameAs\":[\"http:\\\/\\\/www.medela-vital.de\"]}]}<\/script>\n<!-- \/ Yoast SEO plugin. -->","yoast_head_json":{"title":"Vitalpilze unter dem Weihnachtsbaum-eine tolle Geschenkidee","description":"Vitalpilze unter dem Weihnachtsbaum zeigen den Lieben dass einem deren Gesundheit am Herzen liegt. Verschenkt dieses Gl\u00fcck","robots":{"index":"index","follow":"follow","max-snippet":"max-snippet:-1","max-image-preview":"max-image-preview:large","max-video-preview":"max-video-preview:-1"},"canonical":"https:\/\/www.medela-vital.de\/blog\/vitalpilze-unter-dem-weihnachtsbaum\/","og_locale":"de_DE","og_type":"article","og_title":"Vitalpilze unter dem Weihnachtsbaum-eine tolle Geschenkidee","og_description":"Vitalpilze unter dem Weihnachtsbaum zeigen den Lieben dass einem deren Gesundheit am Herzen liegt. Verschenkt dieses Gl\u00fcck","og_url":"https:\/\/www.medela-vital.de\/blog\/vitalpilze-unter-dem-weihnachtsbaum\/","og_site_name":"medela-vital","article_publisher":"https:\/\/de-de.facebook.com\/medelavital\/","article_published_time":"2019-12-18T09:09:28+00:00","article_modified_time":"2021-03-07T16:15:26+00:00","og_image":[{"width":640,"height":426,"url":"https:\/\/www.medela-vital.de\/blog\/wp-content\/uploads\/2019\/12\/christmas-1869902_640.jpg","type":"image\/jpeg"}],"author":"Nadine Geier","twitter_card":"summary_large_image","twitter_misc":{"Verfasst von":"Nadine Geier","Gesch\u00e4tzte Lesezeit":"2\u00a0Minuten"},"schema":{"@context":"https:\/\/schema.org","@graph":[{"@type":"Article","@id":"https:\/\/www.medela-vital.de\/blog\/vitalpilze-unter-dem-weihnachtsbaum\/#article","isPartOf":{"@id":"https:\/\/www.medela-vital.de\/blog\/vitalpilze-unter-dem-weihnachtsbaum\/"},"author":{"name":"Nadine Geier","@id":"https:\/\/www.medela-vital.de\/blog\/#\/schema\/person\/16abb051cea55a07709767e8a0117e9d"},"headline":"Vitalpilze unter dem Weihnachtsbaum","datePublished":"2019-12-18T09:09:28+00:00","dateModified":"2021-03-07T16:15:26+00:00","mainEntityOfPage":{"@id":"https:\/\/www.medela-vital.de\/blog\/vitalpilze-unter-dem-weihnachtsbaum\/"},"wordCount":402,"publisher":{"@id":"https:\/\/www.medela-vital.de\/blog\/#organization"},"image":{"@id":"https:\/\/www.medela-vital.de\/blog\/vitalpilze-unter-dem-weihnachtsbaum\/#primaryimage"},"thumbnailUrl":"https:\/\/www.medela-vital.de\/blog\/wp-content\/uploads\/2019\/12\/christmas-1869902_640.jpg","articleSection":{"1":"Vitalpilze"},"inLanguage":"de"},{"@type":"WebPage","@id":"https:\/\/www.medela-vital.de\/blog\/vitalpilze-unter-dem-weihnachtsbaum\/","url":"https:\/\/www.medela-vital.de\/blog\/vitalpilze-unter-dem-weihnachtsbaum\/","name":"Vitalpilze unter dem Weihnachtsbaum-eine tolle Geschenkidee","isPartOf":{"@id":"https:\/\/www.medela-vital.de\/blog\/#website"},"primaryImageOfPage":{"@id":"https:\/\/www.medela-vital.de\/blog\/vitalpilze-unter-dem-weihnachtsbaum\/#primaryimage"},"image":{"@id":"https:\/\/www.medela-vital.de\/blog\/vitalpilze-unter-dem-weihnachtsbaum\/#primaryimage"},"thumbnailUrl":"https:\/\/www.medela-vital.de\/blog\/wp-content\/uploads\/2019\/12\/christmas-1869902_640.jpg","datePublished":"2019-12-18T09:09:28+00:00","dateModified":"2021-03-07T16:15:26+00:00","description":"Vitalpilze unter dem Weihnachtsbaum zeigen den Lieben dass einem deren Gesundheit am Herzen liegt. Verschenkt dieses Gl\u00fcck","breadcrumb":{"@id":"https:\/\/www.medela-vital.de\/blog\/vitalpilze-unter-dem-weihnachtsbaum\/#breadcrumb"},"inLanguage":"de","potentialAction":[{"@type":"ReadAction","target":["https:\/\/www.medela-vital.de\/blog\/vitalpilze-unter-dem-weihnachtsbaum\/"]}]},{"@type":"ImageObject","inLanguage":"de","@id":"https:\/\/www.medela-vital.de\/blog\/vitalpilze-unter-dem-weihnachtsbaum\/#primaryimage","url":"https:\/\/www.medela-vital.de\/blog\/wp-content\/uploads\/2019\/12\/christmas-1869902_640.jpg","contentUrl":"https:\/\/www.medela-vital.de\/blog\/wp-content\/uploads\/2019\/12\/christmas-1869902_640.jpg","width":640,"height":426,"caption":"Sparset"},{"@type":"BreadcrumbList","@id":"https:\/\/www.medela-vital.de\/blog\/vitalpilze-unter-dem-weihnachtsbaum\/#breadcrumb","itemListElement":[{"@type":"ListItem","position":1,"name":"Startseite","item":"https:\/\/www.medela-vital.de\/blog\/"},{"@type":"ListItem","position":2,"name":"Vitalpilze unter dem Weihnachtsbaum"}]},{"@type":"WebSite","@id":"https:\/\/www.medela-vital.de\/blog\/#website","url":"https:\/\/www.medela-vital.de\/blog\/","name":"medela-vital","description":"Unser neuer Vitalpilze-Blog","publisher":{"@id":"https:\/\/www.medela-vital.de\/blog\/#organization"},"potentialAction":[{"@type":"SearchAction","target":{"@type":"EntryPoint","urlTemplate":"https:\/\/www.medela-vital.de\/blog\/?s={search_term_string}"},"query-input":{"@type":"PropertyValueSpecification","valueRequired":true,"valueName":"search_term_string"}}],"inLanguage":"de"},{"@type":"Organization","@id":"https:\/\/www.medela-vital.de\/blog\/#organization","name":"Medela-vital","url":"https:\/\/www.medela-vital.de\/blog\/","logo":{"@type":"ImageObject","inLanguage":"de","@id":"https:\/\/www.medela-vital.de\/blog\/#\/schema\/logo\/image\/","url":"https:\/\/www.medela-vital.de\/blog\/wp-content\/uploads\/2017\/12\/logo-medela-vital_logo.png","contentUrl":"https:\/\/www.medela-vital.de\/blog\/wp-content\/uploads\/2017\/12\/logo-medela-vital_logo.png","width":739,"height":273,"caption":"Medela-vital"},"image":{"@id":"https:\/\/www.medela-vital.de\/blog\/#\/schema\/logo\/image\/"},"sameAs":["https:\/\/de-de.facebook.com\/medelavital\/"]},{"@type":"Person","@id":"https:\/\/www.medela-vital.de\/blog\/#\/schema\/person\/16abb051cea55a07709767e8a0117e9d","name":"Nadine Geier","image":{"@type":"ImageObject","inLanguage":"de","@id":"https:\/\/secure.gravatar.com\/avatar\/92f1221f9fe110245bd315644e646de046d9246fade9f84be1b709ca4aacf355?s=96&d=mm&r=g","url":"https:\/\/secure.gravatar.com\/avatar\/92f1221f9fe110245bd315644e646de046d9246fade9f84be1b709ca4aacf355?s=96&d=mm&r=g","contentUrl":"https:\/\/secure.gravatar.com\/avatar\/92f1221f9fe110245bd315644e646de046d9246fade9f84be1b709ca4aacf355?s=96&d=mm&r=g","caption":"Nadine Geier"},"sameAs":["http:\/\/www.medela-vital.de"]}]}},"_links":{"self":[{"href":"https:\/\/www.medela-vital.de\/blog\/wp-json\/wp\/v2\/posts\/248","targetHints":{"allow":["GET"]}}],"collection":[{"href":"https:\/\/www.medela-vital.de\/blog\/wp-json\/wp\/v2\/posts"}],"about":[{"href":"https:\/\/www.medela-vital.de\/blog\/wp-json\/wp\/v2\/types\/post"}],"author":[{"embeddable":true,"href":"https:\/\/www.medela-vital.de\/blog\/wp-json\/wp\/v2\/users\/2"}],"replies":[{"embeddable":true,"href":"https:\/\/www.medela-vital.de\/blog\/wp-json\/wp\/v2\/comments?post=248"}],"version-history":[{"count":5,"href":"https:\/\/www.medela-vital.de\/blog\/wp-json\/wp\/v2\/posts\/248\/revisions"}],"predecessor-version":[{"id":255,"href":"https:\/\/www.medela-vital.de\/blog\/wp-json\/wp\/v2\/posts\/248\/revisions\/255"}],"wp:featuredmedia":[{"embeddable":true,"href":"https:\/\/www.medela-vital.de\/blog\/wp-json\/wp\/v2\/media\/250"}],"wp:attachment":[{"href":"https:\/\/www.medela-vital.de\/blog\/wp-json\/wp\/v2\/media?parent=248"}],"wp:term":[{"taxonomy":"category","embeddable":true,"href":"https:\/\/www.medela-vital.de\/blog\/wp-json\/wp\/v2\/categories?post=248"},{"taxonomy":"post_tag","embeddable":true,"href":"https:\/\/www.medela-vital.de\/blog\/wp-json\/wp\/v2\/tags?post=248"}],"curies":[{"name":"wp","href":"https:\/\/api.w.org\/{rel}","templated":true}]}}