{"id":24,"date":"2017-07-31T11:48:39","date_gmt":"2017-07-31T09:48:39","guid":{"rendered":"https:\/\/www.medela-vital.de\/blog\/?p=24"},"modified":"2021-03-07T17:15:54","modified_gmt":"2021-03-07T16:15:54","slug":"reishi-bei-uns-auch-fuer-kaffee-und-teeliebhaber-erhaeltlich","status":"publish","type":"post","link":"https:\/\/www.medela-vital.de\/blog\/reishi-bei-uns-auch-fuer-kaffee-und-teeliebhaber-erhaeltlich\/","title":{"rendered":"Reishi &#8211; bei uns auch f\u00fcr Kaffee- und Teeliebhaber erh\u00e4ltlich!"},"content":{"rendered":"<div class=\"cc-m-hgrid-column\">\n<div id=\"cc-matrix-2291225182\">\n<div id=\"cc-m-8833269082\" class=\"j-module n j-text \">\n<p>Der Plantagenkaffee aus Peru w\u00e4chst 1000 Meter \u00fcber dem Meeresspiegel langsam heran, bevor er von Hand geerntet wird.<\/p>\n<p>Danch wird er in einem Fermentationsbecken gewaschen, wodurch der Kaffee wenig Bitterstoffe und eine glatte S\u00e4ure enth\u00e4lt.<\/p>\n<\/div>\n<p>Unsere Tee-Kreationen werden biologisch angebaut und verhelfen Ihnen, kombiniert mit dem Reishi Pilz, zu einem gest\u00e4rkten Immunsystem kombiniert mit unvergleichlichem Geschmack.<\/p>\n<div id=\"cc-m-8833269082\" class=\"j-module n j-text \"><\/div>\n<\/div>\n<\/div>\n<p><!--more--><\/p>\n<div class=\"cc-m-hgrid-column\">\n<div id=\"cc-matrix-2291225282\">\n<div id=\"cc-m-8833269182\" class=\"j-module n j-header \">\n<h2 id=\"cc-m-header-8833269182\" class=\"\">Reishi<\/h2>\n<\/div>\n<div id=\"cc-m-8833269282\" class=\"j-module n j-imageSubtitle \">\n<figure class=\"cc-imagewrapper cc-m-image-align-3\"><img decoding=\"async\" id=\"cc-m-imagesubtitle-image-8833269282\" class=\"\" src=\"https:\/\/image.jimcdn.com\/app\/cms\/image\/transf\/dimension=281x10000:format=jpg\/path\/s5fed05a24a1dbe47\/image\/i3094c85672a36bad\/version\/1497609145\/image.jpg\" sizes=\"(min-width: 281px) 281px, 100vw\" srcset=\"https:\/\/image.jimcdn.com\/app\/cms\/image\/transf\/dimension=281x10000:format=jpg\/path\/s5fed05a24a1dbe47\/image\/i3094c85672a36bad\/version\/1497609145\/image.jpg 281w, https:\/\/image.jimcdn.com\/app\/cms\/image\/transf\/dimension=320x10000:format=jpg\/path\/s5fed05a24a1dbe47\/image\/i3094c85672a36bad\/version\/1497609145\/image.jpg 320w, https:\/\/image.jimcdn.com\/app\/cms\/image\/transf\/none\/path\/s5fed05a24a1dbe47\/image\/i3094c85672a36bad\/version\/1497609145\/image.jpg 510w\" alt=\"\" data-src-width=\"510\" data-src-height=\"452\" data-src=\"https:\/\/image.jimcdn.com\/app\/cms\/image\/transf\/dimension=281x10000:format=jpg\/path\/s5fed05a24a1dbe47\/image\/i3094c85672a36bad\/version\/1497609145\/image.jpg\" data-image-id=\"6055023582\" \/><\/figure>\n<div class=\"cc-clear\"><\/div>\n<\/div>\n<div id=\"cc-m-8833269382\" class=\"j-module n j-text \">\n<p>Unser Vitalpilz Reishi ist 100% Bio-zertifiziert und von h\u00f6chster Qualit\u00e4t.<\/p>\n<p>Der, auch unter dem Namen Ling Zhi bekannte, Pilz kann das Immunsystem st\u00e4rken und den gesamten K\u00f6rper stabilisieren.<\/p>\n<p>Ausserdem gilt er als \u00e4usserst wirksames St\u00e4rkungsmittel, das gerade Menschen, die an einer schweren Krankheit leiden, zu neuer Kraft verhelfen kann. Daher wird der Reishi auch als &#8222;Pilz des ewigen Lebens&#8220; bezeichnet.<\/p>\n<p>Somit kann man mit seiner t\u00e4glichen Tasse Kaffee oder Tee direkt gest\u00e4rkt in den Tag starten!<\/p>\n<\/div>\n<\/div>\n<\/div>\n<div class=\"cc-m-hgrid-separator\" data-display=\"cms-only\"><\/div>\n<div class=\"cc-m-hgrid-column last\">\n<div id=\"cc-matrix-2291225382\">\n<div id=\"cc-m-8833269482\" class=\"j-module n j-header \">\n<h2 id=\"cc-m-header-8833269482\" class=\"\">Geschmack<\/h2>\n<\/div>\n<div id=\"cc-m-8833285982\" class=\"j-module n j-text \">\n<p>Den milden Geschmack erh\u00e4lt der Kaffee durch seine schonende R\u00f6stung, welche in der Trommelr\u00f6stung ca. 20-25 Minuten in Anspruch nimmt. Er ist mit dem Reishi und dem Reishi Extrakt erh\u00e4ltlich.<\/p>\n<p>Unser Bio Kaffee genie\u00dft bei Kennern einen besonders guten Ruf. Er ist nicht zu stark und schmeckt trotzdem vollmundig.\u00a0 Diese herzhaft ausgewogene Kombination, bei einer sehr feinen S\u00e4ure mit leichten Schokoladennoten, eignet sich auch hervorragend als Fr\u00fchst\u00fcckskaffee.<\/p>\n<\/div>\n<\/div>\n<\/div>\n<p>Unsere Teesorten wirken entspannend und ausgleichend auf den K\u00f6rper. Der feine Geschmack und die positive Wirkung, ergeben die perfekte Verbindung f\u00fcr alle Teeliebhaber.<\/p>\n<p>Sie haben die Wahl zwischen vielen Kaffee &#8211; und Teesorten.<\/p>\n","protected":false},"excerpt":{"rendered":"<p>Der Plantagenkaffee aus Peru w\u00e4chst 1000 Meter \u00fcber dem Meeresspiegel langsam heran, bevor er von Hand geerntet wird. Danch wird er in einem Fermentationsbecken gewaschen, wodurch der Kaffee wenig Bitterstoffe und eine glatte S\u00e4ure enth\u00e4lt. Unsere Tee-Kreationen werden biologisch angebaut und verhelfen Ihnen, kombiniert mit dem Reishi Pilz, zu einem gest\u00e4rkten Immunsystem kombiniert mit unvergleichlichem &hellip; <a href=\"https:\/\/www.medela-vital.de\/blog\/reishi-bei-uns-auch-fuer-kaffee-und-teeliebhaber-erhaeltlich\/\">Weiterlesen<\/a><\/p>\n","protected":false},"author":2,"featured_media":28,"comment_status":"closed","ping_status":"open","sticky":false,"template":"","format":"standard","meta":{"footnotes":""},"categories":[1],"tags":[],"class_list":["post-24","post","type-post","status-publish","format-standard","has-post-thumbnail","hentry","category-allgemein"],"yoast_head":"<!-- This site is optimized with the Yoast SEO plugin v27.5 - https:\/\/yoast.com\/product\/yoast-seo-wordpress\/ -->\n<title>Reishi Kaffee in 100 % Bio Qualit\u00e4t von Medela Vital<\/title>\n<meta name=\"description\" content=\"Unser Bio Reishi Kaffee schmeckt nicht nur hervorragend, sonder tut Ihnen und Ihrem K\u00f6rper gut. Erh\u00e4ltlich auch mit Reishi Extrakt\" \/>\n<meta name=\"robots\" content=\"index, follow, max-snippet:-1, max-image-preview:large, max-video-preview:-1\" \/>\n<link rel=\"canonical\" href=\"https:\/\/www.medela-vital.de\/blog\/reishi-bei-uns-auch-fuer-kaffee-und-teeliebhaber-erhaeltlich\/\" \/>\n<meta property=\"og:locale\" content=\"de_DE\" \/>\n<meta property=\"og:type\" content=\"article\" \/>\n<meta property=\"og:title\" content=\"Reishi Kaffee in 100 % Bio Qualit\u00e4t von Medela Vital\" \/>\n<meta property=\"og:description\" content=\"Unser Bio Reishi Kaffee schmeckt nicht nur hervorragend, sonder tut Ihnen und Ihrem K\u00f6rper gut. Erh\u00e4ltlich auch mit Reishi Extrakt\" \/>\n<meta property=\"og:url\" content=\"https:\/\/www.medela-vital.de\/blog\/reishi-bei-uns-auch-fuer-kaffee-und-teeliebhaber-erhaeltlich\/\" \/>\n<meta property=\"og:site_name\" content=\"medela-vital\" \/>\n<meta property=\"article:publisher\" content=\"https:\/\/de-de.facebook.com\/medelavital\/\" \/>\n<meta property=\"article:published_time\" content=\"2017-07-31T09:48:39+00:00\" \/>\n<meta property=\"article:modified_time\" content=\"2021-03-07T16:15:54+00:00\" \/>\n<meta property=\"og:image\" content=\"https:\/\/www.medela-vital.de\/blog\/wp-content\/uploads\/2017\/07\/KAFFEE1.jpg\" \/>\n\t<meta property=\"og:image:width\" content=\"720\" \/>\n\t<meta property=\"og:image:height\" content=\"479\" \/>\n\t<meta property=\"og:image:type\" content=\"image\/jpeg\" \/>\n<meta name=\"author\" content=\"Nadine Geier\" \/>\n<meta name=\"twitter:card\" content=\"summary_large_image\" \/>\n<meta name=\"twitter:label1\" content=\"Verfasst von\" \/>\n\t<meta name=\"twitter:data1\" content=\"Nadine Geier\" \/>\n\t<meta name=\"twitter:label2\" content=\"Gesch\u00e4tzte Lesezeit\" \/>\n\t<meta name=\"twitter:data2\" content=\"1\u00a0Minute\" \/>\n<script type=\"application\/ld+json\" class=\"yoast-schema-graph\">{\"@context\":\"https:\\\/\\\/schema.org\",\"@graph\":[{\"@type\":\"Article\",\"@id\":\"https:\\\/\\\/www.medela-vital.de\\\/blog\\\/reishi-bei-uns-auch-fuer-kaffee-und-teeliebhaber-erhaeltlich\\\/#article\",\"isPartOf\":{\"@id\":\"https:\\\/\\\/www.medela-vital.de\\\/blog\\\/reishi-bei-uns-auch-fuer-kaffee-und-teeliebhaber-erhaeltlich\\\/\"},\"author\":{\"name\":\"Nadine Geier\",\"@id\":\"https:\\\/\\\/www.medela-vital.de\\\/blog\\\/#\\\/schema\\\/person\\\/16abb051cea55a07709767e8a0117e9d\"},\"headline\":\"Reishi &#8211; bei uns auch f\u00fcr Kaffee- und Teeliebhaber erh\u00e4ltlich!\",\"datePublished\":\"2017-07-31T09:48:39+00:00\",\"dateModified\":\"2021-03-07T16:15:54+00:00\",\"mainEntityOfPage\":{\"@id\":\"https:\\\/\\\/www.medela-vital.de\\\/blog\\\/reishi-bei-uns-auch-fuer-kaffee-und-teeliebhaber-erhaeltlich\\\/\"},\"wordCount\":265,\"publisher\":{\"@id\":\"https:\\\/\\\/www.medela-vital.de\\\/blog\\\/#organization\"},\"image\":{\"@id\":\"https:\\\/\\\/www.medela-vital.de\\\/blog\\\/reishi-bei-uns-auch-fuer-kaffee-und-teeliebhaber-erhaeltlich\\\/#primaryimage\"},\"thumbnailUrl\":\"https:\\\/\\\/www.medela-vital.de\\\/blog\\\/wp-content\\\/uploads\\\/2017\\\/07\\\/KAFFEE1.jpg\",\"inLanguage\":\"de\"},{\"@type\":\"WebPage\",\"@id\":\"https:\\\/\\\/www.medela-vital.de\\\/blog\\\/reishi-bei-uns-auch-fuer-kaffee-und-teeliebhaber-erhaeltlich\\\/\",\"url\":\"https:\\\/\\\/www.medela-vital.de\\\/blog\\\/reishi-bei-uns-auch-fuer-kaffee-und-teeliebhaber-erhaeltlich\\\/\",\"name\":\"Reishi Kaffee in 100 % Bio Qualit\u00e4t von Medela Vital\",\"isPartOf\":{\"@id\":\"https:\\\/\\\/www.medela-vital.de\\\/blog\\\/#website\"},\"primaryImageOfPage\":{\"@id\":\"https:\\\/\\\/www.medela-vital.de\\\/blog\\\/reishi-bei-uns-auch-fuer-kaffee-und-teeliebhaber-erhaeltlich\\\/#primaryimage\"},\"image\":{\"@id\":\"https:\\\/\\\/www.medela-vital.de\\\/blog\\\/reishi-bei-uns-auch-fuer-kaffee-und-teeliebhaber-erhaeltlich\\\/#primaryimage\"},\"thumbnailUrl\":\"https:\\\/\\\/www.medela-vital.de\\\/blog\\\/wp-content\\\/uploads\\\/2017\\\/07\\\/KAFFEE1.jpg\",\"datePublished\":\"2017-07-31T09:48:39+00:00\",\"dateModified\":\"2021-03-07T16:15:54+00:00\",\"description\":\"Unser Bio Reishi Kaffee schmeckt nicht nur hervorragend, sonder tut Ihnen und Ihrem K\u00f6rper gut. Erh\u00e4ltlich auch mit Reishi Extrakt\",\"breadcrumb\":{\"@id\":\"https:\\\/\\\/www.medela-vital.de\\\/blog\\\/reishi-bei-uns-auch-fuer-kaffee-und-teeliebhaber-erhaeltlich\\\/#breadcrumb\"},\"inLanguage\":\"de\",\"potentialAction\":[{\"@type\":\"ReadAction\",\"target\":[\"https:\\\/\\\/www.medela-vital.de\\\/blog\\\/reishi-bei-uns-auch-fuer-kaffee-und-teeliebhaber-erhaeltlich\\\/\"]}]},{\"@type\":\"ImageObject\",\"inLanguage\":\"de\",\"@id\":\"https:\\\/\\\/www.medela-vital.de\\\/blog\\\/reishi-bei-uns-auch-fuer-kaffee-und-teeliebhaber-erhaeltlich\\\/#primaryimage\",\"url\":\"https:\\\/\\\/www.medela-vital.de\\\/blog\\\/wp-content\\\/uploads\\\/2017\\\/07\\\/KAFFEE1.jpg\",\"contentUrl\":\"https:\\\/\\\/www.medela-vital.de\\\/blog\\\/wp-content\\\/uploads\\\/2017\\\/07\\\/KAFFEE1.jpg\",\"width\":720,\"height\":479},{\"@type\":\"BreadcrumbList\",\"@id\":\"https:\\\/\\\/www.medela-vital.de\\\/blog\\\/reishi-bei-uns-auch-fuer-kaffee-und-teeliebhaber-erhaeltlich\\\/#breadcrumb\",\"itemListElement\":[{\"@type\":\"ListItem\",\"position\":1,\"name\":\"Startseite\",\"item\":\"https:\\\/\\\/www.medela-vital.de\\\/blog\\\/\"},{\"@type\":\"ListItem\",\"position\":2,\"name\":\"Reishi &#8211; bei uns auch f\u00fcr Kaffee- und Teeliebhaber erh\u00e4ltlich!\"}]},{\"@type\":\"WebSite\",\"@id\":\"https:\\\/\\\/www.medela-vital.de\\\/blog\\\/#website\",\"url\":\"https:\\\/\\\/www.medela-vital.de\\\/blog\\\/\",\"name\":\"medela-vital\",\"description\":\"Unser neuer Vitalpilze-Blog\",\"publisher\":{\"@id\":\"https:\\\/\\\/www.medela-vital.de\\\/blog\\\/#organization\"},\"potentialAction\":[{\"@type\":\"SearchAction\",\"target\":{\"@type\":\"EntryPoint\",\"urlTemplate\":\"https:\\\/\\\/www.medela-vital.de\\\/blog\\\/?s={search_term_string}\"},\"query-input\":{\"@type\":\"PropertyValueSpecification\",\"valueRequired\":true,\"valueName\":\"search_term_string\"}}],\"inLanguage\":\"de\"},{\"@type\":\"Organization\",\"@id\":\"https:\\\/\\\/www.medela-vital.de\\\/blog\\\/#organization\",\"name\":\"Medela-vital\",\"url\":\"https:\\\/\\\/www.medela-vital.de\\\/blog\\\/\",\"logo\":{\"@type\":\"ImageObject\",\"inLanguage\":\"de\",\"@id\":\"https:\\\/\\\/www.medela-vital.de\\\/blog\\\/#\\\/schema\\\/logo\\\/image\\\/\",\"url\":\"https:\\\/\\\/www.medela-vital.de\\\/blog\\\/wp-content\\\/uploads\\\/2017\\\/12\\\/logo-medela-vital_logo.png\",\"contentUrl\":\"https:\\\/\\\/www.medela-vital.de\\\/blog\\\/wp-content\\\/uploads\\\/2017\\\/12\\\/logo-medela-vital_logo.png\",\"width\":739,\"height\":273,\"caption\":\"Medela-vital\"},\"image\":{\"@id\":\"https:\\\/\\\/www.medela-vital.de\\\/blog\\\/#\\\/schema\\\/logo\\\/image\\\/\"},\"sameAs\":[\"https:\\\/\\\/de-de.facebook.com\\\/medelavital\\\/\"]},{\"@type\":\"Person\",\"@id\":\"https:\\\/\\\/www.medela-vital.de\\\/blog\\\/#\\\/schema\\\/person\\\/16abb051cea55a07709767e8a0117e9d\",\"name\":\"Nadine Geier\",\"image\":{\"@type\":\"ImageObject\",\"inLanguage\":\"de\",\"@id\":\"https:\\\/\\\/secure.gravatar.com\\\/avatar\\\/92f1221f9fe110245bd315644e646de046d9246fade9f84be1b709ca4aacf355?s=96&d=mm&r=g\",\"url\":\"https:\\\/\\\/secure.gravatar.com\\\/avatar\\\/92f1221f9fe110245bd315644e646de046d9246fade9f84be1b709ca4aacf355?s=96&d=mm&r=g\",\"contentUrl\":\"https:\\\/\\\/secure.gravatar.com\\\/avatar\\\/92f1221f9fe110245bd315644e646de046d9246fade9f84be1b709ca4aacf355?s=96&d=mm&r=g\",\"caption\":\"Nadine Geier\"},\"sameAs\":[\"http:\\\/\\\/www.medela-vital.de\"]}]}<\/script>\n<!-- \/ Yoast SEO plugin. -->","yoast_head_json":{"title":"Reishi Kaffee in 100 % Bio Qualit\u00e4t von Medela Vital","description":"Unser Bio Reishi Kaffee schmeckt nicht nur hervorragend, sonder tut Ihnen und Ihrem K\u00f6rper gut. Erh\u00e4ltlich auch mit Reishi Extrakt","robots":{"index":"index","follow":"follow","max-snippet":"max-snippet:-1","max-image-preview":"max-image-preview:large","max-video-preview":"max-video-preview:-1"},"canonical":"https:\/\/www.medela-vital.de\/blog\/reishi-bei-uns-auch-fuer-kaffee-und-teeliebhaber-erhaeltlich\/","og_locale":"de_DE","og_type":"article","og_title":"Reishi Kaffee in 100 % Bio Qualit\u00e4t von Medela Vital","og_description":"Unser Bio Reishi Kaffee schmeckt nicht nur hervorragend, sonder tut Ihnen und Ihrem K\u00f6rper gut. Erh\u00e4ltlich auch mit Reishi Extrakt","og_url":"https:\/\/www.medela-vital.de\/blog\/reishi-bei-uns-auch-fuer-kaffee-und-teeliebhaber-erhaeltlich\/","og_site_name":"medela-vital","article_publisher":"https:\/\/de-de.facebook.com\/medelavital\/","article_published_time":"2017-07-31T09:48:39+00:00","article_modified_time":"2021-03-07T16:15:54+00:00","og_image":[{"width":720,"height":479,"url":"https:\/\/www.medela-vital.de\/blog\/wp-content\/uploads\/2017\/07\/KAFFEE1.jpg","type":"image\/jpeg"}],"author":"Nadine Geier","twitter_card":"summary_large_image","twitter_misc":{"Verfasst von":"Nadine Geier","Gesch\u00e4tzte Lesezeit":"1\u00a0Minute"},"schema":{"@context":"https:\/\/schema.org","@graph":[{"@type":"Article","@id":"https:\/\/www.medela-vital.de\/blog\/reishi-bei-uns-auch-fuer-kaffee-und-teeliebhaber-erhaeltlich\/#article","isPartOf":{"@id":"https:\/\/www.medela-vital.de\/blog\/reishi-bei-uns-auch-fuer-kaffee-und-teeliebhaber-erhaeltlich\/"},"author":{"name":"Nadine Geier","@id":"https:\/\/www.medela-vital.de\/blog\/#\/schema\/person\/16abb051cea55a07709767e8a0117e9d"},"headline":"Reishi &#8211; bei uns auch f\u00fcr Kaffee- und Teeliebhaber erh\u00e4ltlich!","datePublished":"2017-07-31T09:48:39+00:00","dateModified":"2021-03-07T16:15:54+00:00","mainEntityOfPage":{"@id":"https:\/\/www.medela-vital.de\/blog\/reishi-bei-uns-auch-fuer-kaffee-und-teeliebhaber-erhaeltlich\/"},"wordCount":265,"publisher":{"@id":"https:\/\/www.medela-vital.de\/blog\/#organization"},"image":{"@id":"https:\/\/www.medela-vital.de\/blog\/reishi-bei-uns-auch-fuer-kaffee-und-teeliebhaber-erhaeltlich\/#primaryimage"},"thumbnailUrl":"https:\/\/www.medela-vital.de\/blog\/wp-content\/uploads\/2017\/07\/KAFFEE1.jpg","inLanguage":"de"},{"@type":"WebPage","@id":"https:\/\/www.medela-vital.de\/blog\/reishi-bei-uns-auch-fuer-kaffee-und-teeliebhaber-erhaeltlich\/","url":"https:\/\/www.medela-vital.de\/blog\/reishi-bei-uns-auch-fuer-kaffee-und-teeliebhaber-erhaeltlich\/","name":"Reishi Kaffee in 100 % Bio Qualit\u00e4t von Medela Vital","isPartOf":{"@id":"https:\/\/www.medela-vital.de\/blog\/#website"},"primaryImageOfPage":{"@id":"https:\/\/www.medela-vital.de\/blog\/reishi-bei-uns-auch-fuer-kaffee-und-teeliebhaber-erhaeltlich\/#primaryimage"},"image":{"@id":"https:\/\/www.medela-vital.de\/blog\/reishi-bei-uns-auch-fuer-kaffee-und-teeliebhaber-erhaeltlich\/#primaryimage"},"thumbnailUrl":"https:\/\/www.medela-vital.de\/blog\/wp-content\/uploads\/2017\/07\/KAFFEE1.jpg","datePublished":"2017-07-31T09:48:39+00:00","dateModified":"2021-03-07T16:15:54+00:00","description":"Unser Bio Reishi Kaffee schmeckt nicht nur hervorragend, sonder tut Ihnen und Ihrem K\u00f6rper gut. Erh\u00e4ltlich auch mit Reishi Extrakt","breadcrumb":{"@id":"https:\/\/www.medela-vital.de\/blog\/reishi-bei-uns-auch-fuer-kaffee-und-teeliebhaber-erhaeltlich\/#breadcrumb"},"inLanguage":"de","potentialAction":[{"@type":"ReadAction","target":["https:\/\/www.medela-vital.de\/blog\/reishi-bei-uns-auch-fuer-kaffee-und-teeliebhaber-erhaeltlich\/"]}]},{"@type":"ImageObject","inLanguage":"de","@id":"https:\/\/www.medela-vital.de\/blog\/reishi-bei-uns-auch-fuer-kaffee-und-teeliebhaber-erhaeltlich\/#primaryimage","url":"https:\/\/www.medela-vital.de\/blog\/wp-content\/uploads\/2017\/07\/KAFFEE1.jpg","contentUrl":"https:\/\/www.medela-vital.de\/blog\/wp-content\/uploads\/2017\/07\/KAFFEE1.jpg","width":720,"height":479},{"@type":"BreadcrumbList","@id":"https:\/\/www.medela-vital.de\/blog\/reishi-bei-uns-auch-fuer-kaffee-und-teeliebhaber-erhaeltlich\/#breadcrumb","itemListElement":[{"@type":"ListItem","position":1,"name":"Startseite","item":"https:\/\/www.medela-vital.de\/blog\/"},{"@type":"ListItem","position":2,"name":"Reishi &#8211; bei uns auch f\u00fcr Kaffee- und Teeliebhaber erh\u00e4ltlich!"}]},{"@type":"WebSite","@id":"https:\/\/www.medela-vital.de\/blog\/#website","url":"https:\/\/www.medela-vital.de\/blog\/","name":"medela-vital","description":"Unser neuer Vitalpilze-Blog","publisher":{"@id":"https:\/\/www.medela-vital.de\/blog\/#organization"},"potentialAction":[{"@type":"SearchAction","target":{"@type":"EntryPoint","urlTemplate":"https:\/\/www.medela-vital.de\/blog\/?s={search_term_string}"},"query-input":{"@type":"PropertyValueSpecification","valueRequired":true,"valueName":"search_term_string"}}],"inLanguage":"de"},{"@type":"Organization","@id":"https:\/\/www.medela-vital.de\/blog\/#organization","name":"Medela-vital","url":"https:\/\/www.medela-vital.de\/blog\/","logo":{"@type":"ImageObject","inLanguage":"de","@id":"https:\/\/www.medela-vital.de\/blog\/#\/schema\/logo\/image\/","url":"https:\/\/www.medela-vital.de\/blog\/wp-content\/uploads\/2017\/12\/logo-medela-vital_logo.png","contentUrl":"https:\/\/www.medela-vital.de\/blog\/wp-content\/uploads\/2017\/12\/logo-medela-vital_logo.png","width":739,"height":273,"caption":"Medela-vital"},"image":{"@id":"https:\/\/www.medela-vital.de\/blog\/#\/schema\/logo\/image\/"},"sameAs":["https:\/\/de-de.facebook.com\/medelavital\/"]},{"@type":"Person","@id":"https:\/\/www.medela-vital.de\/blog\/#\/schema\/person\/16abb051cea55a07709767e8a0117e9d","name":"Nadine Geier","image":{"@type":"ImageObject","inLanguage":"de","@id":"https:\/\/secure.gravatar.com\/avatar\/92f1221f9fe110245bd315644e646de046d9246fade9f84be1b709ca4aacf355?s=96&d=mm&r=g","url":"https:\/\/secure.gravatar.com\/avatar\/92f1221f9fe110245bd315644e646de046d9246fade9f84be1b709ca4aacf355?s=96&d=mm&r=g","contentUrl":"https:\/\/secure.gravatar.com\/avatar\/92f1221f9fe110245bd315644e646de046d9246fade9f84be1b709ca4aacf355?s=96&d=mm&r=g","caption":"Nadine Geier"},"sameAs":["http:\/\/www.medela-vital.de"]}]}},"_links":{"self":[{"href":"https:\/\/www.medela-vital.de\/blog\/wp-json\/wp\/v2\/posts\/24","targetHints":{"allow":["GET"]}}],"collection":[{"href":"https:\/\/www.medela-vital.de\/blog\/wp-json\/wp\/v2\/posts"}],"about":[{"href":"https:\/\/www.medela-vital.de\/blog\/wp-json\/wp\/v2\/types\/post"}],"author":[{"embeddable":true,"href":"https:\/\/www.medela-vital.de\/blog\/wp-json\/wp\/v2\/users\/2"}],"replies":[{"embeddable":true,"href":"https:\/\/www.medela-vital.de\/blog\/wp-json\/wp\/v2\/comments?post=24"}],"version-history":[{"count":5,"href":"https:\/\/www.medela-vital.de\/blog\/wp-json\/wp\/v2\/posts\/24\/revisions"}],"predecessor-version":[{"id":225,"href":"https:\/\/www.medela-vital.de\/blog\/wp-json\/wp\/v2\/posts\/24\/revisions\/225"}],"wp:featuredmedia":[{"embeddable":true,"href":"https:\/\/www.medela-vital.de\/blog\/wp-json\/wp\/v2\/media\/28"}],"wp:attachment":[{"href":"https:\/\/www.medela-vital.de\/blog\/wp-json\/wp\/v2\/media?parent=24"}],"wp:term":[{"taxonomy":"category","embeddable":true,"href":"https:\/\/www.medela-vital.de\/blog\/wp-json\/wp\/v2\/categories?post=24"},{"taxonomy":"post_tag","embeddable":true,"href":"https:\/\/www.medela-vital.de\/blog\/wp-json\/wp\/v2\/tags?post=24"}],"curies":[{"name":"wp","href":"https:\/\/api.w.org\/{rel}","templated":true}]}}