{"id":163,"date":"2019-02-22T10:39:20","date_gmt":"2019-02-22T09:39:20","guid":{"rendered":"https:\/\/www.medela-vital.de\/blog\/?p=163"},"modified":"2021-03-07T17:15:27","modified_gmt":"2021-03-07T16:15:27","slug":"mit-vitalpilzen-durch-die-wechseljahre","status":"publish","type":"post","link":"https:\/\/www.medela-vital.de\/blog\/mit-vitalpilzen-durch-die-wechseljahre\/","title":{"rendered":"Mit Vitalpilzen durch die Wechseljahre"},"content":{"rendered":"<h2 style=\"text-align: center;\"><strong><span style=\"color: #993300;\">Mit Vitalpilzen durch die Wechseljahre<\/span><\/strong><\/h2>\n<p>&nbsp;<\/p>\n<p>&nbsp;<\/p>\n<p><img loading=\"lazy\" decoding=\"async\" class=\"aligncenter size-medium wp-image-164\" src=\"https:\/\/www.medela-vital.de\/blog\/wp-content\/uploads\/2019\/02\/fitness-332278_640-300x199.jpg\" alt=\"\" width=\"300\" height=\"199\" srcset=\"https:\/\/www.medela-vital.de\/blog\/wp-content\/uploads\/2019\/02\/fitness-332278_640-300x199.jpg 300w, https:\/\/www.medela-vital.de\/blog\/wp-content\/uploads\/2019\/02\/fitness-332278_640.jpg 640w\" sizes=\"auto, (max-width: 300px) 100vw, 300px\" \/><\/p>\n<p>&nbsp;<\/p>\n<p>&nbsp;<\/p>\n<p>Ab Mitte 40 beginnt f\u00fcr viele Frauen die Zeit des Wandels &#8211; die Wechseljahre. Diese bringen viele k\u00f6rperlichen und psychischen Ver\u00e4nderungen mit sich. Doch die Menopause hat mehr zu bieten, als nur l\u00e4stige Symptome. Die mit dieser Umstellungsphase verbundenen individuellen Erfahrungen sind ganz unterschiedlich. Diese Phase birgt die Chance zu einem neuen Verst\u00e4ndnis des Frauseins, welches Raum f\u00fcr Aufbruch, neue Ideen und Lebenskraft mit sich bringt. Um diesen Wechsel gesund und voller Tatendrang genie\u00dfen zu k\u00f6nnen, lohnt es sich, den Stoffwechsel der Frau und insbesondere den Hormonhaushalt anzuregen und auszugleichen. Dies kann durchaus durch Ern\u00e4hrung und auch mit Vitalpilzen geschehen.<\/p>\n<p><!--more--><\/p>\n<p>Mit dem Ausbleiben der Periode k\u00f6nnen bei Frauen, abh\u00e4ngig vom Stoffwechseltyp, die unterschiedlichsten Symptome auftreten:<\/p>\n<ul>\n<li>Hitzewallungen und Schwei\u00dfausbr\u00fcche (durch die fehlende Periode werden so Schadstoffe \u00fcber die Haut abgegeben)<\/li>\n<li>Haarausfall und Haarergrauen (durch den sinkenden \u00d6strogenspiegel)<\/li>\n<li>d\u00fcnne Haut und Falten (durch die Entmineralisierung)<\/li>\n<li>Gewichtszunahme, Cellulite, \u00d6deme (durch \u00dcbers\u00e4uerung)<\/li>\n<li>Stimmungsschwankungen (Hormonungleichgewicht)<\/li>\n<\/ul>\n<p>&nbsp;<\/p>\n<p class=\"Stil1\">Der\u00a0Reishi\u00a0wirkt beruhigend und entspannend auf das vegetative Nervensystem. Schlaflosigkeit, Herz-Kreislauf-Probleme, Stimmungsschwankungen und Nervosit\u00e4t werden erwiesenerma\u00dfen gelindert. Dadurch reduzieren sich auch die Hitzewallungen, welche bei k\u00f6rperlichem und psychischem Stress verst\u00e4rkt auftreten. Die negativen Auswirkungen des \u00d6strogenmangels auf die Knochendichte werden durch den Reishi verringert. Der Reishi kann deshalb bereits zur Vorbeugung von Osteoporose eingenommen werden. Als weiterer hoch wirksamer Vitalpilz ist der\u00a0Hericium erinaceus\u00a0(Igelstachelbart) zu nennen, der auf das vegetative Nervensystem wirkt und dabei insbesondere Stimmungsschwankungen ausgleichen kann. Er beeinflusst aber auch positiv die die hormonell bedingten Ver\u00e4nderungen der Schleimhaut in der Scheide und der Blase. Der\u00a0Cordycpeps sinensis (Raupenpilz) wirkt ausgleichend auf die Psyche und verhilft zu einem besseren Allgemeinbefinden. Der\u00a0Auricularia\u00a0zeigt wohltuende Wirkungen auf die Haut und hat sich besonders bew\u00e4hrt, wenn starke Schwei\u00dfausbr\u00fcche das Wohlbefinden beeintr\u00e4chtigen. Die zahlreichen Wirkstoffe der Vitalpilze regulieren den gesamten Organismus und erh\u00f6hen die Lebensqualit\u00e4t erwiesenerma\u00dfen.<\/p>\n<p class=\"Stil1\">Vitalpilze sind 100% nat\u00fcrliche Heilmittel und haben keinerlei Nebenwirkungen. Ihre vielf\u00e4ltigen Wirkstoffe sind heute bereits zu einem gro\u00dfen Teil wissenschaftlich erforscht und deren Wirkungen nachgewiesen. In zahlreichen Studien wurde best\u00e4tigt was die Traditionelle Chinesische Medizin seit Jahrtausenden behauptet. Heutzutage werden meist Extrakte im Handel angeboten. Man kann bedenkenlos \u00fcber viele Jahre hinweg t\u00e4glich solche Kapseln einnehmen, ohne dass irgendwelche Nebenwirkungen auftreten.<\/p>\n<p class=\"Stil1\">Folgende Vitalpilze helfen also bei Wechseljahresbeschwerden<\/p>\n<p>&nbsp;<\/p>\n<ul>\n<li class=\"Stil1\"><a href=\"https:\/\/www.medela-vital.de\/agaricus-kapseln.html\">Auricularia<\/a><\/li>\n<li class=\"Stil1\"><a href=\"https:\/\/www.medela-vital.de\/cordyceps-kapseln.html\">Cordyceps<\/a><\/li>\n<li class=\"Stil1\"><a href=\"https:\/\/www.medela-vital.de\/hericium-kapseln.html\">Hericium<\/a><\/li>\n<li class=\"Stil1\"><a href=\"https:\/\/www.medela-vital.de\/reishi-kapseln.html\">Reishi<\/a><\/li>\n<\/ul>\n<p>&nbsp;<\/p>\n","protected":false},"excerpt":{"rendered":"<p>Mit Vitalpilzen durch die Wechseljahre &nbsp; &nbsp; &nbsp; &nbsp; Ab Mitte 40 beginnt f\u00fcr viele Frauen die Zeit des Wandels &#8211; die Wechseljahre. Diese bringen viele k\u00f6rperlichen und psychischen Ver\u00e4nderungen mit sich. Doch die Menopause hat mehr zu bieten, als nur l\u00e4stige Symptome. Die mit dieser Umstellungsphase verbundenen individuellen Erfahrungen sind ganz unterschiedlich. Diese Phase &hellip; <a href=\"https:\/\/www.medela-vital.de\/blog\/mit-vitalpilzen-durch-die-wechseljahre\/\">Weiterlesen<\/a><\/p>\n","protected":false},"author":2,"featured_media":120,"comment_status":"closed","ping_status":"open","sticky":false,"template":"","format":"standard","meta":{"footnotes":""},"categories":[1],"tags":[],"class_list":["post-163","post","type-post","status-publish","format-standard","has-post-thumbnail","hentry","category-allgemein"],"yoast_head":"<!-- This site is optimized with the Yoast SEO plugin v27.5 - https:\/\/yoast.com\/product\/yoast-seo-wordpress\/ -->\n<title>Mit Vitalpilzen durch die Wechseljahre - medela-vital<\/title>\n<meta name=\"description\" content=\"Mit Vitalpilzen die Wechseljahre begleitend \u00fcberstehen und neue Kraft aus der neuen Lebenssituation sch\u00f6pfen. Und das ohne Nebenwirkungen\" \/>\n<meta name=\"robots\" content=\"index, follow, max-snippet:-1, max-image-preview:large, max-video-preview:-1\" \/>\n<link rel=\"canonical\" href=\"https:\/\/www.medela-vital.de\/blog\/mit-vitalpilzen-durch-die-wechseljahre\/\" \/>\n<meta property=\"og:locale\" content=\"de_DE\" \/>\n<meta property=\"og:type\" content=\"article\" \/>\n<meta property=\"og:title\" content=\"Mit Vitalpilzen durch die Wechseljahre - medela-vital\" \/>\n<meta property=\"og:description\" content=\"Mit Vitalpilzen die Wechseljahre begleitend \u00fcberstehen und neue Kraft aus der neuen Lebenssituation sch\u00f6pfen. Und das ohne Nebenwirkungen\" \/>\n<meta property=\"og:url\" content=\"https:\/\/www.medela-vital.de\/blog\/mit-vitalpilzen-durch-die-wechseljahre\/\" \/>\n<meta property=\"og:site_name\" content=\"medela-vital\" \/>\n<meta property=\"article:publisher\" content=\"https:\/\/de-de.facebook.com\/medelavital\/\" \/>\n<meta property=\"article:published_time\" content=\"2019-02-22T09:39:20+00:00\" \/>\n<meta property=\"article:modified_time\" content=\"2021-03-07T16:15:27+00:00\" \/>\n<meta property=\"og:image\" content=\"https:\/\/www.medela-vital.de\/blog\/wp-content\/uploads\/2018\/04\/girl-429380_640.jpg\" \/>\n\t<meta property=\"og:image:width\" content=\"640\" \/>\n\t<meta property=\"og:image:height\" content=\"426\" \/>\n\t<meta property=\"og:image:type\" content=\"image\/jpeg\" \/>\n<meta name=\"author\" content=\"Nadine Geier\" \/>\n<meta name=\"twitter:card\" content=\"summary_large_image\" \/>\n<meta name=\"twitter:label1\" content=\"Verfasst von\" \/>\n\t<meta name=\"twitter:data1\" content=\"Nadine Geier\" \/>\n\t<meta name=\"twitter:label2\" content=\"Gesch\u00e4tzte Lesezeit\" \/>\n\t<meta name=\"twitter:data2\" content=\"2\u00a0Minuten\" \/>\n<script type=\"application\/ld+json\" class=\"yoast-schema-graph\">{\"@context\":\"https:\\\/\\\/schema.org\",\"@graph\":[{\"@type\":\"Article\",\"@id\":\"https:\\\/\\\/www.medela-vital.de\\\/blog\\\/mit-vitalpilzen-durch-die-wechseljahre\\\/#article\",\"isPartOf\":{\"@id\":\"https:\\\/\\\/www.medela-vital.de\\\/blog\\\/mit-vitalpilzen-durch-die-wechseljahre\\\/\"},\"author\":{\"name\":\"Nadine Geier\",\"@id\":\"https:\\\/\\\/www.medela-vital.de\\\/blog\\\/#\\\/schema\\\/person\\\/16abb051cea55a07709767e8a0117e9d\"},\"headline\":\"Mit Vitalpilzen durch die Wechseljahre\",\"datePublished\":\"2019-02-22T09:39:20+00:00\",\"dateModified\":\"2021-03-07T16:15:27+00:00\",\"mainEntityOfPage\":{\"@id\":\"https:\\\/\\\/www.medela-vital.de\\\/blog\\\/mit-vitalpilzen-durch-die-wechseljahre\\\/\"},\"wordCount\":414,\"publisher\":{\"@id\":\"https:\\\/\\\/www.medela-vital.de\\\/blog\\\/#organization\"},\"image\":{\"@id\":\"https:\\\/\\\/www.medela-vital.de\\\/blog\\\/mit-vitalpilzen-durch-die-wechseljahre\\\/#primaryimage\"},\"thumbnailUrl\":\"https:\\\/\\\/www.medela-vital.de\\\/blog\\\/wp-content\\\/uploads\\\/2018\\\/04\\\/girl-429380_640.jpg\",\"inLanguage\":\"de\"},{\"@type\":\"WebPage\",\"@id\":\"https:\\\/\\\/www.medela-vital.de\\\/blog\\\/mit-vitalpilzen-durch-die-wechseljahre\\\/\",\"url\":\"https:\\\/\\\/www.medela-vital.de\\\/blog\\\/mit-vitalpilzen-durch-die-wechseljahre\\\/\",\"name\":\"Mit Vitalpilzen durch die Wechseljahre - medela-vital\",\"isPartOf\":{\"@id\":\"https:\\\/\\\/www.medela-vital.de\\\/blog\\\/#website\"},\"primaryImageOfPage\":{\"@id\":\"https:\\\/\\\/www.medela-vital.de\\\/blog\\\/mit-vitalpilzen-durch-die-wechseljahre\\\/#primaryimage\"},\"image\":{\"@id\":\"https:\\\/\\\/www.medela-vital.de\\\/blog\\\/mit-vitalpilzen-durch-die-wechseljahre\\\/#primaryimage\"},\"thumbnailUrl\":\"https:\\\/\\\/www.medela-vital.de\\\/blog\\\/wp-content\\\/uploads\\\/2018\\\/04\\\/girl-429380_640.jpg\",\"datePublished\":\"2019-02-22T09:39:20+00:00\",\"dateModified\":\"2021-03-07T16:15:27+00:00\",\"description\":\"Mit Vitalpilzen die Wechseljahre begleitend \u00fcberstehen und neue Kraft aus der neuen Lebenssituation sch\u00f6pfen. Und das ohne Nebenwirkungen\",\"breadcrumb\":{\"@id\":\"https:\\\/\\\/www.medela-vital.de\\\/blog\\\/mit-vitalpilzen-durch-die-wechseljahre\\\/#breadcrumb\"},\"inLanguage\":\"de\",\"potentialAction\":[{\"@type\":\"ReadAction\",\"target\":[\"https:\\\/\\\/www.medela-vital.de\\\/blog\\\/mit-vitalpilzen-durch-die-wechseljahre\\\/\"]}]},{\"@type\":\"ImageObject\",\"inLanguage\":\"de\",\"@id\":\"https:\\\/\\\/www.medela-vital.de\\\/blog\\\/mit-vitalpilzen-durch-die-wechseljahre\\\/#primaryimage\",\"url\":\"https:\\\/\\\/www.medela-vital.de\\\/blog\\\/wp-content\\\/uploads\\\/2018\\\/04\\\/girl-429380_640.jpg\",\"contentUrl\":\"https:\\\/\\\/www.medela-vital.de\\\/blog\\\/wp-content\\\/uploads\\\/2018\\\/04\\\/girl-429380_640.jpg\",\"width\":640,\"height\":426},{\"@type\":\"BreadcrumbList\",\"@id\":\"https:\\\/\\\/www.medela-vital.de\\\/blog\\\/mit-vitalpilzen-durch-die-wechseljahre\\\/#breadcrumb\",\"itemListElement\":[{\"@type\":\"ListItem\",\"position\":1,\"name\":\"Startseite\",\"item\":\"https:\\\/\\\/www.medela-vital.de\\\/blog\\\/\"},{\"@type\":\"ListItem\",\"position\":2,\"name\":\"Mit Vitalpilzen durch die Wechseljahre\"}]},{\"@type\":\"WebSite\",\"@id\":\"https:\\\/\\\/www.medela-vital.de\\\/blog\\\/#website\",\"url\":\"https:\\\/\\\/www.medela-vital.de\\\/blog\\\/\",\"name\":\"medela-vital\",\"description\":\"Unser neuer Vitalpilze-Blog\",\"publisher\":{\"@id\":\"https:\\\/\\\/www.medela-vital.de\\\/blog\\\/#organization\"},\"potentialAction\":[{\"@type\":\"SearchAction\",\"target\":{\"@type\":\"EntryPoint\",\"urlTemplate\":\"https:\\\/\\\/www.medela-vital.de\\\/blog\\\/?s={search_term_string}\"},\"query-input\":{\"@type\":\"PropertyValueSpecification\",\"valueRequired\":true,\"valueName\":\"search_term_string\"}}],\"inLanguage\":\"de\"},{\"@type\":\"Organization\",\"@id\":\"https:\\\/\\\/www.medela-vital.de\\\/blog\\\/#organization\",\"name\":\"Medela-vital\",\"url\":\"https:\\\/\\\/www.medela-vital.de\\\/blog\\\/\",\"logo\":{\"@type\":\"ImageObject\",\"inLanguage\":\"de\",\"@id\":\"https:\\\/\\\/www.medela-vital.de\\\/blog\\\/#\\\/schema\\\/logo\\\/image\\\/\",\"url\":\"https:\\\/\\\/www.medela-vital.de\\\/blog\\\/wp-content\\\/uploads\\\/2017\\\/12\\\/logo-medela-vital_logo.png\",\"contentUrl\":\"https:\\\/\\\/www.medela-vital.de\\\/blog\\\/wp-content\\\/uploads\\\/2017\\\/12\\\/logo-medela-vital_logo.png\",\"width\":739,\"height\":273,\"caption\":\"Medela-vital\"},\"image\":{\"@id\":\"https:\\\/\\\/www.medela-vital.de\\\/blog\\\/#\\\/schema\\\/logo\\\/image\\\/\"},\"sameAs\":[\"https:\\\/\\\/de-de.facebook.com\\\/medelavital\\\/\"]},{\"@type\":\"Person\",\"@id\":\"https:\\\/\\\/www.medela-vital.de\\\/blog\\\/#\\\/schema\\\/person\\\/16abb051cea55a07709767e8a0117e9d\",\"name\":\"Nadine Geier\",\"image\":{\"@type\":\"ImageObject\",\"inLanguage\":\"de\",\"@id\":\"https:\\\/\\\/secure.gravatar.com\\\/avatar\\\/92f1221f9fe110245bd315644e646de046d9246fade9f84be1b709ca4aacf355?s=96&d=mm&r=g\",\"url\":\"https:\\\/\\\/secure.gravatar.com\\\/avatar\\\/92f1221f9fe110245bd315644e646de046d9246fade9f84be1b709ca4aacf355?s=96&d=mm&r=g\",\"contentUrl\":\"https:\\\/\\\/secure.gravatar.com\\\/avatar\\\/92f1221f9fe110245bd315644e646de046d9246fade9f84be1b709ca4aacf355?s=96&d=mm&r=g\",\"caption\":\"Nadine Geier\"},\"sameAs\":[\"http:\\\/\\\/www.medela-vital.de\"]}]}<\/script>\n<!-- \/ Yoast SEO plugin. -->","yoast_head_json":{"title":"Mit Vitalpilzen durch die Wechseljahre - medela-vital","description":"Mit Vitalpilzen die Wechseljahre begleitend \u00fcberstehen und neue Kraft aus der neuen Lebenssituation sch\u00f6pfen. Und das ohne Nebenwirkungen","robots":{"index":"index","follow":"follow","max-snippet":"max-snippet:-1","max-image-preview":"max-image-preview:large","max-video-preview":"max-video-preview:-1"},"canonical":"https:\/\/www.medela-vital.de\/blog\/mit-vitalpilzen-durch-die-wechseljahre\/","og_locale":"de_DE","og_type":"article","og_title":"Mit Vitalpilzen durch die Wechseljahre - medela-vital","og_description":"Mit Vitalpilzen die Wechseljahre begleitend \u00fcberstehen und neue Kraft aus der neuen Lebenssituation sch\u00f6pfen. Und das ohne Nebenwirkungen","og_url":"https:\/\/www.medela-vital.de\/blog\/mit-vitalpilzen-durch-die-wechseljahre\/","og_site_name":"medela-vital","article_publisher":"https:\/\/de-de.facebook.com\/medelavital\/","article_published_time":"2019-02-22T09:39:20+00:00","article_modified_time":"2021-03-07T16:15:27+00:00","og_image":[{"width":640,"height":426,"url":"https:\/\/www.medela-vital.de\/blog\/wp-content\/uploads\/2018\/04\/girl-429380_640.jpg","type":"image\/jpeg"}],"author":"Nadine Geier","twitter_card":"summary_large_image","twitter_misc":{"Verfasst von":"Nadine Geier","Gesch\u00e4tzte Lesezeit":"2\u00a0Minuten"},"schema":{"@context":"https:\/\/schema.org","@graph":[{"@type":"Article","@id":"https:\/\/www.medela-vital.de\/blog\/mit-vitalpilzen-durch-die-wechseljahre\/#article","isPartOf":{"@id":"https:\/\/www.medela-vital.de\/blog\/mit-vitalpilzen-durch-die-wechseljahre\/"},"author":{"name":"Nadine Geier","@id":"https:\/\/www.medela-vital.de\/blog\/#\/schema\/person\/16abb051cea55a07709767e8a0117e9d"},"headline":"Mit Vitalpilzen durch die Wechseljahre","datePublished":"2019-02-22T09:39:20+00:00","dateModified":"2021-03-07T16:15:27+00:00","mainEntityOfPage":{"@id":"https:\/\/www.medela-vital.de\/blog\/mit-vitalpilzen-durch-die-wechseljahre\/"},"wordCount":414,"publisher":{"@id":"https:\/\/www.medela-vital.de\/blog\/#organization"},"image":{"@id":"https:\/\/www.medela-vital.de\/blog\/mit-vitalpilzen-durch-die-wechseljahre\/#primaryimage"},"thumbnailUrl":"https:\/\/www.medela-vital.de\/blog\/wp-content\/uploads\/2018\/04\/girl-429380_640.jpg","inLanguage":"de"},{"@type":"WebPage","@id":"https:\/\/www.medela-vital.de\/blog\/mit-vitalpilzen-durch-die-wechseljahre\/","url":"https:\/\/www.medela-vital.de\/blog\/mit-vitalpilzen-durch-die-wechseljahre\/","name":"Mit Vitalpilzen durch die Wechseljahre - medela-vital","isPartOf":{"@id":"https:\/\/www.medela-vital.de\/blog\/#website"},"primaryImageOfPage":{"@id":"https:\/\/www.medela-vital.de\/blog\/mit-vitalpilzen-durch-die-wechseljahre\/#primaryimage"},"image":{"@id":"https:\/\/www.medela-vital.de\/blog\/mit-vitalpilzen-durch-die-wechseljahre\/#primaryimage"},"thumbnailUrl":"https:\/\/www.medela-vital.de\/blog\/wp-content\/uploads\/2018\/04\/girl-429380_640.jpg","datePublished":"2019-02-22T09:39:20+00:00","dateModified":"2021-03-07T16:15:27+00:00","description":"Mit Vitalpilzen die Wechseljahre begleitend \u00fcberstehen und neue Kraft aus der neuen Lebenssituation sch\u00f6pfen. Und das ohne Nebenwirkungen","breadcrumb":{"@id":"https:\/\/www.medela-vital.de\/blog\/mit-vitalpilzen-durch-die-wechseljahre\/#breadcrumb"},"inLanguage":"de","potentialAction":[{"@type":"ReadAction","target":["https:\/\/www.medela-vital.de\/blog\/mit-vitalpilzen-durch-die-wechseljahre\/"]}]},{"@type":"ImageObject","inLanguage":"de","@id":"https:\/\/www.medela-vital.de\/blog\/mit-vitalpilzen-durch-die-wechseljahre\/#primaryimage","url":"https:\/\/www.medela-vital.de\/blog\/wp-content\/uploads\/2018\/04\/girl-429380_640.jpg","contentUrl":"https:\/\/www.medela-vital.de\/blog\/wp-content\/uploads\/2018\/04\/girl-429380_640.jpg","width":640,"height":426},{"@type":"BreadcrumbList","@id":"https:\/\/www.medela-vital.de\/blog\/mit-vitalpilzen-durch-die-wechseljahre\/#breadcrumb","itemListElement":[{"@type":"ListItem","position":1,"name":"Startseite","item":"https:\/\/www.medela-vital.de\/blog\/"},{"@type":"ListItem","position":2,"name":"Mit Vitalpilzen durch die Wechseljahre"}]},{"@type":"WebSite","@id":"https:\/\/www.medela-vital.de\/blog\/#website","url":"https:\/\/www.medela-vital.de\/blog\/","name":"medela-vital","description":"Unser neuer Vitalpilze-Blog","publisher":{"@id":"https:\/\/www.medela-vital.de\/blog\/#organization"},"potentialAction":[{"@type":"SearchAction","target":{"@type":"EntryPoint","urlTemplate":"https:\/\/www.medela-vital.de\/blog\/?s={search_term_string}"},"query-input":{"@type":"PropertyValueSpecification","valueRequired":true,"valueName":"search_term_string"}}],"inLanguage":"de"},{"@type":"Organization","@id":"https:\/\/www.medela-vital.de\/blog\/#organization","name":"Medela-vital","url":"https:\/\/www.medela-vital.de\/blog\/","logo":{"@type":"ImageObject","inLanguage":"de","@id":"https:\/\/www.medela-vital.de\/blog\/#\/schema\/logo\/image\/","url":"https:\/\/www.medela-vital.de\/blog\/wp-content\/uploads\/2017\/12\/logo-medela-vital_logo.png","contentUrl":"https:\/\/www.medela-vital.de\/blog\/wp-content\/uploads\/2017\/12\/logo-medela-vital_logo.png","width":739,"height":273,"caption":"Medela-vital"},"image":{"@id":"https:\/\/www.medela-vital.de\/blog\/#\/schema\/logo\/image\/"},"sameAs":["https:\/\/de-de.facebook.com\/medelavital\/"]},{"@type":"Person","@id":"https:\/\/www.medela-vital.de\/blog\/#\/schema\/person\/16abb051cea55a07709767e8a0117e9d","name":"Nadine Geier","image":{"@type":"ImageObject","inLanguage":"de","@id":"https:\/\/secure.gravatar.com\/avatar\/92f1221f9fe110245bd315644e646de046d9246fade9f84be1b709ca4aacf355?s=96&d=mm&r=g","url":"https:\/\/secure.gravatar.com\/avatar\/92f1221f9fe110245bd315644e646de046d9246fade9f84be1b709ca4aacf355?s=96&d=mm&r=g","contentUrl":"https:\/\/secure.gravatar.com\/avatar\/92f1221f9fe110245bd315644e646de046d9246fade9f84be1b709ca4aacf355?s=96&d=mm&r=g","caption":"Nadine Geier"},"sameAs":["http:\/\/www.medela-vital.de"]}]}},"_links":{"self":[{"href":"https:\/\/www.medela-vital.de\/blog\/wp-json\/wp\/v2\/posts\/163","targetHints":{"allow":["GET"]}}],"collection":[{"href":"https:\/\/www.medela-vital.de\/blog\/wp-json\/wp\/v2\/posts"}],"about":[{"href":"https:\/\/www.medela-vital.de\/blog\/wp-json\/wp\/v2\/types\/post"}],"author":[{"embeddable":true,"href":"https:\/\/www.medela-vital.de\/blog\/wp-json\/wp\/v2\/users\/2"}],"replies":[{"embeddable":true,"href":"https:\/\/www.medela-vital.de\/blog\/wp-json\/wp\/v2\/comments?post=163"}],"version-history":[{"count":5,"href":"https:\/\/www.medela-vital.de\/blog\/wp-json\/wp\/v2\/posts\/163\/revisions"}],"predecessor-version":[{"id":171,"href":"https:\/\/www.medela-vital.de\/blog\/wp-json\/wp\/v2\/posts\/163\/revisions\/171"}],"wp:featuredmedia":[{"embeddable":true,"href":"https:\/\/www.medela-vital.de\/blog\/wp-json\/wp\/v2\/media\/120"}],"wp:attachment":[{"href":"https:\/\/www.medela-vital.de\/blog\/wp-json\/wp\/v2\/media?parent=163"}],"wp:term":[{"taxonomy":"category","embeddable":true,"href":"https:\/\/www.medela-vital.de\/blog\/wp-json\/wp\/v2\/categories?post=163"},{"taxonomy":"post_tag","embeddable":true,"href":"https:\/\/www.medela-vital.de\/blog\/wp-json\/wp\/v2\/tags?post=163"}],"curies":[{"name":"wp","href":"https:\/\/api.w.org\/{rel}","templated":true}]}}