{"id":140,"date":"2018-07-23T11:14:59","date_gmt":"2018-07-23T09:14:59","guid":{"rendered":"https:\/\/www.medela-vital.de\/blog\/?p=140"},"modified":"2021-03-07T17:15:27","modified_gmt":"2021-03-07T16:15:27","slug":"cellulite-und-wasseransammlungen-mit-vitalpilzen-bekaempfen","status":"publish","type":"post","link":"https:\/\/www.medela-vital.de\/blog\/cellulite-und-wasseransammlungen-mit-vitalpilzen-bekaempfen\/","title":{"rendered":"Cellulite und Wasseransammlungen mit Vitalpilzen bek\u00e4mpfen!"},"content":{"rendered":"<p><img loading=\"lazy\" decoding=\"async\" class=\"size-medium wp-image-141 aligncenter\" src=\"https:\/\/www.medela-vital.de\/blog\/wp-content\/uploads\/2018\/07\/people-2943008_640-300x200.jpg\" alt=\"\" width=\"300\" height=\"200\" srcset=\"https:\/\/www.medela-vital.de\/blog\/wp-content\/uploads\/2018\/07\/people-2943008_640-300x200.jpg 300w, https:\/\/www.medela-vital.de\/blog\/wp-content\/uploads\/2018\/07\/people-2943008_640.jpg 640w\" sizes=\"auto, (max-width: 300px) 100vw, 300px\" \/><\/p>\n<p>&nbsp;<\/p>\n<p style=\"text-align: center;\">Wer tr\u00e4umt nicht von schlanken, straffen und gesunden Beinen? Doch vor allem im Sommer machen uns Wassereinlagerungen und Cellulite oftmals einen Strich durch die Rechnung.<\/p>\n<p style=\"text-align: center;\">Mit gesunder Ern\u00e4hrung, guten Genen, Sport und ausreichend Fl\u00fcssigkeit ist den Meisten schon geholfen auf dem Weg zu Ihren &#8222;Traumbeinen&#8220;.\u00a0 Doch auch mit Vitalpilzen kann man Wassereinlagerungen und unsch\u00f6nen Dellen den Kampf ansagen. Wir zeigen Euch, welche Pilze hierf\u00fcr in Betracht gezogen werden k\u00f6nnen.<\/p>\n<p><!--more--><\/p>\n<div class=\"cc-m-hgrid-column\">\n<div id=\"cc-matrix-2408472482\">\n<div id=\"cc-m-9129955882\" class=\"j-module n j-header \">\n<h3><\/h3>\n<h3 id=\"cc-m-header-9129955882\" class=\"\"><a href=\"https:\/\/www.medela-vital.de\/polyporus\/\">Der Polyporus<\/a><\/h3>\n<\/div>\n<div id=\"cc-m-9129966082\" class=\"j-module n j-text \">\n<p>Dem Vitalpilz Polyporus wird eine\u00a0harntreibende Wirkung nachgesagt, wobei er im Gegensatz zu synthetischen Pr\u00e4paraten kein lebensnotwendiges Kalium ausschwemmt, das danach wieder aufgenommen werden muss. Damit ist der\u00a0Polyporus nicht nur eine schonende Alternative bei der\u00a0Behandlung von Reizungen des Harntraktes, sondern auch bei den unterschiedlichsten Formen von\u00a0\u00d6demen und Wassereinlagerungen.<\/p>\n<p>Verschwinden diese \u00fcbersch\u00fcssigen Wasseransammlungen, wirkt auch das Hautbild direkt straffer und geschmeidiger.<\/p>\n<\/div>\n<\/div>\n<\/div>\n<div class=\"cc-m-hgrid-separator\" data-display=\"cms-only\">\n<div><\/div>\n<\/div>\n<div class=\"cc-m-hgrid-column last\">\n<div id=\"cc-matrix-2408472582\">\n<div id=\"cc-m-9129956082\" class=\"j-module n j-header \">\n<h3><\/h3>\n<h3 id=\"cc-m-header-9129956082\" class=\"\"><a href=\"https:\/\/www.medela-vital.de\/maitake\/\">Der Maitake<\/a><\/h3>\n<\/div>\n<div id=\"cc-m-9129979782\" class=\"j-module n j-text \">\n<p>Der Maitake gilt als einer der wichtigsten Vitalpilze bei der Gewichtsabnahme. Seine Inhaltsstoffe sollen die Fettverdauung verbessern und Fetteinlagerungen reduzieren.\u00a0 In Verbindung mit Sport und gesunder Ern\u00e4hrung werden die Pfunde schmelzen und damit auch die Cellulite weniger werden.<\/p>\n<p>Zus\u00e4tzlich enth\u00e4lt der Maitake viele wertvolle Inhaltsstoffe, wie z.B. Magnesium, Kalium, Zink, Eisen und Ergosterin (Vorstufe Vitamin D). Die enthaltenen Polysaccharide sind f\u00fcr die F\u00f6rderung der Gesundheit ebenfalls sehr wertvoll.<\/p>\n<\/div>\n<div id=\"cc-m-9130005282\" class=\"j-module n j-text \">\n<p>&nbsp;<\/p>\n<p>&nbsp;<\/p>\n<h3><strong>Somit steht der Bikinifigur nichts mehr im Weg. Aber sind wir mal ehrlich M\u00e4dels, auch mit Cellulite und einigen Kilos mehr sehen wir wundervoll aus und deshalb kann man die Vitalpilze auch nur f\u00fcr die Gesundheit einnehmen und trotzdem die ein oder andere Tafel Schokolade dazu vernaschen!<\/strong><\/h3>\n<\/div>\n<div id=\"cc-m-9130006282\" class=\"j-module n j-hr \">\n<hr \/>\n<\/div>\n<div id=\"cc-m-9130007382\" class=\"j-module n j-spacing \"><\/div>\n<\/div>\n<\/div>\n","protected":false},"excerpt":{"rendered":"<p>&nbsp; Wer tr\u00e4umt nicht von schlanken, straffen und gesunden Beinen? Doch vor allem im Sommer machen uns Wassereinlagerungen und Cellulite oftmals einen Strich durch die Rechnung. Mit gesunder Ern\u00e4hrung, guten Genen, Sport und ausreichend Fl\u00fcssigkeit ist den Meisten schon geholfen auf dem Weg zu Ihren &#8222;Traumbeinen&#8220;.\u00a0 Doch auch mit Vitalpilzen kann man Wassereinlagerungen und unsch\u00f6nen &hellip; <a href=\"https:\/\/www.medela-vital.de\/blog\/cellulite-und-wasseransammlungen-mit-vitalpilzen-bekaempfen\/\">Weiterlesen<\/a><\/p>\n","protected":false},"author":2,"featured_media":141,"comment_status":"closed","ping_status":"open","sticky":false,"template":"","format":"standard","meta":{"footnotes":""},"categories":[2],"tags":[],"class_list":["post-140","post","type-post","status-publish","format-standard","has-post-thumbnail","hentry","category-vitalpilze"],"yoast_head":"<!-- This site is optimized with the Yoast SEO plugin v27.4 - https:\/\/yoast.com\/product\/yoast-seo-wordpress\/ -->\n<title>Cellulite und Wasseransammlungen mit Vitalpilzen bek\u00e4mpfen! - medela-vital<\/title>\n<meta name=\"robots\" content=\"index, follow, max-snippet:-1, max-image-preview:large, max-video-preview:-1\" \/>\n<link rel=\"canonical\" href=\"https:\/\/www.medela-vital.de\/blog\/cellulite-und-wasseransammlungen-mit-vitalpilzen-bekaempfen\/\" \/>\n<meta property=\"og:locale\" content=\"de_DE\" \/>\n<meta property=\"og:type\" content=\"article\" \/>\n<meta property=\"og:title\" content=\"Cellulite und Wasseransammlungen mit Vitalpilzen bek\u00e4mpfen! - medela-vital\" \/>\n<meta property=\"og:description\" content=\"&nbsp; Wer tr\u00e4umt nicht von schlanken, straffen und gesunden Beinen? Doch vor allem im Sommer machen uns Wassereinlagerungen und Cellulite oftmals einen Strich durch die Rechnung. Mit gesunder Ern\u00e4hrung, guten Genen, Sport und ausreichend Fl\u00fcssigkeit ist den Meisten schon geholfen auf dem Weg zu Ihren &#8222;Traumbeinen&#8220;.\u00a0 Doch auch mit Vitalpilzen kann man Wassereinlagerungen und unsch\u00f6nen &hellip; Weiterlesen\" \/>\n<meta property=\"og:url\" content=\"https:\/\/www.medela-vital.de\/blog\/cellulite-und-wasseransammlungen-mit-vitalpilzen-bekaempfen\/\" \/>\n<meta property=\"og:site_name\" content=\"medela-vital\" \/>\n<meta property=\"article:publisher\" content=\"https:\/\/de-de.facebook.com\/medelavital\/\" \/>\n<meta property=\"article:published_time\" content=\"2018-07-23T09:14:59+00:00\" \/>\n<meta property=\"article:modified_time\" content=\"2021-03-07T16:15:27+00:00\" \/>\n<meta property=\"og:image\" content=\"https:\/\/www.medela-vital.de\/blog\/wp-content\/uploads\/2018\/07\/people-2943008_640.jpg\" \/>\n\t<meta property=\"og:image:width\" content=\"640\" \/>\n\t<meta property=\"og:image:height\" content=\"426\" \/>\n\t<meta property=\"og:image:type\" content=\"image\/jpeg\" \/>\n<meta name=\"author\" content=\"Nadine Geier\" \/>\n<meta name=\"twitter:card\" content=\"summary_large_image\" \/>\n<meta name=\"twitter:label1\" content=\"Verfasst von\" \/>\n\t<meta name=\"twitter:data1\" content=\"Nadine Geier\" \/>\n\t<meta name=\"twitter:label2\" content=\"Gesch\u00e4tzte Lesezeit\" \/>\n\t<meta name=\"twitter:data2\" content=\"1\u00a0Minute\" \/>\n<script type=\"application\/ld+json\" class=\"yoast-schema-graph\">{\"@context\":\"https:\\\/\\\/schema.org\",\"@graph\":[{\"@type\":\"Article\",\"@id\":\"https:\\\/\\\/www.medela-vital.de\\\/blog\\\/cellulite-und-wasseransammlungen-mit-vitalpilzen-bekaempfen\\\/#article\",\"isPartOf\":{\"@id\":\"https:\\\/\\\/www.medela-vital.de\\\/blog\\\/cellulite-und-wasseransammlungen-mit-vitalpilzen-bekaempfen\\\/\"},\"author\":{\"name\":\"Nadine Geier\",\"@id\":\"https:\\\/\\\/www.medela-vital.de\\\/blog\\\/#\\\/schema\\\/person\\\/16abb051cea55a07709767e8a0117e9d\"},\"headline\":\"Cellulite und Wasseransammlungen mit Vitalpilzen bek\u00e4mpfen!\",\"datePublished\":\"2018-07-23T09:14:59+00:00\",\"dateModified\":\"2021-03-07T16:15:27+00:00\",\"mainEntityOfPage\":{\"@id\":\"https:\\\/\\\/www.medela-vital.de\\\/blog\\\/cellulite-und-wasseransammlungen-mit-vitalpilzen-bekaempfen\\\/\"},\"wordCount\":277,\"publisher\":{\"@id\":\"https:\\\/\\\/www.medela-vital.de\\\/blog\\\/#organization\"},\"image\":{\"@id\":\"https:\\\/\\\/www.medela-vital.de\\\/blog\\\/cellulite-und-wasseransammlungen-mit-vitalpilzen-bekaempfen\\\/#primaryimage\"},\"thumbnailUrl\":\"https:\\\/\\\/www.medela-vital.de\\\/blog\\\/wp-content\\\/uploads\\\/2018\\\/07\\\/people-2943008_640.jpg\",\"articleSection\":[\"Vitalpilze\"],\"inLanguage\":\"de\"},{\"@type\":\"WebPage\",\"@id\":\"https:\\\/\\\/www.medela-vital.de\\\/blog\\\/cellulite-und-wasseransammlungen-mit-vitalpilzen-bekaempfen\\\/\",\"url\":\"https:\\\/\\\/www.medela-vital.de\\\/blog\\\/cellulite-und-wasseransammlungen-mit-vitalpilzen-bekaempfen\\\/\",\"name\":\"Cellulite und Wasseransammlungen mit Vitalpilzen bek\u00e4mpfen! - medela-vital\",\"isPartOf\":{\"@id\":\"https:\\\/\\\/www.medela-vital.de\\\/blog\\\/#website\"},\"primaryImageOfPage\":{\"@id\":\"https:\\\/\\\/www.medela-vital.de\\\/blog\\\/cellulite-und-wasseransammlungen-mit-vitalpilzen-bekaempfen\\\/#primaryimage\"},\"image\":{\"@id\":\"https:\\\/\\\/www.medela-vital.de\\\/blog\\\/cellulite-und-wasseransammlungen-mit-vitalpilzen-bekaempfen\\\/#primaryimage\"},\"thumbnailUrl\":\"https:\\\/\\\/www.medela-vital.de\\\/blog\\\/wp-content\\\/uploads\\\/2018\\\/07\\\/people-2943008_640.jpg\",\"datePublished\":\"2018-07-23T09:14:59+00:00\",\"dateModified\":\"2021-03-07T16:15:27+00:00\",\"breadcrumb\":{\"@id\":\"https:\\\/\\\/www.medela-vital.de\\\/blog\\\/cellulite-und-wasseransammlungen-mit-vitalpilzen-bekaempfen\\\/#breadcrumb\"},\"inLanguage\":\"de\",\"potentialAction\":[{\"@type\":\"ReadAction\",\"target\":[\"https:\\\/\\\/www.medela-vital.de\\\/blog\\\/cellulite-und-wasseransammlungen-mit-vitalpilzen-bekaempfen\\\/\"]}]},{\"@type\":\"ImageObject\",\"inLanguage\":\"de\",\"@id\":\"https:\\\/\\\/www.medela-vital.de\\\/blog\\\/cellulite-und-wasseransammlungen-mit-vitalpilzen-bekaempfen\\\/#primaryimage\",\"url\":\"https:\\\/\\\/www.medela-vital.de\\\/blog\\\/wp-content\\\/uploads\\\/2018\\\/07\\\/people-2943008_640.jpg\",\"contentUrl\":\"https:\\\/\\\/www.medela-vital.de\\\/blog\\\/wp-content\\\/uploads\\\/2018\\\/07\\\/people-2943008_640.jpg\",\"width\":640,\"height\":426},{\"@type\":\"BreadcrumbList\",\"@id\":\"https:\\\/\\\/www.medela-vital.de\\\/blog\\\/cellulite-und-wasseransammlungen-mit-vitalpilzen-bekaempfen\\\/#breadcrumb\",\"itemListElement\":[{\"@type\":\"ListItem\",\"position\":1,\"name\":\"Startseite\",\"item\":\"https:\\\/\\\/www.medela-vital.de\\\/blog\\\/\"},{\"@type\":\"ListItem\",\"position\":2,\"name\":\"Cellulite und Wasseransammlungen mit Vitalpilzen bek\u00e4mpfen!\"}]},{\"@type\":\"WebSite\",\"@id\":\"https:\\\/\\\/www.medela-vital.de\\\/blog\\\/#website\",\"url\":\"https:\\\/\\\/www.medela-vital.de\\\/blog\\\/\",\"name\":\"medela-vital\",\"description\":\"Unser neuer Vitalpilze-Blog\",\"publisher\":{\"@id\":\"https:\\\/\\\/www.medela-vital.de\\\/blog\\\/#organization\"},\"potentialAction\":[{\"@type\":\"SearchAction\",\"target\":{\"@type\":\"EntryPoint\",\"urlTemplate\":\"https:\\\/\\\/www.medela-vital.de\\\/blog\\\/?s={search_term_string}\"},\"query-input\":{\"@type\":\"PropertyValueSpecification\",\"valueRequired\":true,\"valueName\":\"search_term_string\"}}],\"inLanguage\":\"de\"},{\"@type\":\"Organization\",\"@id\":\"https:\\\/\\\/www.medela-vital.de\\\/blog\\\/#organization\",\"name\":\"Medela-vital\",\"url\":\"https:\\\/\\\/www.medela-vital.de\\\/blog\\\/\",\"logo\":{\"@type\":\"ImageObject\",\"inLanguage\":\"de\",\"@id\":\"https:\\\/\\\/www.medela-vital.de\\\/blog\\\/#\\\/schema\\\/logo\\\/image\\\/\",\"url\":\"https:\\\/\\\/www.medela-vital.de\\\/blog\\\/wp-content\\\/uploads\\\/2017\\\/12\\\/logo-medela-vital_logo.png\",\"contentUrl\":\"https:\\\/\\\/www.medela-vital.de\\\/blog\\\/wp-content\\\/uploads\\\/2017\\\/12\\\/logo-medela-vital_logo.png\",\"width\":739,\"height\":273,\"caption\":\"Medela-vital\"},\"image\":{\"@id\":\"https:\\\/\\\/www.medela-vital.de\\\/blog\\\/#\\\/schema\\\/logo\\\/image\\\/\"},\"sameAs\":[\"https:\\\/\\\/de-de.facebook.com\\\/medelavital\\\/\"]},{\"@type\":\"Person\",\"@id\":\"https:\\\/\\\/www.medela-vital.de\\\/blog\\\/#\\\/schema\\\/person\\\/16abb051cea55a07709767e8a0117e9d\",\"name\":\"Nadine Geier\",\"image\":{\"@type\":\"ImageObject\",\"inLanguage\":\"de\",\"@id\":\"https:\\\/\\\/secure.gravatar.com\\\/avatar\\\/92f1221f9fe110245bd315644e646de046d9246fade9f84be1b709ca4aacf355?s=96&d=mm&r=g\",\"url\":\"https:\\\/\\\/secure.gravatar.com\\\/avatar\\\/92f1221f9fe110245bd315644e646de046d9246fade9f84be1b709ca4aacf355?s=96&d=mm&r=g\",\"contentUrl\":\"https:\\\/\\\/secure.gravatar.com\\\/avatar\\\/92f1221f9fe110245bd315644e646de046d9246fade9f84be1b709ca4aacf355?s=96&d=mm&r=g\",\"caption\":\"Nadine Geier\"},\"sameAs\":[\"http:\\\/\\\/www.medela-vital.de\"]}]}<\/script>\n<!-- \/ Yoast SEO plugin. -->","yoast_head_json":{"title":"Cellulite und Wasseransammlungen mit Vitalpilzen bek\u00e4mpfen! - medela-vital","robots":{"index":"index","follow":"follow","max-snippet":"max-snippet:-1","max-image-preview":"max-image-preview:large","max-video-preview":"max-video-preview:-1"},"canonical":"https:\/\/www.medela-vital.de\/blog\/cellulite-und-wasseransammlungen-mit-vitalpilzen-bekaempfen\/","og_locale":"de_DE","og_type":"article","og_title":"Cellulite und Wasseransammlungen mit Vitalpilzen bek\u00e4mpfen! - medela-vital","og_description":"&nbsp; Wer tr\u00e4umt nicht von schlanken, straffen und gesunden Beinen? Doch vor allem im Sommer machen uns Wassereinlagerungen und Cellulite oftmals einen Strich durch die Rechnung. Mit gesunder Ern\u00e4hrung, guten Genen, Sport und ausreichend Fl\u00fcssigkeit ist den Meisten schon geholfen auf dem Weg zu Ihren &#8222;Traumbeinen&#8220;.\u00a0 Doch auch mit Vitalpilzen kann man Wassereinlagerungen und unsch\u00f6nen &hellip; Weiterlesen","og_url":"https:\/\/www.medela-vital.de\/blog\/cellulite-und-wasseransammlungen-mit-vitalpilzen-bekaempfen\/","og_site_name":"medela-vital","article_publisher":"https:\/\/de-de.facebook.com\/medelavital\/","article_published_time":"2018-07-23T09:14:59+00:00","article_modified_time":"2021-03-07T16:15:27+00:00","og_image":[{"width":640,"height":426,"url":"https:\/\/www.medela-vital.de\/blog\/wp-content\/uploads\/2018\/07\/people-2943008_640.jpg","type":"image\/jpeg"}],"author":"Nadine Geier","twitter_card":"summary_large_image","twitter_misc":{"Verfasst von":"Nadine Geier","Gesch\u00e4tzte Lesezeit":"1\u00a0Minute"},"schema":{"@context":"https:\/\/schema.org","@graph":[{"@type":"Article","@id":"https:\/\/www.medela-vital.de\/blog\/cellulite-und-wasseransammlungen-mit-vitalpilzen-bekaempfen\/#article","isPartOf":{"@id":"https:\/\/www.medela-vital.de\/blog\/cellulite-und-wasseransammlungen-mit-vitalpilzen-bekaempfen\/"},"author":{"name":"Nadine Geier","@id":"https:\/\/www.medela-vital.de\/blog\/#\/schema\/person\/16abb051cea55a07709767e8a0117e9d"},"headline":"Cellulite und Wasseransammlungen mit Vitalpilzen bek\u00e4mpfen!","datePublished":"2018-07-23T09:14:59+00:00","dateModified":"2021-03-07T16:15:27+00:00","mainEntityOfPage":{"@id":"https:\/\/www.medela-vital.de\/blog\/cellulite-und-wasseransammlungen-mit-vitalpilzen-bekaempfen\/"},"wordCount":277,"publisher":{"@id":"https:\/\/www.medela-vital.de\/blog\/#organization"},"image":{"@id":"https:\/\/www.medela-vital.de\/blog\/cellulite-und-wasseransammlungen-mit-vitalpilzen-bekaempfen\/#primaryimage"},"thumbnailUrl":"https:\/\/www.medela-vital.de\/blog\/wp-content\/uploads\/2018\/07\/people-2943008_640.jpg","articleSection":["Vitalpilze"],"inLanguage":"de"},{"@type":"WebPage","@id":"https:\/\/www.medela-vital.de\/blog\/cellulite-und-wasseransammlungen-mit-vitalpilzen-bekaempfen\/","url":"https:\/\/www.medela-vital.de\/blog\/cellulite-und-wasseransammlungen-mit-vitalpilzen-bekaempfen\/","name":"Cellulite und Wasseransammlungen mit Vitalpilzen bek\u00e4mpfen! - medela-vital","isPartOf":{"@id":"https:\/\/www.medela-vital.de\/blog\/#website"},"primaryImageOfPage":{"@id":"https:\/\/www.medela-vital.de\/blog\/cellulite-und-wasseransammlungen-mit-vitalpilzen-bekaempfen\/#primaryimage"},"image":{"@id":"https:\/\/www.medela-vital.de\/blog\/cellulite-und-wasseransammlungen-mit-vitalpilzen-bekaempfen\/#primaryimage"},"thumbnailUrl":"https:\/\/www.medela-vital.de\/blog\/wp-content\/uploads\/2018\/07\/people-2943008_640.jpg","datePublished":"2018-07-23T09:14:59+00:00","dateModified":"2021-03-07T16:15:27+00:00","breadcrumb":{"@id":"https:\/\/www.medela-vital.de\/blog\/cellulite-und-wasseransammlungen-mit-vitalpilzen-bekaempfen\/#breadcrumb"},"inLanguage":"de","potentialAction":[{"@type":"ReadAction","target":["https:\/\/www.medela-vital.de\/blog\/cellulite-und-wasseransammlungen-mit-vitalpilzen-bekaempfen\/"]}]},{"@type":"ImageObject","inLanguage":"de","@id":"https:\/\/www.medela-vital.de\/blog\/cellulite-und-wasseransammlungen-mit-vitalpilzen-bekaempfen\/#primaryimage","url":"https:\/\/www.medela-vital.de\/blog\/wp-content\/uploads\/2018\/07\/people-2943008_640.jpg","contentUrl":"https:\/\/www.medela-vital.de\/blog\/wp-content\/uploads\/2018\/07\/people-2943008_640.jpg","width":640,"height":426},{"@type":"BreadcrumbList","@id":"https:\/\/www.medela-vital.de\/blog\/cellulite-und-wasseransammlungen-mit-vitalpilzen-bekaempfen\/#breadcrumb","itemListElement":[{"@type":"ListItem","position":1,"name":"Startseite","item":"https:\/\/www.medela-vital.de\/blog\/"},{"@type":"ListItem","position":2,"name":"Cellulite und Wasseransammlungen mit Vitalpilzen bek\u00e4mpfen!"}]},{"@type":"WebSite","@id":"https:\/\/www.medela-vital.de\/blog\/#website","url":"https:\/\/www.medela-vital.de\/blog\/","name":"medela-vital","description":"Unser neuer Vitalpilze-Blog","publisher":{"@id":"https:\/\/www.medela-vital.de\/blog\/#organization"},"potentialAction":[{"@type":"SearchAction","target":{"@type":"EntryPoint","urlTemplate":"https:\/\/www.medela-vital.de\/blog\/?s={search_term_string}"},"query-input":{"@type":"PropertyValueSpecification","valueRequired":true,"valueName":"search_term_string"}}],"inLanguage":"de"},{"@type":"Organization","@id":"https:\/\/www.medela-vital.de\/blog\/#organization","name":"Medela-vital","url":"https:\/\/www.medela-vital.de\/blog\/","logo":{"@type":"ImageObject","inLanguage":"de","@id":"https:\/\/www.medela-vital.de\/blog\/#\/schema\/logo\/image\/","url":"https:\/\/www.medela-vital.de\/blog\/wp-content\/uploads\/2017\/12\/logo-medela-vital_logo.png","contentUrl":"https:\/\/www.medela-vital.de\/blog\/wp-content\/uploads\/2017\/12\/logo-medela-vital_logo.png","width":739,"height":273,"caption":"Medela-vital"},"image":{"@id":"https:\/\/www.medela-vital.de\/blog\/#\/schema\/logo\/image\/"},"sameAs":["https:\/\/de-de.facebook.com\/medelavital\/"]},{"@type":"Person","@id":"https:\/\/www.medela-vital.de\/blog\/#\/schema\/person\/16abb051cea55a07709767e8a0117e9d","name":"Nadine Geier","image":{"@type":"ImageObject","inLanguage":"de","@id":"https:\/\/secure.gravatar.com\/avatar\/92f1221f9fe110245bd315644e646de046d9246fade9f84be1b709ca4aacf355?s=96&d=mm&r=g","url":"https:\/\/secure.gravatar.com\/avatar\/92f1221f9fe110245bd315644e646de046d9246fade9f84be1b709ca4aacf355?s=96&d=mm&r=g","contentUrl":"https:\/\/secure.gravatar.com\/avatar\/92f1221f9fe110245bd315644e646de046d9246fade9f84be1b709ca4aacf355?s=96&d=mm&r=g","caption":"Nadine Geier"},"sameAs":["http:\/\/www.medela-vital.de"]}]}},"_links":{"self":[{"href":"https:\/\/www.medela-vital.de\/blog\/wp-json\/wp\/v2\/posts\/140","targetHints":{"allow":["GET"]}}],"collection":[{"href":"https:\/\/www.medela-vital.de\/blog\/wp-json\/wp\/v2\/posts"}],"about":[{"href":"https:\/\/www.medela-vital.de\/blog\/wp-json\/wp\/v2\/types\/post"}],"author":[{"embeddable":true,"href":"https:\/\/www.medela-vital.de\/blog\/wp-json\/wp\/v2\/users\/2"}],"replies":[{"embeddable":true,"href":"https:\/\/www.medela-vital.de\/blog\/wp-json\/wp\/v2\/comments?post=140"}],"version-history":[{"count":2,"href":"https:\/\/www.medela-vital.de\/blog\/wp-json\/wp\/v2\/posts\/140\/revisions"}],"predecessor-version":[{"id":143,"href":"https:\/\/www.medela-vital.de\/blog\/wp-json\/wp\/v2\/posts\/140\/revisions\/143"}],"wp:featuredmedia":[{"embeddable":true,"href":"https:\/\/www.medela-vital.de\/blog\/wp-json\/wp\/v2\/media\/141"}],"wp:attachment":[{"href":"https:\/\/www.medela-vital.de\/blog\/wp-json\/wp\/v2\/media?parent=140"}],"wp:term":[{"taxonomy":"category","embeddable":true,"href":"https:\/\/www.medela-vital.de\/blog\/wp-json\/wp\/v2\/categories?post=140"},{"taxonomy":"post_tag","embeddable":true,"href":"https:\/\/www.medela-vital.de\/blog\/wp-json\/wp\/v2\/tags?post=140"}],"curies":[{"name":"wp","href":"https:\/\/api.w.org\/{rel}","templated":true}]}}