{"id":112,"date":"2018-04-13T10:40:21","date_gmt":"2018-04-13T08:40:21","guid":{"rendered":"https:\/\/www.medela-vital.de\/blog\/?p=112"},"modified":"2021-03-07T17:15:53","modified_gmt":"2021-03-07T16:15:53","slug":"frisch-und-schlank-in-den-sommer-starten","status":"publish","type":"post","link":"https:\/\/www.medela-vital.de\/blog\/frisch-und-schlank-in-den-sommer-starten\/","title":{"rendered":"Frisch und schlank in den Sommer starten"},"content":{"rendered":"<div id=\"cc-m-9035877982\" class=\"j-module n j-text \">\n<p><img loading=\"lazy\" decoding=\"async\" class=\"alignnone size-medium wp-image-120 aligncenter\" src=\"https:\/\/www.medela-vital.de\/blog\/wp-content\/uploads\/2018\/04\/girl-429380_640-300x200.jpg\" alt=\"\" width=\"300\" height=\"200\" srcset=\"https:\/\/www.medela-vital.de\/blog\/wp-content\/uploads\/2018\/04\/girl-429380_640-300x200.jpg 300w, https:\/\/www.medela-vital.de\/blog\/wp-content\/uploads\/2018\/04\/girl-429380_640.jpg 640w\" sizes=\"auto, (max-width: 300px) 100vw, 300px\" \/><\/p>\n<p>&nbsp;<\/p>\n<p>Nach dem Winter hat man oftmals mehr Kilo auf den H\u00fcften als einem lieb ist. Das kann oft nicht nur ein kosmetisches Problem sein, sondern auch ein gesundheitliches Problem werden. Vor allem zuviel Bauchfett soll f\u00fcr viele Krankheiten verantwortlich sein.<\/p>\n<p><!--more--><\/p>\n<p>&nbsp;<\/p>\n<p><span style=\"color: inherit; font-family: inherit; font-size: 30px;\">Abnehmen mit Vitalpilzen<\/span><\/p>\n<\/div>\n<p>Das Abnehmen ist theoretisch recht einfach, denn wer weniger Kalorien zu sich nimmt, als er verbraucht, nimmt ab. Also besteht die L\u00f6sung gegen das \u00dcbergewicht darin, durch mehr Bewegung den Kalorienverbrauch zu erh\u00f6hen und gleichzeitig weniger zu essen. Doch auch ein gut funktionierender Stoffwechsel ist f\u00fcr eine rasche Fettverbrennung wichtig. Wichtig ist hierf\u00fcr auch\u00a0 die Trinkmenge von zwei bis drei Liter Wasser am Tag.\u00a0 Doch auch wenn der K\u00f6rper \u00fcbers\u00e4uert ist, wird man die \u00fcbersch\u00fcssigen Pfunde nur schwer los, weswegen eine basische Ern\u00e4hrung und gegebenenfalls eine Ents\u00e4uerung (z.B. mit unserer <a href=\"https:\/\/www.medela-vital.de\/bio-chlorella-algen-120-kapsel.html\">Chlorella Alge<\/a>) sehr zu empfehlen sind.<\/p>\n<div id=\"cc-m-9035928382\" class=\"j-module n j-spacing \"><\/div>\n<div>\n<div id=\"cc-m-9035878282\" class=\"j-module n j-header \">\n<h4><\/h4>\n<h4 id=\"cc-m-header-9035878282\"><span style=\"color: #008080;\"><strong>Den Stoffwechsel anregen<\/strong><\/span><\/h4>\n<p>Einen wertvollen Beitrag zur Aktivierung eines tr\u00e4gen Stoffwechsels k\u00f6nnen auch Vitalpilze leisten, indem sie die Entgiftungs- und Ausleitungsorgane unterst\u00fctzen.\u00a0 Als leberst\u00e4rkende Vitalpilze sind unter anderem der\u00a0<a style=\"background-color: #ffffff; font-size: 14px;\" title=\"Bio Maitake Kapseln\" href=\"https:\/\/www.medela-vital.de\/maitake\/\">Maitake\u00a0<\/a><span style=\"font-size: 14px;\">und der\u00a0<\/span><a style=\"background-color: #ffffff; font-size: 14px;\" title=\"Bio Reishi Ling\/Zhi Extrakt Kapseln\" href=\"https:\/\/www.medela-vital.de\/reishi\/\">Reishi<\/a><span style=\"font-size: 14px;\">\u00a0bekannt &#8211; sie f\u00f6rdern die gesunde Funktion dieses zentralen Organs des menschlichen Stoffwechsels.<\/span><\/p>\n<\/div>\n<div id=\"cc-m-9035407282\" class=\"j-module n j-text \">\n<p>Der\u00a0<a title=\"Bio Agaricus Kapseln\" href=\"https:\/\/www.medela-vital.de\/agaricus\/\">Agaricus blazei Murrill<\/a>\u00a0kann die Darmaktivit\u00e4t positiv unterst\u00fctzen. Au\u00dferdem hilft er durch seine antioxidative Wirkung freie Radikal im K\u00f6rper zu binden und auszuscheiden.<\/p>\n<p>Um die Nierent\u00e4tigkeit zu verbessern wird oft der\u00a0<a title=\"Bio Cordyceps militaris Kapseln\" href=\"https:\/\/www.medela-vital.de\/cordyceps-militaris\/\">Cordyceps\u00a0<\/a>empfohlen. Er nimmt deshalb eine wichtige Rolle bei der F\u00f6rderung der Entgiftung ein und hat zudem positive Effekte auf die allgemeine Widerstandskraft des Organismus.<\/p>\n<p>Auch hei\u00dft es, dass die ganzheitliche Wirkungsweise von Vitalpilzen sich positiv auf das psychische Befinden auswirken, was von wesentlicher Bedeutung ist, da anhaltender Stress zur Entstehung von \u00dcbergewicht beitragen kann.<\/p>\n<\/div>\n<div id=\"cc-m-9035878682\" class=\"j-module n j-header \">\n<h4><strong><span style=\"color: #008080;\">Den Darm unterst\u00fctzen<\/span><\/strong><\/h4>\n<\/div>\n<p>Der Darm ist eines der wichtigsten Organe im menschlichen K\u00f6rper, denn wenn hier ein Ungleichgewicht herrscht, wirkt sich das meist auf den gesamten K\u00f6rper und das allgemeine Wohlbefinden negativ aus. Daher kann eine chronische Darmtr\u00e4gheit nicht nur l\u00e4stig sein, sondern langfristig gesehen die Gesundheit beeintr\u00e4chtigen. Neben Bewegung und dem Verzehr von Ballaststoffen, k\u00f6nnen Vitalpilze dazu beitragen das Gleichgewicht in der Darmflora wieder herzustellen.<\/p>\n<p>Wenn es um die nat\u00fcrliche Behandlung von Darmproblemen geht, f\u00fchrt kein Weg an dem Vitalpilz\u00a0<a href=\"https:\/\/www.medela-vital.de\/hericium\/\">Hericium\u00a0<\/a>vorbei. Verschiedene klinische Studien belegen, dass die Wirkstoffe des\u00a0<a title=\"Bio Hericium Kapseln\" href=\"https:\/\/www.medela-vital.de\/hericium\/\">Hericium<\/a>\u00a0den Aufbau einer intakten Darmflora unterst\u00fctzen und auf diese Weise eine geregelte Verdauung dauerhaft sicherstellen. Dabei werden auch die Schleimh\u00e4ute, die den unteren Magen-Darm-Trakt auskleiden und f\u00fcr die optimale Verarbeitung des Nahrungsbreis zust\u00e4ndig sind, gekr\u00e4ftigt und gesch\u00fctzt. Zus\u00e4tzlich verbessert er die psychische Ausgeglichenheit, wodurch speziell das Reizdarmsyndrom erfolgreich bek\u00e4mpft werden kann. Daneben ist sicher eines der wichtigsten \u201cHeilmittel\u201d bei Reizdarmsyndrom ein geregelter Tagesablauf mit regelm\u00e4\u00dfigen Mahlzeiten, welche in Ruhe und ohne Hektik eingenommen werden.<\/p>\n<\/div>\n<p>&nbsp;<\/p>\n<h3 id=\"cc-m-header-9035887982\" class=\"\" style=\"text-align: center;\">Die empfohlenen Vitalpilze einkaufen<\/h3>\n<p>&nbsp;<\/p>\n<figure id=\"attachment_114\" aria-describedby=\"caption-attachment-114\" style=\"width: 300px\" class=\"wp-caption aligncenter\"><a href=\"https:\/\/www.medela-vital.de\/agaricus\/\" target=\"_blank\" rel=\"noopener noreferrer\"><img loading=\"lazy\" decoding=\"async\" class=\"wp-image-114 size-medium\" src=\"https:\/\/www.medela-vital.de\/blog\/wp-content\/uploads\/2018\/04\/Agaricus-2-Multinova-300x200.jpg\" alt=\"Bio Agaricus\" width=\"300\" height=\"200\" srcset=\"https:\/\/www.medela-vital.de\/blog\/wp-content\/uploads\/2018\/04\/Agaricus-2-Multinova-300x200.jpg 300w, https:\/\/www.medela-vital.de\/blog\/wp-content\/uploads\/2018\/04\/Agaricus-2-Multinova-768x512.jpg 768w, https:\/\/www.medela-vital.de\/blog\/wp-content\/uploads\/2018\/04\/Agaricus-2-Multinova-1024x683.jpg 1024w\" sizes=\"auto, (max-width: 300px) 100vw, 300px\" \/><\/a><figcaption id=\"caption-attachment-114\" class=\"wp-caption-text\">Bio Agaricus<\/figcaption><\/figure>\n<figure id=\"attachment_116\" aria-describedby=\"caption-attachment-116\" style=\"width: 300px\" class=\"wp-caption aligncenter\"><a style=\"background-color: #ffffff;\" href=\"https:\/\/www.medela-vital.de\/cordyceps-militaris\/\" target=\"_blank\" rel=\"noopener noreferrer\"><img loading=\"lazy\" decoding=\"async\" class=\"wp-image-116 size-medium\" src=\"https:\/\/www.medela-vital.de\/blog\/wp-content\/uploads\/2018\/04\/Cordyceps-militaris-300x210.jpg\" alt=\"Bio Cordyceps militaris\" width=\"300\" height=\"210\" srcset=\"https:\/\/www.medela-vital.de\/blog\/wp-content\/uploads\/2018\/04\/Cordyceps-militaris-300x210.jpg 300w, https:\/\/www.medela-vital.de\/blog\/wp-content\/uploads\/2018\/04\/Cordyceps-militaris-768x537.jpg 768w, https:\/\/www.medela-vital.de\/blog\/wp-content\/uploads\/2018\/04\/Cordyceps-militaris-1024x716.jpg 1024w\" sizes=\"auto, (max-width: 300px) 100vw, 300px\" \/><\/a><figcaption id=\"caption-attachment-116\" class=\"wp-caption-text\">Bio Cordyceps militaris<\/figcaption><\/figure>\n<figure id=\"attachment_115\" aria-describedby=\"caption-attachment-115\" style=\"width: 300px\" class=\"wp-caption aligncenter\"><a style=\"background-color: #ffffff;\" href=\"https:\/\/www.medela-vital.de\/hericium\/\" target=\"_blank\" rel=\"noopener noreferrer\"><img loading=\"lazy\" decoding=\"async\" class=\"wp-image-115 size-medium\" src=\"https:\/\/www.medela-vital.de\/blog\/wp-content\/uploads\/2018\/04\/Hericium-300x207.jpg\" alt=\"Bio Hericium\" width=\"300\" height=\"207\" srcset=\"https:\/\/www.medela-vital.de\/blog\/wp-content\/uploads\/2018\/04\/Hericium-300x207.jpg 300w, https:\/\/www.medela-vital.de\/blog\/wp-content\/uploads\/2018\/04\/Hericium-768x530.jpg 768w, https:\/\/www.medela-vital.de\/blog\/wp-content\/uploads\/2018\/04\/Hericium-1024x707.jpg 1024w\" sizes=\"auto, (max-width: 300px) 100vw, 300px\" \/><\/a><figcaption id=\"caption-attachment-115\" class=\"wp-caption-text\">Bio Hericium<\/figcaption><\/figure>\n<figure id=\"attachment_117\" aria-describedby=\"caption-attachment-117\" style=\"width: 300px\" class=\"wp-caption aligncenter\"><a href=\"https:\/\/www.medela-vital.de\/maitake\/\" target=\"_blank\" rel=\"noopener noreferrer\"><img loading=\"lazy\" decoding=\"async\" class=\"wp-image-117 size-medium\" src=\"https:\/\/www.medela-vital.de\/blog\/wp-content\/uploads\/2018\/04\/Maitake-Multinova-300x200.jpg\" alt=\"Bio Maitake\" width=\"300\" height=\"200\" srcset=\"https:\/\/www.medela-vital.de\/blog\/wp-content\/uploads\/2018\/04\/Maitake-Multinova-300x200.jpg 300w, https:\/\/www.medela-vital.de\/blog\/wp-content\/uploads\/2018\/04\/Maitake-Multinova-768x512.jpg 768w, https:\/\/www.medela-vital.de\/blog\/wp-content\/uploads\/2018\/04\/Maitake-Multinova-1024x683.jpg 1024w\" sizes=\"auto, (max-width: 300px) 100vw, 300px\" \/><\/a><figcaption id=\"caption-attachment-117\" class=\"wp-caption-text\">Bio Maitake<\/figcaption><\/figure>\n<figure id=\"attachment_118\" aria-describedby=\"caption-attachment-118\" style=\"width: 300px\" class=\"wp-caption aligncenter\"><a style=\"background-color: #ffffff;\" href=\"https:\/\/www.medela-vital.de\/reishi\/\" target=\"_blank\" rel=\"noopener noreferrer\"><img loading=\"lazy\" decoding=\"async\" class=\"wp-image-118 size-medium\" src=\"https:\/\/www.medela-vital.de\/blog\/wp-content\/uploads\/2018\/04\/Multinova-063-Kopie-300x200.jpg\" alt=\"Bio Reishi Ling Zhi\" width=\"300\" height=\"200\" srcset=\"https:\/\/www.medela-vital.de\/blog\/wp-content\/uploads\/2018\/04\/Multinova-063-Kopie-300x200.jpg 300w, https:\/\/www.medela-vital.de\/blog\/wp-content\/uploads\/2018\/04\/Multinova-063-Kopie-768x512.jpg 768w, https:\/\/www.medela-vital.de\/blog\/wp-content\/uploads\/2018\/04\/Multinova-063-Kopie-1024x683.jpg 1024w\" sizes=\"auto, (max-width: 300px) 100vw, 300px\" \/><\/a><figcaption id=\"caption-attachment-118\" class=\"wp-caption-text\">Bio Reishi<\/figcaption><\/figure>\n<div style=\"padding-left: 210px;\"><strong>\u00a0<\/strong><\/div>\n","protected":false},"excerpt":{"rendered":"<p>&nbsp; Nach dem Winter hat man oftmals mehr Kilo auf den H\u00fcften als einem lieb ist. Das kann oft nicht nur ein kosmetisches Problem sein, sondern auch ein gesundheitliches Problem werden. Vor allem zuviel Bauchfett soll f\u00fcr viele Krankheiten verantwortlich sein.<\/p>\n","protected":false},"author":2,"featured_media":120,"comment_status":"closed","ping_status":"open","sticky":false,"template":"","format":"standard","meta":{"footnotes":""},"categories":[1],"tags":[5],"class_list":["post-112","post","type-post","status-publish","format-standard","has-post-thumbnail","hentry","category-allgemein","tag-abnehmen"],"yoast_head":"<!-- This site is optimized with the Yoast SEO plugin v27.4 - https:\/\/yoast.com\/product\/yoast-seo-wordpress\/ -->\n<title>Sommer Vitalpilze Ents\u00e4uerung Abnehmen- Frisch in den Sommer starten<\/title>\n<meta name=\"description\" content=\"Abnehmen mit Vitalpilzen von Medela Vital durch Ents\u00e4uerung und Entschlackung. beginnen Sie die Darmsanierung um gesund in den Sommer zu starten\" \/>\n<meta name=\"robots\" content=\"index, follow, max-snippet:-1, max-image-preview:large, max-video-preview:-1\" \/>\n<link rel=\"canonical\" href=\"https:\/\/www.medela-vital.de\/blog\/frisch-und-schlank-in-den-sommer-starten\/\" \/>\n<meta property=\"og:locale\" content=\"de_DE\" \/>\n<meta property=\"og:type\" content=\"article\" \/>\n<meta property=\"og:title\" content=\"Sommer Vitalpilze Ents\u00e4uerung Abnehmen- Frisch in den Sommer starten\" \/>\n<meta property=\"og:description\" content=\"Abnehmen mit Vitalpilzen von Medela Vital durch Ents\u00e4uerung und Entschlackung. beginnen Sie die Darmsanierung um gesund in den Sommer zu starten\" \/>\n<meta property=\"og:url\" content=\"https:\/\/www.medela-vital.de\/blog\/frisch-und-schlank-in-den-sommer-starten\/\" \/>\n<meta property=\"og:site_name\" content=\"medela-vital\" \/>\n<meta property=\"article:publisher\" content=\"https:\/\/de-de.facebook.com\/medelavital\/\" \/>\n<meta property=\"article:published_time\" content=\"2018-04-13T08:40:21+00:00\" \/>\n<meta property=\"article:modified_time\" content=\"2021-03-07T16:15:53+00:00\" \/>\n<meta property=\"og:image\" content=\"https:\/\/www.medela-vital.de\/blog\/wp-content\/uploads\/2018\/04\/girl-429380_640.jpg\" \/>\n\t<meta property=\"og:image:width\" content=\"640\" \/>\n\t<meta property=\"og:image:height\" content=\"426\" \/>\n\t<meta property=\"og:image:type\" content=\"image\/jpeg\" \/>\n<meta name=\"author\" content=\"Nadine Geier\" \/>\n<meta name=\"twitter:card\" content=\"summary_large_image\" \/>\n<meta name=\"twitter:label1\" content=\"Verfasst von\" \/>\n\t<meta name=\"twitter:data1\" content=\"Nadine Geier\" \/>\n\t<meta name=\"twitter:label2\" content=\"Gesch\u00e4tzte Lesezeit\" \/>\n\t<meta name=\"twitter:data2\" content=\"3\u00a0Minuten\" \/>\n<script type=\"application\/ld+json\" class=\"yoast-schema-graph\">{\"@context\":\"https:\\\/\\\/schema.org\",\"@graph\":[{\"@type\":\"Article\",\"@id\":\"https:\\\/\\\/www.medela-vital.de\\\/blog\\\/frisch-und-schlank-in-den-sommer-starten\\\/#article\",\"isPartOf\":{\"@id\":\"https:\\\/\\\/www.medela-vital.de\\\/blog\\\/frisch-und-schlank-in-den-sommer-starten\\\/\"},\"author\":{\"name\":\"Nadine Geier\",\"@id\":\"https:\\\/\\\/www.medela-vital.de\\\/blog\\\/#\\\/schema\\\/person\\\/16abb051cea55a07709767e8a0117e9d\"},\"headline\":\"Frisch und schlank in den Sommer starten\",\"datePublished\":\"2018-04-13T08:40:21+00:00\",\"dateModified\":\"2021-03-07T16:15:53+00:00\",\"mainEntityOfPage\":{\"@id\":\"https:\\\/\\\/www.medela-vital.de\\\/blog\\\/frisch-und-schlank-in-den-sommer-starten\\\/\"},\"wordCount\":541,\"publisher\":{\"@id\":\"https:\\\/\\\/www.medela-vital.de\\\/blog\\\/#organization\"},\"image\":{\"@id\":\"https:\\\/\\\/www.medela-vital.de\\\/blog\\\/frisch-und-schlank-in-den-sommer-starten\\\/#primaryimage\"},\"thumbnailUrl\":\"https:\\\/\\\/www.medela-vital.de\\\/blog\\\/wp-content\\\/uploads\\\/2018\\\/04\\\/girl-429380_640.jpg\",\"keywords\":[\"Abnehmen\"],\"inLanguage\":\"de\"},{\"@type\":\"WebPage\",\"@id\":\"https:\\\/\\\/www.medela-vital.de\\\/blog\\\/frisch-und-schlank-in-den-sommer-starten\\\/\",\"url\":\"https:\\\/\\\/www.medela-vital.de\\\/blog\\\/frisch-und-schlank-in-den-sommer-starten\\\/\",\"name\":\"Sommer Vitalpilze Ents\u00e4uerung Abnehmen- Frisch in den Sommer starten\",\"isPartOf\":{\"@id\":\"https:\\\/\\\/www.medela-vital.de\\\/blog\\\/#website\"},\"primaryImageOfPage\":{\"@id\":\"https:\\\/\\\/www.medela-vital.de\\\/blog\\\/frisch-und-schlank-in-den-sommer-starten\\\/#primaryimage\"},\"image\":{\"@id\":\"https:\\\/\\\/www.medela-vital.de\\\/blog\\\/frisch-und-schlank-in-den-sommer-starten\\\/#primaryimage\"},\"thumbnailUrl\":\"https:\\\/\\\/www.medela-vital.de\\\/blog\\\/wp-content\\\/uploads\\\/2018\\\/04\\\/girl-429380_640.jpg\",\"datePublished\":\"2018-04-13T08:40:21+00:00\",\"dateModified\":\"2021-03-07T16:15:53+00:00\",\"description\":\"Abnehmen mit Vitalpilzen von Medela Vital durch Ents\u00e4uerung und Entschlackung. beginnen Sie die Darmsanierung um gesund in den Sommer zu starten\",\"breadcrumb\":{\"@id\":\"https:\\\/\\\/www.medela-vital.de\\\/blog\\\/frisch-und-schlank-in-den-sommer-starten\\\/#breadcrumb\"},\"inLanguage\":\"de\",\"potentialAction\":[{\"@type\":\"ReadAction\",\"target\":[\"https:\\\/\\\/www.medela-vital.de\\\/blog\\\/frisch-und-schlank-in-den-sommer-starten\\\/\"]}]},{\"@type\":\"ImageObject\",\"inLanguage\":\"de\",\"@id\":\"https:\\\/\\\/www.medela-vital.de\\\/blog\\\/frisch-und-schlank-in-den-sommer-starten\\\/#primaryimage\",\"url\":\"https:\\\/\\\/www.medela-vital.de\\\/blog\\\/wp-content\\\/uploads\\\/2018\\\/04\\\/girl-429380_640.jpg\",\"contentUrl\":\"https:\\\/\\\/www.medela-vital.de\\\/blog\\\/wp-content\\\/uploads\\\/2018\\\/04\\\/girl-429380_640.jpg\",\"width\":640,\"height\":426},{\"@type\":\"BreadcrumbList\",\"@id\":\"https:\\\/\\\/www.medela-vital.de\\\/blog\\\/frisch-und-schlank-in-den-sommer-starten\\\/#breadcrumb\",\"itemListElement\":[{\"@type\":\"ListItem\",\"position\":1,\"name\":\"Startseite\",\"item\":\"https:\\\/\\\/www.medela-vital.de\\\/blog\\\/\"},{\"@type\":\"ListItem\",\"position\":2,\"name\":\"Frisch und schlank in den Sommer starten\"}]},{\"@type\":\"WebSite\",\"@id\":\"https:\\\/\\\/www.medela-vital.de\\\/blog\\\/#website\",\"url\":\"https:\\\/\\\/www.medela-vital.de\\\/blog\\\/\",\"name\":\"medela-vital\",\"description\":\"Unser neuer Vitalpilze-Blog\",\"publisher\":{\"@id\":\"https:\\\/\\\/www.medela-vital.de\\\/blog\\\/#organization\"},\"potentialAction\":[{\"@type\":\"SearchAction\",\"target\":{\"@type\":\"EntryPoint\",\"urlTemplate\":\"https:\\\/\\\/www.medela-vital.de\\\/blog\\\/?s={search_term_string}\"},\"query-input\":{\"@type\":\"PropertyValueSpecification\",\"valueRequired\":true,\"valueName\":\"search_term_string\"}}],\"inLanguage\":\"de\"},{\"@type\":\"Organization\",\"@id\":\"https:\\\/\\\/www.medela-vital.de\\\/blog\\\/#organization\",\"name\":\"Medela-vital\",\"url\":\"https:\\\/\\\/www.medela-vital.de\\\/blog\\\/\",\"logo\":{\"@type\":\"ImageObject\",\"inLanguage\":\"de\",\"@id\":\"https:\\\/\\\/www.medela-vital.de\\\/blog\\\/#\\\/schema\\\/logo\\\/image\\\/\",\"url\":\"https:\\\/\\\/www.medela-vital.de\\\/blog\\\/wp-content\\\/uploads\\\/2017\\\/12\\\/logo-medela-vital_logo.png\",\"contentUrl\":\"https:\\\/\\\/www.medela-vital.de\\\/blog\\\/wp-content\\\/uploads\\\/2017\\\/12\\\/logo-medela-vital_logo.png\",\"width\":739,\"height\":273,\"caption\":\"Medela-vital\"},\"image\":{\"@id\":\"https:\\\/\\\/www.medela-vital.de\\\/blog\\\/#\\\/schema\\\/logo\\\/image\\\/\"},\"sameAs\":[\"https:\\\/\\\/de-de.facebook.com\\\/medelavital\\\/\"]},{\"@type\":\"Person\",\"@id\":\"https:\\\/\\\/www.medela-vital.de\\\/blog\\\/#\\\/schema\\\/person\\\/16abb051cea55a07709767e8a0117e9d\",\"name\":\"Nadine Geier\",\"image\":{\"@type\":\"ImageObject\",\"inLanguage\":\"de\",\"@id\":\"https:\\\/\\\/secure.gravatar.com\\\/avatar\\\/92f1221f9fe110245bd315644e646de046d9246fade9f84be1b709ca4aacf355?s=96&d=mm&r=g\",\"url\":\"https:\\\/\\\/secure.gravatar.com\\\/avatar\\\/92f1221f9fe110245bd315644e646de046d9246fade9f84be1b709ca4aacf355?s=96&d=mm&r=g\",\"contentUrl\":\"https:\\\/\\\/secure.gravatar.com\\\/avatar\\\/92f1221f9fe110245bd315644e646de046d9246fade9f84be1b709ca4aacf355?s=96&d=mm&r=g\",\"caption\":\"Nadine Geier\"},\"sameAs\":[\"http:\\\/\\\/www.medela-vital.de\"]}]}<\/script>\n<!-- \/ Yoast SEO plugin. -->","yoast_head_json":{"title":"Sommer Vitalpilze Ents\u00e4uerung Abnehmen- Frisch in den Sommer starten","description":"Abnehmen mit Vitalpilzen von Medela Vital durch Ents\u00e4uerung und Entschlackung. beginnen Sie die Darmsanierung um gesund in den Sommer zu starten","robots":{"index":"index","follow":"follow","max-snippet":"max-snippet:-1","max-image-preview":"max-image-preview:large","max-video-preview":"max-video-preview:-1"},"canonical":"https:\/\/www.medela-vital.de\/blog\/frisch-und-schlank-in-den-sommer-starten\/","og_locale":"de_DE","og_type":"article","og_title":"Sommer Vitalpilze Ents\u00e4uerung Abnehmen- Frisch in den Sommer starten","og_description":"Abnehmen mit Vitalpilzen von Medela Vital durch Ents\u00e4uerung und Entschlackung. beginnen Sie die Darmsanierung um gesund in den Sommer zu starten","og_url":"https:\/\/www.medela-vital.de\/blog\/frisch-und-schlank-in-den-sommer-starten\/","og_site_name":"medela-vital","article_publisher":"https:\/\/de-de.facebook.com\/medelavital\/","article_published_time":"2018-04-13T08:40:21+00:00","article_modified_time":"2021-03-07T16:15:53+00:00","og_image":[{"width":640,"height":426,"url":"https:\/\/www.medela-vital.de\/blog\/wp-content\/uploads\/2018\/04\/girl-429380_640.jpg","type":"image\/jpeg"}],"author":"Nadine Geier","twitter_card":"summary_large_image","twitter_misc":{"Verfasst von":"Nadine Geier","Gesch\u00e4tzte Lesezeit":"3\u00a0Minuten"},"schema":{"@context":"https:\/\/schema.org","@graph":[{"@type":"Article","@id":"https:\/\/www.medela-vital.de\/blog\/frisch-und-schlank-in-den-sommer-starten\/#article","isPartOf":{"@id":"https:\/\/www.medela-vital.de\/blog\/frisch-und-schlank-in-den-sommer-starten\/"},"author":{"name":"Nadine Geier","@id":"https:\/\/www.medela-vital.de\/blog\/#\/schema\/person\/16abb051cea55a07709767e8a0117e9d"},"headline":"Frisch und schlank in den Sommer starten","datePublished":"2018-04-13T08:40:21+00:00","dateModified":"2021-03-07T16:15:53+00:00","mainEntityOfPage":{"@id":"https:\/\/www.medela-vital.de\/blog\/frisch-und-schlank-in-den-sommer-starten\/"},"wordCount":541,"publisher":{"@id":"https:\/\/www.medela-vital.de\/blog\/#organization"},"image":{"@id":"https:\/\/www.medela-vital.de\/blog\/frisch-und-schlank-in-den-sommer-starten\/#primaryimage"},"thumbnailUrl":"https:\/\/www.medela-vital.de\/blog\/wp-content\/uploads\/2018\/04\/girl-429380_640.jpg","keywords":["Abnehmen"],"inLanguage":"de"},{"@type":"WebPage","@id":"https:\/\/www.medela-vital.de\/blog\/frisch-und-schlank-in-den-sommer-starten\/","url":"https:\/\/www.medela-vital.de\/blog\/frisch-und-schlank-in-den-sommer-starten\/","name":"Sommer Vitalpilze Ents\u00e4uerung Abnehmen- Frisch in den Sommer starten","isPartOf":{"@id":"https:\/\/www.medela-vital.de\/blog\/#website"},"primaryImageOfPage":{"@id":"https:\/\/www.medela-vital.de\/blog\/frisch-und-schlank-in-den-sommer-starten\/#primaryimage"},"image":{"@id":"https:\/\/www.medela-vital.de\/blog\/frisch-und-schlank-in-den-sommer-starten\/#primaryimage"},"thumbnailUrl":"https:\/\/www.medela-vital.de\/blog\/wp-content\/uploads\/2018\/04\/girl-429380_640.jpg","datePublished":"2018-04-13T08:40:21+00:00","dateModified":"2021-03-07T16:15:53+00:00","description":"Abnehmen mit Vitalpilzen von Medela Vital durch Ents\u00e4uerung und Entschlackung. beginnen Sie die Darmsanierung um gesund in den Sommer zu starten","breadcrumb":{"@id":"https:\/\/www.medela-vital.de\/blog\/frisch-und-schlank-in-den-sommer-starten\/#breadcrumb"},"inLanguage":"de","potentialAction":[{"@type":"ReadAction","target":["https:\/\/www.medela-vital.de\/blog\/frisch-und-schlank-in-den-sommer-starten\/"]}]},{"@type":"ImageObject","inLanguage":"de","@id":"https:\/\/www.medela-vital.de\/blog\/frisch-und-schlank-in-den-sommer-starten\/#primaryimage","url":"https:\/\/www.medela-vital.de\/blog\/wp-content\/uploads\/2018\/04\/girl-429380_640.jpg","contentUrl":"https:\/\/www.medela-vital.de\/blog\/wp-content\/uploads\/2018\/04\/girl-429380_640.jpg","width":640,"height":426},{"@type":"BreadcrumbList","@id":"https:\/\/www.medela-vital.de\/blog\/frisch-und-schlank-in-den-sommer-starten\/#breadcrumb","itemListElement":[{"@type":"ListItem","position":1,"name":"Startseite","item":"https:\/\/www.medela-vital.de\/blog\/"},{"@type":"ListItem","position":2,"name":"Frisch und schlank in den Sommer starten"}]},{"@type":"WebSite","@id":"https:\/\/www.medela-vital.de\/blog\/#website","url":"https:\/\/www.medela-vital.de\/blog\/","name":"medela-vital","description":"Unser neuer Vitalpilze-Blog","publisher":{"@id":"https:\/\/www.medela-vital.de\/blog\/#organization"},"potentialAction":[{"@type":"SearchAction","target":{"@type":"EntryPoint","urlTemplate":"https:\/\/www.medela-vital.de\/blog\/?s={search_term_string}"},"query-input":{"@type":"PropertyValueSpecification","valueRequired":true,"valueName":"search_term_string"}}],"inLanguage":"de"},{"@type":"Organization","@id":"https:\/\/www.medela-vital.de\/blog\/#organization","name":"Medela-vital","url":"https:\/\/www.medela-vital.de\/blog\/","logo":{"@type":"ImageObject","inLanguage":"de","@id":"https:\/\/www.medela-vital.de\/blog\/#\/schema\/logo\/image\/","url":"https:\/\/www.medela-vital.de\/blog\/wp-content\/uploads\/2017\/12\/logo-medela-vital_logo.png","contentUrl":"https:\/\/www.medela-vital.de\/blog\/wp-content\/uploads\/2017\/12\/logo-medela-vital_logo.png","width":739,"height":273,"caption":"Medela-vital"},"image":{"@id":"https:\/\/www.medela-vital.de\/blog\/#\/schema\/logo\/image\/"},"sameAs":["https:\/\/de-de.facebook.com\/medelavital\/"]},{"@type":"Person","@id":"https:\/\/www.medela-vital.de\/blog\/#\/schema\/person\/16abb051cea55a07709767e8a0117e9d","name":"Nadine Geier","image":{"@type":"ImageObject","inLanguage":"de","@id":"https:\/\/secure.gravatar.com\/avatar\/92f1221f9fe110245bd315644e646de046d9246fade9f84be1b709ca4aacf355?s=96&d=mm&r=g","url":"https:\/\/secure.gravatar.com\/avatar\/92f1221f9fe110245bd315644e646de046d9246fade9f84be1b709ca4aacf355?s=96&d=mm&r=g","contentUrl":"https:\/\/secure.gravatar.com\/avatar\/92f1221f9fe110245bd315644e646de046d9246fade9f84be1b709ca4aacf355?s=96&d=mm&r=g","caption":"Nadine Geier"},"sameAs":["http:\/\/www.medela-vital.de"]}]}},"_links":{"self":[{"href":"https:\/\/www.medela-vital.de\/blog\/wp-json\/wp\/v2\/posts\/112","targetHints":{"allow":["GET"]}}],"collection":[{"href":"https:\/\/www.medela-vital.de\/blog\/wp-json\/wp\/v2\/posts"}],"about":[{"href":"https:\/\/www.medela-vital.de\/blog\/wp-json\/wp\/v2\/types\/post"}],"author":[{"embeddable":true,"href":"https:\/\/www.medela-vital.de\/blog\/wp-json\/wp\/v2\/users\/2"}],"replies":[{"embeddable":true,"href":"https:\/\/www.medela-vital.de\/blog\/wp-json\/wp\/v2\/comments?post=112"}],"version-history":[{"count":17,"href":"https:\/\/www.medela-vital.de\/blog\/wp-json\/wp\/v2\/posts\/112\/revisions"}],"predecessor-version":[{"id":328,"href":"https:\/\/www.medela-vital.de\/blog\/wp-json\/wp\/v2\/posts\/112\/revisions\/328"}],"wp:featuredmedia":[{"embeddable":true,"href":"https:\/\/www.medela-vital.de\/blog\/wp-json\/wp\/v2\/media\/120"}],"wp:attachment":[{"href":"https:\/\/www.medela-vital.de\/blog\/wp-json\/wp\/v2\/media?parent=112"}],"wp:term":[{"taxonomy":"category","embeddable":true,"href":"https:\/\/www.medela-vital.de\/blog\/wp-json\/wp\/v2\/categories?post=112"},{"taxonomy":"post_tag","embeddable":true,"href":"https:\/\/www.medela-vital.de\/blog\/wp-json\/wp\/v2\/tags?post=112"}],"curies":[{"name":"wp","href":"https:\/\/api.w.org\/{rel}","templated":true}]}}